{"id":105321,"date":"2025-12-05T19:58:10","date_gmt":"2025-12-05T19:58:10","guid":{"rendered":"https:\/\/www.europesays.com\/no\/105321\/"},"modified":"2025-12-05T19:58:10","modified_gmt":"2025-12-05T19:58:10","slug":"ma-melde-barna-pa-julegudstjeneste-kulturlost","status":"publish","type":"post","link":"https:\/\/www.europesays.com\/no\/105321\/","title":{"rendered":"M\u00e5 melde barna p\u00e5 julegudstjeneste: \u2013 Kulturl\u00f8st"},"content":{"rendered":"\n<p class=\"_lead_o9xde_2 _lead_xtcu6_50 layout-component text-serif-m layout-normal text-serif-l layout-component layout-wide layout-padded _wide_17hqh_1 layout-padded\">\u2013 Etter min mening er ikke dette utvikling, dette er faktisk avvikling, sier trebarnsmoren.<\/p>\n<p><img alt=\"Her er p\u00e5meldingsskjemaet som Jannicke Almenning m\u00e5tte signere for barneskolen. Foto: Privat\" class=\"_image_qp4xg_65 layout-component layout-wide\" data-fullscreen- data-track-element-type=\"Article image fullscreen\" data-track-name=\"ImageFullscreen\" fetchpriority=\"high\" decoding=\"sync\" loading=\"eager\" height=\"1668\" itemprop=\"image\"  src=\"https:\/\/www.europesays.com\/no\/wp-content\/uploads\/2025\/12\/e4ae08b2-4632-4576-86f6-4da8eb05b604\"  style=\"object-position:0% 0%\" width=\"2500\"\/>Her er p\u00e5meldingsskjemaet som Jannicke Almenning m\u00e5tte signere for barneskolen. Foto: Privat<\/p>\n<ul aria-hidden=\"true\" class=\"_images_ntbth_112\">\n<li><a class=\"_link_ntbth_117\" href=\"https:\/\/www.vg.no\/forfatter\/emma-fondenes-oevreboe\" style=\"z-index:1\" title=\"Emma Fondenes \u00d8vreb\u00f8\" rel=\"nofollow noopener\" target=\"_blank\"><img alt=\"Bilde av Emma Fondenes \u00d8vreb\u00f8\" class=\"_image_ntbth_93\" fetchpriority=\"low\" loading=\"lazy\" decoding=\"async\" itemprop=\"image\"  src=\"https:\/\/www.europesays.com\/no\/wp-content\/uploads\/2025\/12\/1764964688_695_a3715f19-7e77-4fbf-b20f-7d6f5cb479de\"  width=\"480\"\/><\/a><\/li>\n<\/ul>\n<p> Oppdatert fredag 5. desember kl. 19:15    <\/p>\n<ul class=\"_list_o9xde_3 _list_64s2r_85 _unordered_o9xde_106 text-sans-m\">\n<li class=\"_item_o9xde_30\">Jannicke Almenning reagerer p\u00e5 krav om skriftlig tillatelse for julegudstjeneste. <\/li>\n<li class=\"_item_o9xde_30\">Hun mener det undergraver Norges kristne kulturarv og tradisjoner.<\/li>\n<li class=\"_item_o9xde_30\">Human-Etisk Forbund \u00f8nsker aktiv p\u00e5melding til gudstjenester.<\/li>\n<\/ul>\n<p>Vis mer <\/p>\n<p class=\"_paragraph_o9xde_4 _paragraph_xtcu6_10 layout-component text-serif-m layout-normal text-serif-m layout-padded\">Mange norske skoler har tradisjon for \u00e5 ta elevene med p\u00e5 gudstjeneste n\u00e5r det n\u00e6rmer seg jul.<\/p>\n<p class=\"_paragraph_o9xde_4 _paragraph_xtcu6_10 layout-component text-serif-m layout-normal text-serif-m layout-padded\">Jannicke Almenning reagerer p\u00e5 at hun i \u00e5r m\u00e5tte skriftlig godkjenne at barna hennes skulle f\u00e5 delta p\u00e5 julegudstjeneste i Nordre Follo.<\/p>\n<p><img decoding=\"async\" alt=\"Bilde av Jannicke Almenning\" class=\"_image_ygndg_42\" height=\"40\" itemprop=\"image\" loading=\"lazy\"  src=\"https:\/\/www.europesays.com\/no\/wp-content\/uploads\/2025\/12\/1b26610c-bc96-48a7-9802-e8596b2e8602\"  width=\"40\"\/><strong class=\"_name_ygndg_51 title-serif-xs\">Jannicke Almenning<\/strong><\/p>\n<p class=\"_paragraph_o9xde_4 _paragraph_xtcu6_10 layout-component text-serif-m layout-normal text-serif-m layout-padded\">\u2013 Jeg synes det er oppsiktsvekkende at dette skjer i et land som har bygd hele kulturen sin p\u00e5 kristne tradisjoner.<\/p>\n<p class=\"_paragraph_o9xde_4 _paragraph_xtcu6_10 layout-component text-serif-m layout-normal text-serif-m layout-padded\">\u2013 Etter min mening er ikke dette utvikling, dette er faktisk avvikling, sier Almenning i en video p\u00e5 TikTok, som har f\u00e5tt over 100.000 visninger. <\/p>\n<p class=\"_paragraph_o9xde_4 _paragraph_xtcu6_10 layout-component text-serif-m layout-normal text-serif-m layout-padded\">Trebarnsmoren synes at julegudstjenesten ikke handler om tvang, men om tradisjon, kultur, historie og fellesskap. <\/p>\n<p class=\"_paragraph_o9xde_4 _paragraph_xtcu6_10 layout-component text-serif-m layout-normal text-serif-m layout-padded\">\u2013 Barn trenger r\u00f8tter, historie og tradisjoner, og Norge trenger \u00e5 st\u00e5 for hvem vi er. Vi m\u00e5 slutte \u00e5 late som at vi ikke har en kristen kulturarv, ved \u00e5 fjerne, svekke eller byr\u00e5kratisere for eksempel julegudstjenesten, for dette her gj\u00f8r ikke Norge mer inkluderende.<\/p>\n<p class=\"_paragraph_o9xde_4 _paragraph_xtcu6_10 layout-component text-serif-m layout-normal text-serif-m layout-padded\">\u2013 Det her gj\u00f8r bare Norge enda mer kulturl\u00f8st.<\/p>\n<p> Lys og sang<\/p>\n<p class=\"_paragraph_o9xde_4 _paragraph_xtcu6_10 layout-component text-serif-m layout-normal text-serif-m layout-padded\">Til VG forteller Almenning at det heller burde v\u00e6rt en omvendt ordning der foresatte heller melder fra hvis de ikke \u00f8nsker at barna skal delta.<\/p>\n<p class=\"_paragraph_o9xde_4 _paragraph_xtcu6_10 layout-component text-serif-m layout-normal text-serif-m layout-padded\">\u2013 Det er ikke forkynnelseforkynnelseForkynnelse er det \u00e5 formidle, fortelle eller overbevise om et religi\u00f8st budskap. under gudstjenesten, de tenner lys, spiser pepperkaker og synger.<\/p>\n<p class=\"_paragraph_o9xde_4 _paragraph_xtcu6_10 layout-component text-serif-m layout-normal text-serif-m layout-padded\">\u2013 Hva med dem som har en annen tro? Er det ikke en mer rettferdig l\u00f8sning?<\/p>\n<p class=\"_paragraph_o9xde_4 _paragraph_xtcu6_10 layout-component text-serif-m layout-normal text-serif-m layout-padded\">\u2013 Mitt budskap er at hvis du skal bo i Norge, s\u00e5 burde du v\u00e6re nysgjerrig p\u00e5 norsk kultur. Utgangspunktet burde v\u00e6re at man skal delta p\u00e5 julegudstjenesten. Hvorfor skal vi ikke ta det som en selvf\u00f8lge? <\/p>\n<p><img alt=\"Her er p\u00e5meldingsskjemaet som Jannicke Almenning m\u00e5tte signere for barnehagen.   Foto: Privat\" class=\"_image_qp4xg_65 layout-component layout-normal\" data-fullscreen- data-track-element-type=\"Article image fullscreen\" data-track-name=\"ImageFullscreen\" decoding=\"async\" loading=\"lazy\" height=\"92\" itemprop=\"image\"  src=\"https:\/\/www.europesays.com\/no\/wp-content\/uploads\/2025\/12\/28df1072-4ca1-4a62-bfb3-218ac1084be6\"  style=\"object-position:0% 0%\" width=\"684\"\/>Her er p\u00e5meldingsskjemaet som Jannicke Almenning m\u00e5tte signere for barnehagen.   Foto: Privat<\/p>\n<p class=\"_paragraph_o9xde_4 _paragraph_xtcu6_10 layout-component text-serif-m layout-normal text-serif-m layout-padded\"><a href=\"https:\/\/www.vg.no\/tag\/human-etisk-forbund?utm_source=vg-article&amp;utm_medium=auto-tagger&amp;utm_campaign=43d789\" class=\"_link_o9xde_39\" rel=\"nofollow noopener\" target=\"_blank\">Human-Etisk Forbund<\/a> er uenig. De \u00f8nsker at alle skoler og barnehager b\u00f8r innf\u00f8re aktiv p\u00e5melding til julegudstjenester.<\/p>\n<p class=\"_paragraph_o9xde_4 _paragraph_xtcu6_10 layout-component text-serif-m layout-normal text-serif-m layout-padded\">\u2013 Vi mener det er den ryddigste ordningen. De som \u00f8nsker fritak, m\u00e5 si ifra uansett. S\u00e5 da kan gjerne alle gj\u00f8re det i stedet for bare \u00e9n gruppe, sier avdelingsleder for politikk i Human-Etisk Forbund, Lars-Petter Helgestad, til VG.<\/p>\n<p class=\"_paragraph_o9xde_4 _paragraph_xtcu6_10 layout-component text-serif-m layout-normal text-serif-m layout-padded\">\u2013 Men dette hadde man latt v\u00e6re \u00e5 ta stilling til, hvis man hadde hatt en felles julemarkering for alle elevene uten at det var en gudstjeneste i et trossamfunn.<\/p>\n<p><img decoding=\"async\" alt=\"Bilde av Lars-Petter Helgestad \" class=\"_image_ygndg_42\" height=\"50\" itemprop=\"image\" loading=\"lazy\"  src=\"https:\/\/www.europesays.com\/no\/wp-content\/uploads\/2025\/12\/e4cdcfab-8c28-40f6-9c40-cae69b1ab66d\"  width=\"40\"\/><strong class=\"_name_ygndg_51 title-serif-xs\">Lars-Petter Helgestad <\/strong><\/p>\n<p class=\"_paragraph_o9xde_4 _paragraph_xtcu6_10 layout-component text-serif-m layout-normal text-serif-m layout-padded\">\u2013 Er ikke det bare en uskyldig norsk tradisjon?<\/p>\n<p class=\"_paragraph_o9xde_4 _paragraph_xtcu6_10 layout-component text-serif-m layout-normal text-serif-m layout-padded\">\u2013 Det er mange som ser p\u00e5 det som mer enn en tradisjon, for dem er det ogs\u00e5 religionsut\u00f8velse. For eksempel muslimske familier, Jehovas vitner og medlemmer av Human-Etisk Forbund \u00f8nsker ikke \u00f8nsker at barna skal delta p\u00e5 gudstjeneste i skoletiden.<\/p>\n<p> Temasamling<\/p>\n<p class=\"_paragraph_o9xde_4 _paragraph_xtcu6_10 layout-component text-serif-m layout-normal text-serif-m layout-padded\">Det er opp til kommunen og fylkeskommunen \u00e5 avgj\u00f8re om de vil tilby deltagelse p\u00e5 skolegudstjeneste eller ikke. <\/p>\n<p class=\"_paragraph_o9xde_4 _paragraph_xtcu6_10 layout-component text-serif-m layout-normal text-serif-m layout-padded\">I Nordre Follo oppfordres skolene til \u00e5 tilby skolegudstjeneste som en del av sin generelle kultur- og tradisjonsformidling, opplyser kommunalsjef for skole, Katti Anker Teisberg, til VG. <\/p>\n<p><img decoding=\"async\" alt=\"Bilde av Katti Anker Teisberg\" class=\"_image_ygndg_42\" height=\"43\" itemprop=\"image\" loading=\"lazy\"  src=\"https:\/\/www.europesays.com\/no\/wp-content\/uploads\/2025\/12\/cbf82330-5827-4ad0-8ea5-9555c9596d88\"  width=\"40\"\/><strong class=\"_name_ygndg_51 title-serif-xs\">Katti Anker Teisberg<\/strong><\/p>\n<p class=\"_paragraph_o9xde_4 _paragraph_xtcu6_10 layout-component text-serif-m layout-normal text-serif-m layout-padded\">Samtidig tilbys det en annen form for likeverdig markering, en temasamling.<\/p>\n<p class=\"_paragraph_o9xde_4 _paragraph_xtcu6_10 layout-component text-serif-m layout-normal text-serif-m layout-padded\">\u2013 Foresatte m\u00e5 ta et aktivt valg om hvilket tilbud barnet skal ha, og dette valget registreres p\u00e5 et eget skjema, sier Teisberg.<\/p>\n<p>Veileder om skolegudstjenester<\/p>\n<ul class=\"_list_o9xde_3 _list_xtcu6_9 _list_16v91_9 _unordered_o9xde_106 layout-component text-serif-m layout-normal text-sans-m layout-padded\">\n<li class=\"_item_o9xde_30\">Det er opp til kommunene og fylkeskommunene \u00e5 avgj\u00f8re om de vil tilby deltagelse p\u00e5 skolegudstjeneste eller ikke. <\/li>\n<li class=\"_item_o9xde_30\">Skolen skal gi elevene historisk og kulturell innsikt, og bidra til at hver elev kan ivareta og utvikle sin identitet i et inkluderende og mangfoldig fellesskap. <\/li>\n<li class=\"_item_o9xde_30\">\u00c5 la elevene delta p\u00e5 gudstjeneste eller andre tradisjonelle feiringer av h\u00f8ytider i undervisningstiden, kan v\u00e6re en del av dette.<\/li>\n<li class=\"_item_o9xde_30\">Men elevene har rett til fritak fra aktiviteter de opplever som ut\u00f8velse av en annen religion eller livssyn enn sin egen, eller som de synes er st\u00f8tende eller krenkende. Dette gjelder ogs\u00e5 \u00f8ving og forberedelser til gudstjenester.<\/li>\n<li class=\"_item_o9xde_30\">Skolene m\u00e5 tilby et alternativt opplegg for elever som ikke vil delta p\u00e5 gudstjeneste. Dette kan v\u00e6re temadag, lesestund eller andre aktiviteter knyttet til kultur og tradisjoner.<\/li>\n<li class=\"_item_o9xde_30\">Skoleavslutningen b\u00f8r ikke v\u00e6re en gudstjeneste. Den skal v\u00e6re inkluderende og legges slik at alle elever kan delta.<\/li>\n<\/ul>\n<p class=\"_paragraph_o9xde_4 _paragraph_xtcu6_10 _paragraph_16v91_10 layout-component text-serif-m layout-normal text-sans-m layout-padded\">Kilde: Utdanningsdirektoratet<\/p>\n<p>Vis mer<\/p>\n<p class=\"_paragraph_o9xde_4 _paragraph_xtcu6_10 layout-component text-serif-m layout-normal text-serif-m layout-padded\">Fungerende avdelingsdirekt\u00f8r i UdirUdirUtdanningsdirektoratet (Udir) skal sikre at norsk utdanningspolitikk iverksettes slik at barn, unge og voksnes rettigheter til likeverdig tilbud i barnehage, skole og oppl\u00e6ring blir ivaretatt., Erik Holvik Rossvoll, forteller at de ikke kan si noe sikkert om hvor utbredt denne praksisen er, men at mange skoler har tradisjon for \u00e5 la elever delta p\u00e5 julegudstjeneste i skoletiden. <\/p>\n<p class=\"_paragraph_o9xde_4 _paragraph_xtcu6_10 layout-component text-serif-m layout-normal text-serif-m layout-padded\">\u2013 Da har foreldre rett til \u00e5 gi skriftlig melding om fritak fra skolegudstjeneste frem til barnet fyller 15 \u00e5r. Elever som har fylt 15 \u00e5r, gir melding selv.<\/p>\n","protected":false},"excerpt":{"rendered":"\u2013 Etter min mening er ikke dette utvikling, dette er faktisk avvikling, sier trebarnsmoren. Her er p\u00e5meldingsskjemaet som&hellip;\n","protected":false},"author":2,"featured_media":105322,"comment_status":"","ping_status":"","sticky":false,"template":"","format":"standard","meta":{"footnotes":""},"categories":[10],"tags":[20,21,24,25,15,7990,5593,22,23,13,30,840,28,29,14,16,26,27,2655,46],"class_list":{"0":"post-105321","1":"post","2":"type-post","3":"status-publish","4":"format-standard","5":"has-post-thumbnail","7":"category-norge","8":"tag-breaking-news","9":"tag-breakingnews","10":"tag-featured-news","11":"tag-featurednews","12":"tag-headlines","13":"tag-human-etisk-forbund","14":"tag-jul","15":"tag-latest-news","16":"tag-latestnews","17":"tag-news","18":"tag-no","19":"tag-nordre-follo","20":"tag-norge","21":"tag-norway","22":"tag-nyheter","23":"tag-overskrifter","24":"tag-top-stories","25":"tag-topstories","26":"tag-utdanningsdirektoratet","27":"tag-vgai"},"share_on_mastodon":{"url":"https:\/\/pubeurope.com\/@no\/115668733656857155","error":""},"_links":{"self":[{"href":"https:\/\/www.europesays.com\/no\/wp-json\/wp\/v2\/posts\/105321","targetHints":{"allow":["GET"]}}],"collection":[{"href":"https:\/\/www.europesays.com\/no\/wp-json\/wp\/v2\/posts"}],"about":[{"href":"https:\/\/www.europesays.com\/no\/wp-json\/wp\/v2\/types\/post"}],"author":[{"embeddable":true,"href":"https:\/\/www.europesays.com\/no\/wp-json\/wp\/v2\/users\/2"}],"replies":[{"embeddable":true,"href":"https:\/\/www.europesays.com\/no\/wp-json\/wp\/v2\/comments?post=105321"}],"version-history":[{"count":0,"href":"https:\/\/www.europesays.com\/no\/wp-json\/wp\/v2\/posts\/105321\/revisions"}],"wp:featuredmedia":[{"embeddable":true,"href":"https:\/\/www.europesays.com\/no\/wp-json\/wp\/v2\/media\/105322"}],"wp:attachment":[{"href":"https:\/\/www.europesays.com\/no\/wp-json\/wp\/v2\/media?parent=105321"}],"wp:term":[{"taxonomy":"category","embeddable":true,"href":"https:\/\/www.europesays.com\/no\/wp-json\/wp\/v2\/categories?post=105321"},{"taxonomy":"post_tag","embeddable":true,"href":"https:\/\/www.europesays.com\/no\/wp-json\/wp\/v2\/tags?post=105321"}],"curies":[{"name":"wp","href":"https:\/\/api.w.org\/{rel}","templated":true}]}}