{"id":105325,"date":"2025-12-05T20:00:16","date_gmt":"2025-12-05T20:00:16","guid":{"rendered":"https:\/\/www.europesays.com\/no\/105325\/"},"modified":"2025-12-05T20:00:16","modified_gmt":"2025-12-05T20:00:16","slug":"krise-for-stavas-skistad","status":"publish","type":"post","link":"https:\/\/www.europesays.com\/no\/105325\/","title":{"rendered":"Krise for Stav\u00e5s Skistad"},"content":{"rendered":"\n<p>Kristine Stav\u00e5s Skistad r\u00f8k ut allerede i kvartfinalen i klassisksprinten i Gran\u00e5sen.<\/p>\n<p>Skistad ble nummer tre i det f\u00f8rste heatet, men tapte p\u00e5 tid etter at Mathilde Myhrvold og Johanna Matintalo gikk raskere i det neste.<\/p>\n<p>\u2013 Det er en stor, stor overraskelse. At det skulle v\u00e6re over allerede i kvartfinalen var det f\u00e5 som hadde sett for seg, sier NRK-ekspert Fredrik Aukland.<a href=\"https:\/\/clk.tradedoubler.com\/click?p=93758&amp;a=2407161&amp;epi=gourmetpakke1&amp;url=https%3A%2F%2Fwww.strawberry.no%2Fkampanjer-og-tilbud%2Fgourmet-getaway-winter%2F\" rel=\"nofollow noopener\" target=\"_blank\"><\/p>\n","protected":false},"excerpt":{"rendered":"Kristine Stav\u00e5s Skistad r\u00f8k ut allerede i kvartfinalen i klassisksprinten i Gran\u00e5sen. Skistad ble nummer tre i det&hellip;\n","protected":false},"author":2,"featured_media":105326,"comment_status":"","ping_status":"","sticky":false,"template":"","format":"standard","meta":{"footnotes":""},"categories":[59],"tags":[36,30,28,29,83,82,1510],"class_list":{"0":"post-105325","1":"post","2":"type-post","3":"status-publish","4":"format-standard","5":"has-post-thumbnail","7":"category-sport","8":"tag-art","9":"tag-no","10":"tag-norge","11":"tag-norway","12":"tag-sport","13":"tag-sports","14":"tag-story"},"share_on_mastodon":{"url":"https:\/\/pubeurope.com\/@no\/115668741171972926","error":""},"_links":{"self":[{"href":"https:\/\/www.europesays.com\/no\/wp-json\/wp\/v2\/posts\/105325","targetHints":{"allow":["GET"]}}],"collection":[{"href":"https:\/\/www.europesays.com\/no\/wp-json\/wp\/v2\/posts"}],"about":[{"href":"https:\/\/www.europesays.com\/no\/wp-json\/wp\/v2\/types\/post"}],"author":[{"embeddable":true,"href":"https:\/\/www.europesays.com\/no\/wp-json\/wp\/v2\/users\/2"}],"replies":[{"embeddable":true,"href":"https:\/\/www.europesays.com\/no\/wp-json\/wp\/v2\/comments?post=105325"}],"version-history":[{"count":0,"href":"https:\/\/www.europesays.com\/no\/wp-json\/wp\/v2\/posts\/105325\/revisions"}],"wp:featuredmedia":[{"embeddable":true,"href":"https:\/\/www.europesays.com\/no\/wp-json\/wp\/v2\/media\/105326"}],"wp:attachment":[{"href":"https:\/\/www.europesays.com\/no\/wp-json\/wp\/v2\/media?parent=105325"}],"wp:term":[{"taxonomy":"category","embeddable":true,"href":"https:\/\/www.europesays.com\/no\/wp-json\/wp\/v2\/categories?post=105325"},{"taxonomy":"post_tag","embeddable":true,"href":"https:\/\/www.europesays.com\/no\/wp-json\/wp\/v2\/tags?post=105325"}],"curies":[{"name":"wp","href":"https:\/\/api.w.org\/{rel}","templated":true}]}}