{"id":105333,"date":"2025-12-05T20:12:10","date_gmt":"2025-12-05T20:12:10","guid":{"rendered":"https:\/\/www.europesays.com\/no\/105333\/"},"modified":"2025-12-05T20:12:10","modified_gmt":"2025-12-05T20:12:10","slug":"neste-ars-statsbudsjett-er-vedtatt","status":"publish","type":"post","link":"https:\/\/www.europesays.com\/no\/105333\/","title":{"rendered":"Neste \u00e5rs statsbudsjett er vedtatt"},"content":{"rendered":"\n<p class=\"_lead_o9xde_2 _lead_xtcu6_50 layout-component text-serif-m layout-normal text-serif-l layout-component layout-wide layout-padded _wide_17hqh_1 layout-padded\">Etter en dramtisk uke i norsk politikk, er neste \u00e5rs statsbudsjett vedtatt. <\/p>\n<p><img alt=\"FLERTALL: Statsminsiter Jonas Gahr St\u00f8re og finansminister Jens Stoltenberg deltok begge i finansdebatten.  Foto: G\u00f8ran Bohlin \/ VG\" class=\"_image_qp4xg_65 layout-component layout-wide\" data-fullscreen- data-track-element-type=\"Article image fullscreen\" data-track-name=\"ImageFullscreen\" fetchpriority=\"high\" decoding=\"sync\" loading=\"eager\" height=\"4809\" itemprop=\"image\"  src=\"https:\/\/www.europesays.com\/no\/wp-content\/uploads\/2025\/12\/733b5db1-a7c6-490b-bad5-27462d639ef5\"  style=\"object-position:0% 0%\" width=\"7214\"\/>FLERTALL: Statsminsiter Jonas Gahr St\u00f8re og finansminister Jens Stoltenberg deltok begge i finansdebatten.  Foto: G\u00f8ran Bohlin \/ VG<\/p>\n<ul aria-hidden=\"true\" class=\"_images_ntbth_112\">\n<li><a class=\"_link_ntbth_117\" href=\"https:\/\/www.vg.no\/forfatter\/anja-ariel-toernes-brekke\" style=\"z-index:2\" title=\"Anja A. T. Brekke\" rel=\"nofollow noopener\" target=\"_blank\"><img alt=\"Bilde av Anja A. T. Brekke\" class=\"_image_ntbth_93\" fetchpriority=\"low\" loading=\"lazy\" decoding=\"async\" itemprop=\"image\"  src=\"https:\/\/www.europesays.com\/no\/wp-content\/uploads\/2025\/12\/064db0a6-f784-4fee-a84a-81e3f5807bb6\"  width=\"480\"\/><\/a><\/li>\n<li><a class=\"_link_ntbth_117\" href=\"https:\/\/www.vg.no\/forfatter\/goeran-bohlin-2\" style=\"z-index:1\" title=\"G\u00f8ran Bohlin\" rel=\"nofollow noopener\" target=\"_blank\"><img alt=\"Bilde av G\u00f8ran Bohlin\" class=\"_image_ntbth_93\" fetchpriority=\"low\" loading=\"lazy\" decoding=\"async\" itemprop=\"image\"  src=\"https:\/\/www.europesays.com\/no\/wp-content\/uploads\/2025\/12\/1764965529_969_b5d71325-cc19-4421-8838-7c2f8ec2f754\"  width=\"480\"\/><\/a><\/li>\n<\/ul>\n<p>Rapporterer fra Stortinget  Oppdatert fredag 5. desember kl. 20:50     <\/p>\n<p class=\"_paragraph_o9xde_4 _paragraph_xtcu6_10 layout-component text-serif-m layout-normal text-serif-m layout-padded\">Fredag var den store finansdebatten i Stortinget. I flere timer ble budsjettet diskutert f\u00f8r det til slutt ble vedtatt. <\/p>\n<p class=\"_paragraph_o9xde_4 _paragraph_xtcu6_10 layout-component text-serif-m layout-normal text-serif-m layout-padded\">\u2013 Takk til alle som har holdt ut p\u00e5 fredagskvelden, sa Tuva Moflag (Ap) if\u00f8lge NTB etter flere enn 130 talere.<\/p>\n<p class=\"_paragraph_o9xde_4 _paragraph_xtcu6_10 layout-component text-serif-m layout-normal text-serif-m layout-padded\">Men veien til vedtak har v\u00e6rt lang og brokete. Lenge l\u00e5 det an til \u00e5 bli budsjettkrise og <a href=\"https:\/\/www.vg.no\/nyheter\/i\/Rjb74r\/mdg-hermstad-det-er-stoeres-problem\" data-track-element-type=\"Link\" data-track-id=\"link:Rjb74r\" class=\"_link_o9xde_39\" rel=\"nofollow noopener\" target=\"_blank\">MDG var klare til \u00e5 felle St\u00f8re<\/a> dersom det ble kabinettsp\u00f8rsm\u00e5l.<\/p>\n<p class=\"_paragraph_o9xde_4 _paragraph_xtcu6_10 layout-component text-serif-m layout-normal text-serif-m layout-padded\">Ikke f\u00f8r natt til onsdag ble alle de fem partiene, Ap, Sp, R\u00f8dt, SV og MDG enige, og klokken 02.00 kunne de presentere at statsbudsjettet h\u00e5dde f\u00e5tt flertall. <\/p>\n<p>Alt var verre f\u00f8r!<\/p>\n<p class=\"_paragraph_o9xde_4 _paragraph_xtcu6_10 layout-component text-serif-m layout-normal text-serif-m layout-padded\">Finansminister Jens Stoltenberg (Ap) l\u00f8fter s\u00e5 vidt p\u00e5 skuldrene av uken som har g\u00e5tt.<\/p>\n<p class=\"_paragraph_o9xde_4 _paragraph_xtcu6_10 layout-component text-serif-m layout-normal text-serif-m layout-padded\"><strong class=\"_strong_o9xde_25\">Det pleide nemlig \u00e5 v\u00e6re myye verre f\u00f8r, kan han berolige &#8211; eller  bekymre med. <\/strong><\/p>\n<p class=\"_paragraph_o9xde_4 _paragraph_xtcu6_10 layout-component text-serif-m layout-normal text-serif-m layout-padded\">\u2013 Jeg har, b\u00e5de som statsminister og som opposisjonsleder, opplevd mye mer krevende forhandlinger enn dette her, sier han til VG fredag ettermiddag.<\/p>\n<p><img alt=\"EAZY PEAZY: I gamle dager var det visst nok helt galimatias.   Foto: Jonas F\u00e6ste Laksekj\u00f8n \/ NTB\" class=\"_image_qp4xg_65 layout-component layout-normal\" data-fullscreen- data-track-element-type=\"Article image fullscreen\" data-track-name=\"ImageFullscreen\" decoding=\"async\" loading=\"lazy\" height=\"4000\" itemprop=\"image\"  src=\"https:\/\/www.europesays.com\/no\/wp-content\/uploads\/2025\/12\/2641e02c-cabb-453c-89a2-2e079a6e5f53\"  style=\"object-position:0% 0%\" width=\"6000\"\/>EAZY PEAZY: I gamle dager var det visst nok helt galimatias.   Foto: Jonas F\u00e6ste Laksekj\u00f8n \/ NTB<\/p>\n<p class=\"_paragraph_o9xde_4 _paragraph_xtcu6_10 layout-component text-serif-m layout-normal text-serif-m layout-padded\">\u2013 Der vi ikke har klart \u00e5 holde frister, der det har kommet l\u00f8se forslag i selve finansdebatten for \u00e5 f\u00e5 budsjettet p\u00e5 plass, der det har blitt stilt kabinettssp\u00f8rsm\u00e5l og der det til og med ikke kom et budsjett f\u00f8r nytt\u00e5r, sier han om gode gamle dager. <\/p>\n<p class=\"_paragraph_o9xde_4 _paragraph_xtcu6_10 layout-component text-serif-m layout-normal text-serif-m layout-padded\">Han mener rett og slett at dette ikke var en \u00abspesielt krevende runde\u00bb, riktignok i forhold til gamle dager. <\/p>\n<p class=\"_paragraph_o9xde_4 _paragraph_xtcu6_10 layout-component text-serif-m layout-normal text-serif-m layout-padded\">\u2013 Men det var noen vanskelige runder og lange forhandlinger. Det skulle bare mangle n\u00e5r vi for f\u00f8rste gang er fem partier som blir enige, vedjenner Stoltenberg. <\/p>\n<p><img alt=\"IKKE S\u00c5\u00c5\u00c5 KREVENDE: Det store sp\u00f8rms\u00e5let er om partifellene Tuva Moflag og Tonje Brenna er enig med Stoltenberg, de to som faktisk satt oppe flere netter for \u00e5 lande budsjettet.    Foto: Ole Berg-Rusten \/ NTB\" class=\"_image_qp4xg_65 layout-component layout-normal\" data-fullscreen- data-track-element-type=\"Article image fullscreen\" data-track-name=\"ImageFullscreen\" decoding=\"async\" loading=\"lazy\" height=\"5485\" itemprop=\"image\"  src=\"https:\/\/www.europesays.com\/no\/wp-content\/uploads\/2025\/12\/d82e090c-90a9-4c6c-aa14-29a57e1fdc20\"  style=\"object-position:0% 0%\" width=\"8141\"\/>IKKE S\u00c5\u00c5\u00c5 KREVENDE: Det store sp\u00f8rms\u00e5let er om partifellene Tuva Moflag og Tonje Brenna er enig med Stoltenberg, de to som faktisk satt oppe flere netter for \u00e5 lande budsjettet.    Foto: Ole Berg-Rusten \/ NTB<\/p>\n<p class=\"_paragraph_o9xde_4 _paragraph_xtcu6_10 layout-component text-serif-m layout-normal text-serif-m layout-padded\">\u2013 Blir det enklere i de neste budsjettrundene?<\/p>\n<p class=\"_paragraph_o9xde_4 _paragraph_xtcu6_10 layout-component text-serif-m layout-normal text-serif-m layout-padded\">\u2013 Det kommer til \u00e5 bli krevende, selvsagt. Det er store, viktige valg og vanskelige beslutninger.<\/p>\n<p class=\"_paragraph_o9xde_4 _paragraph_xtcu6_10 layout-component text-serif-m layout-normal text-serif-m layout-padded\"><strong class=\"_strong_o9xde_25\">Les ogs\u00e5: <a href=\"https:\/\/www.vg.no\/nyheter\/i\/43jy46\/statsbudsjettet-hva-ble-partiene-enige-om\" data-track-element-type=\"Link\" data-track-id=\"link:43jy46\" class=\"_link_o9xde_39\" rel=\"nofollow noopener\" target=\"_blank\">Alt du m\u00e5 vite om budsjettenigheten<\/a><\/strong><\/p>\n<p>Krass kritikk<\/p>\n<p class=\"_paragraph_o9xde_4 _paragraph_xtcu6_10 layout-component text-serif-m layout-normal text-serif-m layout-padded\">Kritikken fra h\u00f8yresiden har haglet mot budsjettforhandlingene denne uken. <\/p>\n<p class=\"_paragraph_o9xde_4 _paragraph_xtcu6_10 layout-component text-serif-m layout-normal text-serif-m layout-padded\">B\u00e5de Frp-leder Sylvi Listhaig og H\u00f8yre-leder Erna Solberg har anklaget Ap for \u00e5 drive med det motsatte av hva de lovet, nemlig trygg styring. <\/p>\n<p class=\"_paragraph_o9xde_4 _paragraph_xtcu6_10 layout-component text-serif-m layout-normal text-serif-m layout-padded\">\u2013 St\u00f8re-regjeringen stryker i f\u00f8rste runde. I valgkampen advarte Fremskrittspartiet mot et sosialistisk eksperiment med Arbeiderpartiet, Senterpartiet, SV, R\u00f8dt og MDG. De lovet velgerne trygg styring. N\u00e5 ser vi fasiten, uttalte Listhaug.<\/p>\n<p><img alt=\"Frp-leder Sylvi Listhaug har ikke v\u00e6rt veldig imponert over de r\u00f8dgr\u00f8nne partiene - som riktignok til slutt fikk samlet et flertall for budsjettet.  Foto: Jonas F\u00e6ste Laksekj\u00f8n \/ NTB\" class=\"_image_qp4xg_65 layout-component layout-normal\" data-fullscreen- data-track-element-type=\"Article image fullscreen\" data-track-name=\"ImageFullscreen\" decoding=\"async\" loading=\"lazy\" height=\"3616\" itemprop=\"image\"  src=\"https:\/\/www.europesays.com\/no\/wp-content\/uploads\/2025\/12\/3f3c54f7-7435-4854-a46b-69f3479001e8\"  style=\"object-position:0% 0%\" width=\"5425\"\/>Frp-leder Sylvi Listhaug har ikke v\u00e6rt veldig imponert over de r\u00f8dgr\u00f8nne partiene &#8211; som riktignok til slutt fikk samlet et flertall for budsjettet.  Foto: Jonas F\u00e6ste Laksekj\u00f8n \/ NTB<\/p>\n<p class=\"_paragraph_o9xde_4 _paragraph_xtcu6_10 layout-component text-serif-m layout-normal text-serif-m layout-padded\">Det var forrige helg at Arbeiderpartiet, Senterpartiet og R\u00f8dt ble enige om neste \u00e5rs statsbudsjett. <\/p>\n<p class=\"_paragraph_o9xde_4 _paragraph_xtcu6_10 layout-component text-serif-m layout-normal text-serif-m layout-padded\">Etter mange lange m\u00f8ter fikk de <a href=\"https:\/\/www.vg.no\/nyheter\/i\/k0W2pQ\/moetemaraton-i-budsjettdramaet-alle-partiene-maa-bidra\" data-track-element-type=\"Link\" data-track-id=\"link:k0W2pQ\" class=\"_link_o9xde_39\" rel=\"nofollow noopener\" target=\"_blank\">ogs\u00e5 st\u00f8tte fra SV og MDG<\/a>, og dermed sikret flertall for budsjettet. <\/p>\n<p class=\"_paragraph_o9xde_4 _paragraph_xtcu6_10 layout-component text-serif-m layout-normal text-serif-m layout-padded\">Se video \u2013 nok en statsminister-tabbe! <\/p>\n","protected":false},"excerpt":{"rendered":"Etter en dramtisk uke i norsk politikk, er neste \u00e5rs statsbudsjett vedtatt. FLERTALL: Statsminsiter Jonas Gahr St\u00f8re og&hellip;\n","protected":false},"author":2,"featured_media":105334,"comment_status":"","ping_status":"","sticky":false,"template":"","format":"standard","meta":{"footnotes":""},"categories":[10],"tags":[20,21,24,25,15,22,23,13,30,28,281,29,14,16,8578,26,27,205],"class_list":{"0":"post-105333","1":"post","2":"type-post","3":"status-publish","4":"format-standard","5":"has-post-thumbnail","7":"category-norge","8":"tag-breaking-news","9":"tag-breakingnews","10":"tag-featured-news","11":"tag-featurednews","12":"tag-headlines","13":"tag-latest-news","14":"tag-latestnews","15":"tag-news","16":"tag-no","17":"tag-norge","18":"tag-norsk-politikk","19":"tag-norway","20":"tag-nyheter","21":"tag-overskrifter","22":"tag-statsbudsjettet","23":"tag-top-stories","24":"tag-topstories","25":"tag-vgsamfunn"},"share_on_mastodon":{"url":"https:\/\/pubeurope.com\/@no\/115668788598866474","error":""},"_links":{"self":[{"href":"https:\/\/www.europesays.com\/no\/wp-json\/wp\/v2\/posts\/105333","targetHints":{"allow":["GET"]}}],"collection":[{"href":"https:\/\/www.europesays.com\/no\/wp-json\/wp\/v2\/posts"}],"about":[{"href":"https:\/\/www.europesays.com\/no\/wp-json\/wp\/v2\/types\/post"}],"author":[{"embeddable":true,"href":"https:\/\/www.europesays.com\/no\/wp-json\/wp\/v2\/users\/2"}],"replies":[{"embeddable":true,"href":"https:\/\/www.europesays.com\/no\/wp-json\/wp\/v2\/comments?post=105333"}],"version-history":[{"count":0,"href":"https:\/\/www.europesays.com\/no\/wp-json\/wp\/v2\/posts\/105333\/revisions"}],"wp:featuredmedia":[{"embeddable":true,"href":"https:\/\/www.europesays.com\/no\/wp-json\/wp\/v2\/media\/105334"}],"wp:attachment":[{"href":"https:\/\/www.europesays.com\/no\/wp-json\/wp\/v2\/media?parent=105333"}],"wp:term":[{"taxonomy":"category","embeddable":true,"href":"https:\/\/www.europesays.com\/no\/wp-json\/wp\/v2\/categories?post=105333"},{"taxonomy":"post_tag","embeddable":true,"href":"https:\/\/www.europesays.com\/no\/wp-json\/wp\/v2\/tags?post=105333"}],"curies":[{"name":"wp","href":"https:\/\/api.w.org\/{rel}","templated":true}]}}