{"id":105335,"date":"2025-12-05T20:14:13","date_gmt":"2025-12-05T20:14:13","guid":{"rendered":"https:\/\/www.europesays.com\/no\/105335\/"},"modified":"2025-12-05T20:14:13","modified_gmt":"2025-12-05T20:14:13","slug":"sport-even-northug-dramatisk-for-northug-her-ryker-nok-ol-drommen","status":"publish","type":"post","link":"https:\/\/www.europesays.com\/no\/105335\/","title":{"rendered":"Sport, Even Northug | Dramatisk for Northug: \u2013 Her ryker nok OL-dr\u00f8mmen"},"content":{"rendered":"\n<p><b>TRONDHEIM:<\/b> Even Northug falt i kvartfinalen i fredagens klassisksprint i verdenscupen i Trondheim.<\/p>\n<p>\u2013 Her ryker nok OL-dr\u00f8mmen, sier NRK-ekspert Jann Post etter fallet.<\/p>\n<p>Etter l\u00f8pet nektet han \u00e5 la seg intervjue av de framm\u00f8tte journalistene.<\/p>\n<p>\u2013 \u00c6 ska heim, sa Even Northug til Tr\u00f8nder-Avisa og stormet ut av pressesonen.<\/p>\n<p>   <img decoding=\"async\" width=\"5000\" height=\"3333\" fetchpriority=\"low\"  loading=\"lazy\"  src=\"https:\/\/www.europesays.com\/no\/wp-content\/uploads\/2025\/12\/JAnorthug-fall04.jpg\" alt=\"\" class=\"brick-c-cFOWSL\" style=\"--brick-image-ratio: 5000 \/ 3333;\"\/><\/p>\n<p>      Even Northug var langt nede etter sprintskuffelsen. &#8211; \u00c6 ska heim, var det eneste han sa til Tr\u00f8nder-Avisa f\u00f8r han stormet ut av arenaen.<br \/>\n      Foto: Johan Arnt Nesg\u00e5rd\n    <\/p>\n<p>  Forst\u00e5r skuffelsen<\/p>\n<p>Landslagstrener Arild Monsen syntes synd p\u00e5 sin elev.<\/p>\n<p>\u2013 Det var ikke det her hverken han eller vi \u00f8nsket, sier Arild Monsen.<\/p>\n<p><b>\u2013 Hva har dette \u00e5 si for resten av vinteren?<\/b><\/p>\n<p>\u2013 Jeg \u00f8nsker ikke spekulere og si noe. Det blir feil, sier Monsen.<\/p>\n<p><b>\u2013 Hva er dommen over Evens sesongstart?<\/b><\/p>\n<p>\u2013 Middels greit og s\u00e5 ble det en nedtur i dag, sier landslagstreneren.<\/p>\n<p>Burde ha v\u00e6rt p\u00e5 pallen<\/p>\n<p>I forkant av l\u00f8pet sa Northug til Tr\u00f8nder-Avisa at han m\u00e5tte ha en god plassering.<\/p>\n<p>Men verdenscupsprinten p\u00e5 hjemmebane i klassisk stil ble ingen opptur. 30-\u00e5ringen r\u00f8k ut allerede i kvartfinalen og har dermed en semifinale som beste resultat etter tre av fem uttaksrenn til OL.<\/p>\n<p>Northug burde helst v\u00e6rt p\u00e5 pallen fredag for at OL-dr\u00f8mmen skulle leve, men det endte alts\u00e5 med fall og exit i kvartfinalen.<\/p>\n<p>   <img decoding=\"async\" width=\"5000\" height=\"3333\" fetchpriority=\"low\"  loading=\"lazy\"  src=\"https:\/\/www.europesays.com\/no\/wp-content\/uploads\/2025\/12\/JAnorthug-fall02.jpg\" alt=\"\" class=\"brick-c-cFOWSL\" style=\"--brick-image-ratio: 5000 \/ 3333;\"\/><\/p>\n<p>      Even Northug fikk kvartfinalen \u00f8delagt av et fall i nedoverbakken.<br \/>\n      Foto: Johan Arnt Nesg\u00e5rd\n    <\/p>\n<p>Fasiten etter tre av fem klassisksprinter f\u00f8r OL-uttaket for Northug er f\u00f8lgende:<\/p>\n<ul>\n<li>Beitost\u00f8len: Kvartfinale-exit<\/li>\n<li>Ruka: Semifinale-exit (Fem norske ut\u00f8vere foran seg)<\/li>\n<li>Trondheim: Fall og exit i kvartfinalen.<\/li>\n<\/ul>\n<p>Halmstr\u00e5<\/p>\n<p>Per n\u00e5 er det h\u00f8yst trolig Johannes H\u00f8sflot Kl\u00e6bo, Erik Valnes, Harald \u00d8stberg Amundsen og Ansgar Evensen som er i rute til \u00e5 kapre de fire OL-plassene til sprinten. Totalt har Norge sju kvoteplasser i OL.<\/p>\n<p>N\u00e5 gjenst\u00e5r en klassisk sprint i Val di Fiemme 3. januar under Tour de Ski, samt p\u00e5 Steinkjer onsdag 14. januar f\u00f8r OL-uttaket offentliggj\u00f8res.<\/p>\n<p>Nettopp Steinkjer-sprinten blir siste mulighet for Northug.<\/p>\n<p>   <img decoding=\"async\" width=\"5000\" height=\"3333\" fetchpriority=\"low\"  loading=\"lazy\"  src=\"https:\/\/www.europesays.com\/no\/wp-content\/uploads\/2025\/12\/JAnorthug-fall03.jpg\" alt=\"\" class=\"brick-c-cFOWSL\" style=\"--brick-image-ratio: 5000 \/ 3333;\"\/><\/p>\n<p>      Even Northug stormet ut av skistadion og tok turen hjem uten \u00e5 ville snakke med pressen.<br \/>\n      Foto: Johan Arnt Nesg\u00e5rd\n    <\/p>\n<p>  Kl\u00e6bo dominerte p\u00e5 hjemmebane<\/p>\n<p>Johannes H\u00f8sflot Kl\u00e6bo dominerte fra start til slutt \u2013 og tok sin 100. verdenscupseier i karrieren.<\/p>\n<p>Oskar Opstad Vike ble nummer to, foran svenske Alvar Myhlback.<\/p>\n<p>Resten av finalefeltet besto av nordmennene Erik Valnes, Ansgar Evensen og Lars Heggen.<\/p>\n<p>Svensk storeslem blant kvinnene<\/p>\n<p>Johanna Hagstr\u00f6m sikret svensk seier i kvinneklassen fredag. Ingrid Bergene Aabrekk ble beste norske med femteplass.<\/p>\n<p>Ane Appelkvist Stenseth gikk ut i semifinalen.<\/p>\n<p>For Kristine Stav\u00e5s Skistad ble rennet en ren fiasko med kvartfinale-exit.<\/p>\n","protected":false},"excerpt":{"rendered":"TRONDHEIM: Even Northug falt i kvartfinalen i fredagens klassisksprint i verdenscupen i Trondheim. \u2013 Her ryker nok OL-dr\u00f8mmen,&hellip;\n","protected":false},"author":2,"featured_media":105336,"comment_status":"","ping_status":"","sticky":false,"template":"","format":"standard","meta":{"footnotes":""},"categories":[59],"tags":[36,13163,398,30,28,29,83,82,1510],"class_list":{"0":"post-105335","1":"post","2":"type-post","3":"status-publish","4":"format-standard","5":"has-post-thumbnail","7":"category-sport","8":"tag-art","9":"tag-even-northug","10":"tag-langrenn","11":"tag-no","12":"tag-norge","13":"tag-norway","14":"tag-sport","15":"tag-sports","16":"tag-story"},"share_on_mastodon":{"url":"https:\/\/pubeurope.com\/@no\/115668796522005937","error":""},"_links":{"self":[{"href":"https:\/\/www.europesays.com\/no\/wp-json\/wp\/v2\/posts\/105335","targetHints":{"allow":["GET"]}}],"collection":[{"href":"https:\/\/www.europesays.com\/no\/wp-json\/wp\/v2\/posts"}],"about":[{"href":"https:\/\/www.europesays.com\/no\/wp-json\/wp\/v2\/types\/post"}],"author":[{"embeddable":true,"href":"https:\/\/www.europesays.com\/no\/wp-json\/wp\/v2\/users\/2"}],"replies":[{"embeddable":true,"href":"https:\/\/www.europesays.com\/no\/wp-json\/wp\/v2\/comments?post=105335"}],"version-history":[{"count":0,"href":"https:\/\/www.europesays.com\/no\/wp-json\/wp\/v2\/posts\/105335\/revisions"}],"wp:featuredmedia":[{"embeddable":true,"href":"https:\/\/www.europesays.com\/no\/wp-json\/wp\/v2\/media\/105336"}],"wp:attachment":[{"href":"https:\/\/www.europesays.com\/no\/wp-json\/wp\/v2\/media?parent=105335"}],"wp:term":[{"taxonomy":"category","embeddable":true,"href":"https:\/\/www.europesays.com\/no\/wp-json\/wp\/v2\/categories?post=105335"},{"taxonomy":"post_tag","embeddable":true,"href":"https:\/\/www.europesays.com\/no\/wp-json\/wp\/v2\/tags?post=105335"}],"curies":[{"name":"wp","href":"https:\/\/api.w.org\/{rel}","templated":true}]}}