{"id":105347,"date":"2025-12-05T20:33:19","date_gmt":"2025-12-05T20:33:19","guid":{"rendered":"https:\/\/www.europesays.com\/no\/105347\/"},"modified":"2025-12-05T20:33:19","modified_gmt":"2025-12-05T20:33:19","slug":"vi-trenger-en-ny-strategi","status":"publish","type":"post","link":"https:\/\/www.europesays.com\/no\/105347\/","title":{"rendered":"\u2013 Vi trenger en ny strategi"},"content":{"rendered":"<p><strong>SV-profilene tar n\u00e5 til orde for en tydelig kursendring etter flere \u00e5r med fallende oppslutning. Partiet ligger rundt 5 prosent p\u00e5 m\u00e5lingene \u2013 nesten halvparten av niv\u00e5et da Kirsti Bergst\u00f8 tok over i 2023 \u2013 og flere i landsstyret mener tiden er inne for en mer pragmatisk linje, skriver <a href=\"https:\/\/klassekampen.no\/utgave\/2025-12-05\/vil-legge-om-kursen-i-sv\" rel=\"nofollow noopener\" target=\"_blank\">Klassekampen<\/a>.<\/strong><\/p>\n<p>\u2013 Det er ingen tvil om at vi trenger en ny strategi, sier Sunniva Holm\u00e5s Eidsvoll til avisen. Hun peker spesielt p\u00e5 at SVs ultimatum om \u00e5 trekke Oljefondet ut av Israel skadet partiets gjennomslag og troverdighet.<\/p>\n<p>Ogs\u00e5 sentralstyremedlem \u00c5dne Naper mener partiet har framst\u00e5tt for dogmatisk og at SV m\u00e5 gjenvinne rollen som den \u00abrasjonelle koblingen\u00bb p\u00e5 r\u00f8dgr\u00f8nn side.<\/p>\n<p>Landsstyremedlem Silje Waters mener l\u00e6rdommen n\u00e5 er klar: Ultimatum fungerer ikke. Hun sier SV m\u00e5 tilbake til en maktkritisk, men l\u00f8sningsorientert profil. Partiet starter arbeidet med ny strategi p\u00e5 ny\u00e5ret, if\u00f8lge Klassekampen.<\/p>\n","protected":false},"excerpt":{"rendered":"SV-profilene tar n\u00e5 til orde for en tydelig kursendring etter flere \u00e5r med fallende oppslutning. Partiet ligger rundt&hellip;\n","protected":false},"author":2,"featured_media":105348,"comment_status":"","ping_status":"","sticky":false,"template":"","format":"standard","meta":{"footnotes":""},"categories":[10],"tags":[20,21,24,25,15,2471,22,23,13,30,28,29,14,761,16,1807,947,26,27],"class_list":{"0":"post-105347","1":"post","2":"type-post","3":"status-publish","4":"format-standard","5":"has-post-thumbnail","7":"category-norge","8":"tag-breaking-news","9":"tag-breakingnews","10":"tag-featured-news","11":"tag-featurednews","12":"tag-headlines","13":"tag-kirsti-bergsto","14":"tag-latest-news","15":"tag-latestnews","16":"tag-news","17":"tag-no","18":"tag-norge","19":"tag-norway","20":"tag-nyheter","21":"tag-oljefondet","22":"tag-overskrifter","23":"tag-sunniva-holmas-eidsvoll","24":"tag-sv","25":"tag-top-stories","26":"tag-topstories"},"share_on_mastodon":{"url":"https:\/\/pubeurope.com\/@no\/115668871018040402","error":""},"_links":{"self":[{"href":"https:\/\/www.europesays.com\/no\/wp-json\/wp\/v2\/posts\/105347","targetHints":{"allow":["GET"]}}],"collection":[{"href":"https:\/\/www.europesays.com\/no\/wp-json\/wp\/v2\/posts"}],"about":[{"href":"https:\/\/www.europesays.com\/no\/wp-json\/wp\/v2\/types\/post"}],"author":[{"embeddable":true,"href":"https:\/\/www.europesays.com\/no\/wp-json\/wp\/v2\/users\/2"}],"replies":[{"embeddable":true,"href":"https:\/\/www.europesays.com\/no\/wp-json\/wp\/v2\/comments?post=105347"}],"version-history":[{"count":0,"href":"https:\/\/www.europesays.com\/no\/wp-json\/wp\/v2\/posts\/105347\/revisions"}],"wp:featuredmedia":[{"embeddable":true,"href":"https:\/\/www.europesays.com\/no\/wp-json\/wp\/v2\/media\/105348"}],"wp:attachment":[{"href":"https:\/\/www.europesays.com\/no\/wp-json\/wp\/v2\/media?parent=105347"}],"wp:term":[{"taxonomy":"category","embeddable":true,"href":"https:\/\/www.europesays.com\/no\/wp-json\/wp\/v2\/categories?post=105347"},{"taxonomy":"post_tag","embeddable":true,"href":"https:\/\/www.europesays.com\/no\/wp-json\/wp\/v2\/tags?post=105347"}],"curies":[{"name":"wp","href":"https:\/\/api.w.org\/{rel}","templated":true}]}}