{"id":105351,"date":"2025-12-05T20:46:12","date_gmt":"2025-12-05T20:46:12","guid":{"rendered":"https:\/\/www.europesays.com\/no\/105351\/"},"modified":"2025-12-05T20:46:12","modified_gmt":"2025-12-05T20:46:12","slug":"brev-fra-charlie-kirk-forer-til-at-israel-endrer-informasjons-strategi","status":"publish","type":"post","link":"https:\/\/www.europesays.com\/no\/105351\/","title":{"rendered":"Brev fra Charlie Kirk f\u00f8rer til at Israel endrer informasjons-strategi"},"content":{"rendered":"<p>\n        SISTE BREV: Charlie Kirk ga Israels statsminister Benjamin Netanyahu r\u00e5d i sitt siste brev. Her fra Texas A&amp;M University 22. april 2025 i forbindelse med en turn\u00e9 i USA.<br \/>\n        Meredith Seaver \/ College Station Eagle via AP\n    <\/p>\n<p>    Korte digitale budskap og vitnesbyrd fra enkeltpersoner p\u00e5 mange ulike spr\u00e5k skal endre folks oppfatning om Israel.\u00a0<\/p>\n<p>Et siste brev fra avd\u00f8de Charlie Kirk til Israels statsminister skal f\u00f8re til betydelige endringer i Israels informasjonsstrategi utad, skriver <a href=\"https:\/\/www.jpost.com\/israel-news\/article-876928\" rel=\"nofollow noopener\" target=\"_blank\">Jerusalem Post<\/a>.\u00a0\u00a0<\/p>\n<p><a href=\"https:\/\/www.scribd.com\/document\/924955773\/Kirk-Letter\" rel=\"nofollow noopener\" target=\"_blank\">Brevet til Benjamin Netanyahu<\/a>, som ble sendt 2. mai i \u00e5r, ble f\u00f8rst omtalt av den israelske statsministeren \u00e5tte dager etter at Kirk ble drept.\u00a0<\/p>\n<p>I brevet ga den konservative kristne aktivisten uttrykk for bekymring for anti-Israel-narrativet som sprer seg blant de unge.\u00a0<\/p>\n","protected":false},"excerpt":{"rendered":"SISTE BREV: Charlie Kirk ga Israels statsminister Benjamin Netanyahu r\u00e5d i sitt siste brev. Her fra Texas A&amp;M&hellip;\n","protected":false},"author":2,"featured_media":105352,"comment_status":"","ping_status":"","sticky":false,"template":"","format":"standard","meta":{"footnotes":""},"categories":[12],"tags":[20,21,24,25,15,22,23,13,30,28,29,14,16,26,27,42,43,44,45],"class_list":{"0":"post-105351","1":"post","2":"type-post","3":"status-publish","4":"format-standard","5":"has-post-thumbnail","7":"category-verden","8":"tag-breaking-news","9":"tag-breakingnews","10":"tag-featured-news","11":"tag-featurednews","12":"tag-headlines","13":"tag-latest-news","14":"tag-latestnews","15":"tag-news","16":"tag-no","17":"tag-norge","18":"tag-norway","19":"tag-nyheter","20":"tag-overskrifter","21":"tag-top-stories","22":"tag-topstories","23":"tag-verden","24":"tag-world","25":"tag-world-news","26":"tag-worldnews"},"share_on_mastodon":{"url":"https:\/\/pubeurope.com\/@no\/115668922039721849","error":""},"_links":{"self":[{"href":"https:\/\/www.europesays.com\/no\/wp-json\/wp\/v2\/posts\/105351","targetHints":{"allow":["GET"]}}],"collection":[{"href":"https:\/\/www.europesays.com\/no\/wp-json\/wp\/v2\/posts"}],"about":[{"href":"https:\/\/www.europesays.com\/no\/wp-json\/wp\/v2\/types\/post"}],"author":[{"embeddable":true,"href":"https:\/\/www.europesays.com\/no\/wp-json\/wp\/v2\/users\/2"}],"replies":[{"embeddable":true,"href":"https:\/\/www.europesays.com\/no\/wp-json\/wp\/v2\/comments?post=105351"}],"version-history":[{"count":0,"href":"https:\/\/www.europesays.com\/no\/wp-json\/wp\/v2\/posts\/105351\/revisions"}],"wp:featuredmedia":[{"embeddable":true,"href":"https:\/\/www.europesays.com\/no\/wp-json\/wp\/v2\/media\/105352"}],"wp:attachment":[{"href":"https:\/\/www.europesays.com\/no\/wp-json\/wp\/v2\/media?parent=105351"}],"wp:term":[{"taxonomy":"category","embeddable":true,"href":"https:\/\/www.europesays.com\/no\/wp-json\/wp\/v2\/categories?post=105351"},{"taxonomy":"post_tag","embeddable":true,"href":"https:\/\/www.europesays.com\/no\/wp-json\/wp\/v2\/tags?post=105351"}],"curies":[{"name":"wp","href":"https:\/\/api.w.org\/{rel}","templated":true}]}}