{"id":105353,"date":"2025-12-05T20:53:33","date_gmt":"2025-12-05T20:53:33","guid":{"rendered":"https:\/\/www.europesays.com\/no\/105353\/"},"modified":"2025-12-05T20:53:33","modified_gmt":"2025-12-05T20:53:33","slug":"ropte-blod-pa-hendene-blod-pa-pengene-etter-listhaug-na-kommer-ankesaken-opp","status":"publish","type":"post","link":"https:\/\/www.europesays.com\/no\/105353\/","title":{"rendered":"Ropte \u00abblod p\u00e5 hendene, blod p\u00e5 pengene\u00bb etter Listhaug \u2013 n\u00e5 kommer ankesaken opp"},"content":{"rendered":"<p>\n        ANKESAK: Under hovedforhandlingen i Oslo tingrett var det en rekke tilh\u00f8rere som fulgte saken.<br \/>\n        Ole Berg-Rusten Rusten, Ole Berg \/ NTB\n    <\/p>\n<p>    De tre kvinnene ble frikjent i tingretten etter \u00e5 ha v\u00e6rt tiltalt for \u00e5 ha p\u00e5virket en stortingsrepresentant i arbeidet, og for \u00e5 ha vist hensynsl\u00f8s og krenkende atferd mot Sylvi Listhaug.\u00a0<\/p>\n<p>Statsadvokaten anket dommen, og tirsdag starter ankesaken i Borgarting lagmannsrett.\u00a0<\/p>\n<p>Det var i mars 2024 at de tre kvinnene i 30-\u00e5rene fulgte etter Frp-lederen i Oslos gater og ropte etter henne.\u00a0<\/p>\n<p>If\u00f8lge dommen fra tingretten hadde Listhaug v\u00e6rt ute og handlet kl\u00e6r til Frps landsm\u00f8te da hun var p\u00e5 vei tilbake til Stortinget.\u00a0<\/p>\n","protected":false},"excerpt":{"rendered":"ANKESAK: Under hovedforhandlingen i Oslo tingrett var det en rekke tilh\u00f8rere som fulgte saken. Ole Berg-Rusten Rusten, Ole&hellip;\n","protected":false},"author":2,"featured_media":105354,"comment_status":"","ping_status":"","sticky":false,"template":"","format":"standard","meta":{"footnotes":""},"categories":[12],"tags":[20,21,24,25,15,22,23,13,30,28,29,14,16,26,27,42,43,44,45],"class_list":{"0":"post-105353","1":"post","2":"type-post","3":"status-publish","4":"format-standard","5":"has-post-thumbnail","7":"category-verden","8":"tag-breaking-news","9":"tag-breakingnews","10":"tag-featured-news","11":"tag-featurednews","12":"tag-headlines","13":"tag-latest-news","14":"tag-latestnews","15":"tag-news","16":"tag-no","17":"tag-norge","18":"tag-norway","19":"tag-nyheter","20":"tag-overskrifter","21":"tag-top-stories","22":"tag-topstories","23":"tag-verden","24":"tag-world","25":"tag-world-news","26":"tag-worldnews"},"share_on_mastodon":{"url":"https:\/\/pubeurope.com\/@no\/115668949613747552","error":""},"_links":{"self":[{"href":"https:\/\/www.europesays.com\/no\/wp-json\/wp\/v2\/posts\/105353","targetHints":{"allow":["GET"]}}],"collection":[{"href":"https:\/\/www.europesays.com\/no\/wp-json\/wp\/v2\/posts"}],"about":[{"href":"https:\/\/www.europesays.com\/no\/wp-json\/wp\/v2\/types\/post"}],"author":[{"embeddable":true,"href":"https:\/\/www.europesays.com\/no\/wp-json\/wp\/v2\/users\/2"}],"replies":[{"embeddable":true,"href":"https:\/\/www.europesays.com\/no\/wp-json\/wp\/v2\/comments?post=105353"}],"version-history":[{"count":0,"href":"https:\/\/www.europesays.com\/no\/wp-json\/wp\/v2\/posts\/105353\/revisions"}],"wp:featuredmedia":[{"embeddable":true,"href":"https:\/\/www.europesays.com\/no\/wp-json\/wp\/v2\/media\/105354"}],"wp:attachment":[{"href":"https:\/\/www.europesays.com\/no\/wp-json\/wp\/v2\/media?parent=105353"}],"wp:term":[{"taxonomy":"category","embeddable":true,"href":"https:\/\/www.europesays.com\/no\/wp-json\/wp\/v2\/categories?post=105353"},{"taxonomy":"post_tag","embeddable":true,"href":"https:\/\/www.europesays.com\/no\/wp-json\/wp\/v2\/tags?post=105353"}],"curies":[{"name":"wp","href":"https:\/\/api.w.org\/{rel}","templated":true}]}}