{"id":105357,"date":"2025-12-05T21:11:23","date_gmt":"2025-12-05T21:11:23","guid":{"rendered":"https:\/\/www.europesays.com\/no\/105357\/"},"modified":"2025-12-05T21:11:23","modified_gmt":"2025-12-05T21:11:23","slug":"slik-kan-ein-bli-domd-litt-for-i-vennegjengen-morenytt-no","status":"publish","type":"post","link":"https:\/\/www.europesays.com\/no\/105357\/","title":{"rendered":"\u2013 Slik kan ein bli d\u00f8md litt for i vennegjengen &#8211; morenytt.no"},"content":{"rendered":"<ol>\n<li><a href=\"https:\/\/news.google.com\/rss\/articles\/CBMikgFBVV95cUxPYnY5V2p5RC1LN1NqV3VKVnpkLU43ZFpKWGdPT3QxalY2NWZJSVZQWXR1bkxRZ2laajFYb0lGb3VULVczeTlfSkxiZlNSc2lBWFNCLWwwUmpFMXIyQ3hsWnFBTmQ2SExkMzVNWEtoelhxMTVrSHJzdFBUdlBCNGtybVVBTGtUSlNWdmVjM3BQZnhyZw?oc=5\" target=\"_blank\" rel=\"nofollow noopener\">\u2013 Slik kan ein bli d\u00f8md litt for i vennegjengen<\/a>&nbsp;&nbsp;morenytt.no<\/li>\n<li><a href=\"https:\/\/news.google.com\/rss\/articles\/CBMijgFBVV95cUxNRjdGSXMxN2VWeFZ4YzNJVnVkbHZGT2lhd3RKenctTTZBbVFrVWFLc3VfajhfSnJ2TXFhNy1GUFlEX0ozU2xDbnRMMTBmNTJhVUY4c3RoTlJmUDREenhNV1Jna2g1N3NiTHltakc4YUQzNDBYN3V4UGZTN2M5bE9zWmZPZUFxTTI0bFZwNXhB?oc=5\" target=\"_blank\" rel=\"nofollow noopener\">\u00abSpotify Wrapped\u00bb er her: \u2013 Jeg ble 78 \u00e5r gammel<\/a>&nbsp;&nbsp;trdby.adressa.no<\/li>\n<li><a href=\"https:\/\/news.google.com\/rss\/articles\/CBMijAFBVV95cUxPZEZiU1lBOVg4TGxEYldjVzBuR2k4S3J3UHhlT1ZYMlVqR0ktSjd3Um9TdTM5c2U0YTVXdmk3Vi1ubm1PdV9vNFNEeEtHRFNCMVNSSi1FNGNjR1Z5NENVdDFld2thM2NmMWhaZjZJUl91TmhQTmYzLVBqSnlHbW1adUFGV1pfNzVuQ1dMcA?oc=5\" target=\"_blank\" rel=\"nofollow noopener\">Dette h\u00f8rte vi p\u00e5 i 2025: L\u00e5ter p\u00e5 norsk toppet<\/a>&nbsp;&nbsp;Bergens Tidende<\/li>\n<li><a href=\"https:\/\/news.google.com\/rss\/articles\/CBMijgFBVV95cUxNSHhHR25VTmJoOUZkd053Ym1IQm1jR0tnRXdrclpxbVJxWUtVRWh3d05SREZvODZCQ0FWQkdHNjF3bmwxem9CYUVfZlV3d2tkSldBaHBHYVN5MnVtVFBMOHFiNm41OTlJT1BUZWZpSkpSdFRjakdyQXgtVXhlcTlVazVDQW5uZ1VOcjJSUW93?oc=5\" target=\"_blank\" rel=\"nofollow noopener\">Spotify wrapped: Dette h\u00f8yrde nordmenn p\u00e5 i 2025<\/a>&nbsp;&nbsp;NRK<\/li>\n<li><a href=\"https:\/\/news.google.com\/rss\/articles\/CBMilwFBVV95cUxPZVNHbWdLTU9kWE1YUGZHZUxVYmh0SzIwLXdBTHgtdXpIR3E2SGNkR195bUpmZmZiYkNjeE1XdHlPTlhiX0xIamEtQWlvM2xROEVqNGVLRURqY1MycWlQdW9hTHZXdnNvdDZVNjd0N1d0ZFBWenRlMnJ2NHZyMjByLXRoOFhrQUhyejB0SEFrdWRvU05rbTZn?oc=5\" target=\"_blank\" rel=\"nofollow noopener\">Norske podkaster dominerte i 2025 \u2013 Wolfgang Wee til topps<\/a>&nbsp;&nbsp;smp.no<\/li>\n<\/ol>\n","protected":false},"excerpt":{"rendered":"\u2013 Slik kan ein bli d\u00f8md litt for i vennegjengen&nbsp;&nbsp;morenytt.no \u00abSpotify Wrapped\u00bb er her: \u2013 Jeg ble 78&hellip;\n","protected":false},"author":2,"featured_media":105358,"comment_status":"","ping_status":"","sticky":false,"template":"","format":"standard","meta":{"footnotes":""},"categories":[58],"tags":[71,30,28,29,72],"class_list":{"0":"post-105357","1":"post","2":"type-post","3":"status-publish","4":"format-standard","5":"has-post-thumbnail","7":"category-underholdning","8":"tag-entertainment","9":"tag-no","10":"tag-norge","11":"tag-norway","12":"tag-underholdning"},"share_on_mastodon":{"url":"https:\/\/pubeurope.com\/@no\/115669020714312668","error":""},"_links":{"self":[{"href":"https:\/\/www.europesays.com\/no\/wp-json\/wp\/v2\/posts\/105357","targetHints":{"allow":["GET"]}}],"collection":[{"href":"https:\/\/www.europesays.com\/no\/wp-json\/wp\/v2\/posts"}],"about":[{"href":"https:\/\/www.europesays.com\/no\/wp-json\/wp\/v2\/types\/post"}],"author":[{"embeddable":true,"href":"https:\/\/www.europesays.com\/no\/wp-json\/wp\/v2\/users\/2"}],"replies":[{"embeddable":true,"href":"https:\/\/www.europesays.com\/no\/wp-json\/wp\/v2\/comments?post=105357"}],"version-history":[{"count":0,"href":"https:\/\/www.europesays.com\/no\/wp-json\/wp\/v2\/posts\/105357\/revisions"}],"wp:featuredmedia":[{"embeddable":true,"href":"https:\/\/www.europesays.com\/no\/wp-json\/wp\/v2\/media\/105358"}],"wp:attachment":[{"href":"https:\/\/www.europesays.com\/no\/wp-json\/wp\/v2\/media?parent=105357"}],"wp:term":[{"taxonomy":"category","embeddable":true,"href":"https:\/\/www.europesays.com\/no\/wp-json\/wp\/v2\/categories?post=105357"},{"taxonomy":"post_tag","embeddable":true,"href":"https:\/\/www.europesays.com\/no\/wp-json\/wp\/v2\/tags?post=105357"}],"curies":[{"name":"wp","href":"https:\/\/api.w.org\/{rel}","templated":true}]}}