{"id":105370,"date":"2025-12-05T21:27:08","date_gmt":"2025-12-05T21:27:08","guid":{"rendered":"https:\/\/www.europesays.com\/no\/105370\/"},"modified":"2025-12-05T21:27:08","modified_gmt":"2025-12-05T21:27:08","slug":"telefonen-din-kan-mer-enn-du-tror-den-skjulte-usb-c-funksjonen-pa-samsung-telefoner","status":"publish","type":"post","link":"https:\/\/www.europesays.com\/no\/105370\/","title":{"rendered":"Telefonen din kan mer enn du tror: Den skjulte USB-C-funksjonen p\u00e5 Samsung-telefoner"},"content":{"rendered":"<p>USB-C-porten p\u00e5 moderne Samsung-telefoner oppfattes ofte som et enkelt ladepunkt. <\/p>\n<p>Teknologien \u00e5pner likevel for en rekke funksjoner som utvider telefonens bruksomr\u00e5de betydelig. <\/p>\n<p>Mange brukere blir overrasket n\u00e5r de oppdager at porten kan brukes til langt mer enn lading, og at den i flere tilfeller kan gj\u00f8re en vanlig smarttelefon til et effektivt arbeidsverkt\u00f8y.<\/p>\n<p>Rask og stabil dataoverf\u00f8ring via kabel<\/p>\n<p>Filoverf\u00f8ring er et omr\u00e5de der USB-C fortsatt er blant de mest p\u00e5litelige l\u00f8sningene. <\/p>\n<p>En kablet tilkobling gir b\u00e5de h\u00f8y hastighet og stabilitet, noe som er s\u00e6rlig nyttig for store dokumenter, videofiler eller arbeidsoppgaver som krever en direkte forbindelse. <\/p>\n<p>For enheter som er formatert i FAT32 eller exFAT, blir USB-minnepinner og b\u00e6rbare SSD-er vanligvis gjenkjent umiddelbart, og brukeren f\u00e5r rask tilgang til filene via telefonens filbehandling.<\/p>\n<p>Det skriver <a href=\"https:\/\/www.libertatea.ro\/stiri\/cablurile-usb-c-nu-doar-incarcarea-telefoanelor-utilizatorii-de-samsung-surprinsi-una-functii-avansata-5539718\" target=\"_blank\" rel=\"noopener nofollow\">libertatea<\/a>.<\/p>\n<p>Kablet nettverk som alternativ til ustabil Wi-Fi<\/p>\n<p>USB-C st\u00f8tter ogs\u00e5 kablet nettverk gjennom en USB-til-Ethernet-adapter. Denne muligheten er spesielt nyttig i milj\u00f8er med svake Wi-Fi-signaler eller n\u00e5r store filer skal lastes ned. <\/p>\n<p>En stabil nettverksforbindelse er avgj\u00f8rende for b\u00e5de arbeid og str\u00f8mming, og muligheten til \u00e5 koble telefonen direkte til et LAN kan v\u00e6re en betydelig fordel.<\/p>\n<p>Samsung-telefoner kan i tillegg kobles til eksterne skjermer via USB-C-til-HDMI. <\/p>\n<p>Dette gir en stabil bildeoverf\u00f8ring uten forsinkelse og passer godt til presentasjoner, filmavspilling eller arbeidsbruk der stabile forbindelser er n\u00f8dvendig.<\/p>\n<p>DeX som avansert funksjon for produktivitet<\/p>\n<p>Den mest avanserte funksjonen i Samsungs \u00f8kosystem er DeX-modusen. Denne skaper et skrivebordslignende milj\u00f8 der telefonen fungerer som en mini-PC. <\/p>\n<p>Ved hjelp av en USB-hub kan brukeren koble til tastatur, mus, Ethernet og skjerm, noe som i mange tilfeller gj\u00f8r en b\u00e6rbar datamaskin overfl\u00f8dig. <\/p>\n<p>DeX er tilgjengelig p\u00e5 flere av Samsungs toppmodeller og viser tydelig hvor langt utviklingen av mobiltelefoner har kommet.<\/p>\n<p>En port med stort potensial<\/p>\n<p>USB-C-porten p\u00e5 Samsung-telefoner fungerer som et knutepunkt for tilkoblinger og kan gi mobilen funksjoner som normalt forbindes med st\u00f8rre enheter. <\/p>\n<p>Mulighetene varierer mellom modeller og USB-C-standarder, men felles for dem er at portens bruksomr\u00e5de er langt bredere enn ren lading.<\/p>\n","protected":false},"excerpt":{"rendered":"USB-C-porten p\u00e5 moderne Samsung-telefoner oppfattes ofte som et enkelt ladepunkt. Teknologien \u00e5pner likevel for en rekke funksjoner som&hellip;\n","protected":false},"author":2,"featured_media":105371,"comment_status":"","ping_status":"","sticky":false,"template":"","format":"standard","meta":{"footnotes":""},"categories":[56],"tags":[60,61,62,30,28,29],"class_list":{"0":"post-105370","1":"post","2":"type-post","3":"status-publish","4":"format-standard","5":"has-post-thumbnail","7":"category-naeringsliv","8":"tag-business","9":"tag-economy","10":"tag-naeringsliv","11":"tag-no","12":"tag-norge","13":"tag-norway"},"share_on_mastodon":{"url":"https:\/\/pubeurope.com\/@no\/115669083312034735","error":""},"_links":{"self":[{"href":"https:\/\/www.europesays.com\/no\/wp-json\/wp\/v2\/posts\/105370","targetHints":{"allow":["GET"]}}],"collection":[{"href":"https:\/\/www.europesays.com\/no\/wp-json\/wp\/v2\/posts"}],"about":[{"href":"https:\/\/www.europesays.com\/no\/wp-json\/wp\/v2\/types\/post"}],"author":[{"embeddable":true,"href":"https:\/\/www.europesays.com\/no\/wp-json\/wp\/v2\/users\/2"}],"replies":[{"embeddable":true,"href":"https:\/\/www.europesays.com\/no\/wp-json\/wp\/v2\/comments?post=105370"}],"version-history":[{"count":0,"href":"https:\/\/www.europesays.com\/no\/wp-json\/wp\/v2\/posts\/105370\/revisions"}],"wp:featuredmedia":[{"embeddable":true,"href":"https:\/\/www.europesays.com\/no\/wp-json\/wp\/v2\/media\/105371"}],"wp:attachment":[{"href":"https:\/\/www.europesays.com\/no\/wp-json\/wp\/v2\/media?parent=105370"}],"wp:term":[{"taxonomy":"category","embeddable":true,"href":"https:\/\/www.europesays.com\/no\/wp-json\/wp\/v2\/categories?post=105370"},{"taxonomy":"post_tag","embeddable":true,"href":"https:\/\/www.europesays.com\/no\/wp-json\/wp\/v2\/tags?post=105370"}],"curies":[{"name":"wp","href":"https:\/\/api.w.org\/{rel}","templated":true}]}}