{"id":105377,"date":"2025-12-05T21:40:15","date_gmt":"2025-12-05T21:40:15","guid":{"rendered":"https:\/\/www.europesays.com\/no\/105377\/"},"modified":"2025-12-05T21:40:15","modified_gmt":"2025-12-05T21:40:15","slug":"russland-misnoye-stadig-flere-kritiske-russere-prisene-stiger-og-krigen-drar-ut","status":"publish","type":"post","link":"https:\/\/www.europesays.com\/no\/105377\/","title":{"rendered":"Russland, Misn\u00f8ye | Stadig flere kritiske russere: \u2013 Prisene stiger og krigen drar ut"},"content":{"rendered":"\n<p>Hver m\u00e5ned stiller det russiske, uavhengige meningsm\u00e5lingsbyr\u00e5et Levada russerne flere sp\u00f8rsm\u00e5l, blant annet om de synes at landet generelt beveger seg i riktig retning.<\/p>\n<p>I mars i \u00e5r mente <a rel=\"Follow nofollow noopener\" href=\"https:\/\/www.levada.ru\/indikatory\/polozhenie-del-v-strane\/\" target=\"_blank\">74 prosent<\/a> at landet var inne i en positiv utvikling. Siden den gang har tallet g\u00e5tt sakte, men sikkert nedover. N\u00e5 svarer bare <a rel=\"Follow nofollow noopener\" href=\"https:\/\/www.levada.ru\/2025\/12\/02\/massovye-predstavleniya-o-polozhenii-del-v-strane-i-sotsialnoe-samochuvstvie-v-noyabre-2025-goda\/\" target=\"_blank\">65 prosent<\/a> det samme.<\/p>\n<p>De russerne som n\u00e5 mener landet beveger seg i feil retning, begrunner dette med \u00abstigende priser\u00bb, \u00ablave pensjoner og l\u00f8nninger\u00bb, at \u00abkrigen drar ut\u00bb og at \u00abv\u00e5re menn d\u00f8r\u00bb, melder russiske <a rel=\"Follow nofollow noopener\" href=\"https:\/\/www.levada.ru\/2025\/12\/02\/massovye-predstavleniya-o-polozhenii-del-v-strane-i-sotsialnoe-samochuvstvie-v-noyabre-2025-goda\/\" target=\"_blank\">Levada<\/a>.<\/p>\n<p>L\u00f8nningene strekker ikke til<\/p>\n<p>Sjefsforsker ved Forsvarets forskningsinstitutt (FFI) Kristian \u00c5tland har fulgt Russland tett i mer enn 30 \u00e5r. Han sier til Nettavisen at tallene virker \u00e5 v\u00e6re et uttrykk for voksende frustrasjon over at krigen i Ukraina ikke tar slutt.<\/p>\n<p>\u2013 Krigens \u00f8konomiske og menneskelige omkostninger merkes i st\u00f8rre grad enn f\u00f8r. Russlands forsvarsutgifter legger beslag p\u00e5 en stadig st\u00f8rre del av samfunnets ressurser, og dette g\u00e5r igjen ut over andre sektorer og samfunnsoppgaver, sier \u00c5tland.<\/p>\n<p>Inflasjonen i landet er h\u00f8y, forteller \u00c5tland. Den er p\u00e5 litt i underkant av sju prosent, som er godt over styringsm\u00e5let p\u00e5 fire prosent.<\/p>\n<p>\u2013 Det merker den jevne russer. Ting blir dyrere, og stadig st\u00f8rre deler av befolkningen opplever at deres l\u00f8nninger eller pensjoner ikke strekker til, sier sjefsforskeren.<\/p>\n<p><b>Les ogs\u00e5: <a rel=\"Follow nofollow noopener\" href=\"https:\/\/www.nettavisen.no\/nyheter\/russland-sliter-okonomisk-bedriftene-klager\/s\/5-95-2702002\" target=\"_blank\">Russland sliter \u00f8konomisk: \u2013 Bedriftene klager<\/a><\/b><\/p>\n<p>Mindre forn\u00f8yde med myndighetene<\/p>\n<p>\u2013 Dette gir seg utslag i \u00f8kende misn\u00f8ye med landets makthavere, inkludert , statsminister Misjustin og president Putin, legger \u00c5tland til.<\/p>\n<p>   <img decoding=\"async\" width=\"1534\" height=\"790\" fetchpriority=\"low\"  loading=\"lazy\"  src=\"https:\/\/www.europesays.com\/no\/wp-content\/uploads\/2025\/12\/Dumaens+popularitet+kopi+liten.jpg\" alt=\"\" class=\"brick-c-cFOWSL\" style=\"--brick-image-ratio: 1534 \/ 790;\"\/><\/p>\n<p>      NEDOVER: Dumaens popularitet fikk seg et hopp da russerne stilte seg bak invasjonen, men har de siste m\u00e5nedene g\u00e5tt nedover.<br \/>\n      Foto: Levada.ru\n    <\/p>\n<p>Ogs\u00e5 befolkningens tillit til utenriksminister Sergej Lavrov er p\u00e5 vei nedover, noterer \u00c5tland seg.<\/p>\n<p>   <img decoding=\"async\" width=\"1399\" height=\"815\" fetchpriority=\"low\"  loading=\"lazy\"  src=\"https:\/\/www.europesays.com\/no\/wp-content\/uploads\/2025\/12\/Lavrov+popularitet.jpg\" alt=\"\" class=\"brick-c-cFOWSL\" style=\"--brick-image-ratio: 1399 \/ 815;\"\/><\/p>\n<p>      NEDOVER: Sergej Lavrov (oransje linje) har v\u00e6rt Russlands frontfigur i fredsforhandlingene. Meningsm\u00e5lingene tyder p\u00e5 at han ikke lenger har mye tillit i befolkningen, sammenlignet med det han hadde rundt midten av 2010-tallet.<br \/>\n      Foto: Levada.ru\n    <\/p>\n<p>\u2013 Lavrov ble i mange \u00e5r ansett som en erfaren diplomat med stor internasjonal tyngde, men i de siste \u00e5rene har hans offentlige fremtoning blitt stadig mer konfronterende og propagandistisk. Det har ogs\u00e5 v\u00e6rt en del anledninger i senere tid der han har v\u00e6rt plassert p\u00e5 sidelinjen og erstattet av yngre kolleger, senest p\u00e5 G20-m\u00f8tet i S\u00f8r-Afrika i november, sier \u00c5tland.<\/p>\n<p><b>Les ogs\u00e5: <a rel=\"Follow nofollow noopener\" href=\"https:\/\/www.nettavisen.no\/nyheter\/her-blir-lavrov-grillet-enten-sikter-dere-darlig-eller-sa-angriper-dere-sivile-hva-er-korrekt\/s\/5-95-2582702\" target=\"_blank\">Her blir Lavrov grillet: \u2013 Enten sikter dere elendig, eller s\u00e5 angriper dere sivile. Hva er korrekt?<\/a><\/b><\/p>\n<p>Dette har gitt opphav til spekulasjoner om hvorvidt Putin fortsatt har tillit til sin utenriksminister, legger sjefsforskeren til.<\/p>\n<p>\u2013 Kanskje er Lavrovs mer enn 21 \u00e5r lange karriere som russisk utenriksminister i fred med \u00e5 g\u00e5 mot slutten, sier \u00c5tland.<\/p>\n<p>    Vil du se neste video?<\/p>\n<p>    <a href=\"https:\/\/www.nettavisen.no\/fredrik-solvang\/jonas-gahr-store\/debatten\/fredrik-solvang-himler-av-jonas-gahr-store-men-i-alle\/v\/5-95-2751917\" class=\"recommend-poster\" data-adp-clicklabel=\"video-recommend\" data-adp-clickvalue=\"poster\" rel=\"nofollow noopener\" target=\"_blank\"><br \/>\n      <img decoding=\"async\" width=\"200\" height=\"200\" loading=\"lazy\" src=\"https:\/\/www.europesays.com\/no\/wp-content\/uploads\/2025\/11\/Solvang+bredde.jpg\" alt=\"\" class=\"brick-c-cFOWSL\" style=\"--brick-image-ratio: 200 \/ 200;\"\/><\/p>\n<p>Himler av St\u00f8re: \u2013 Men i alle\u20261:06<\/p>\n<p>    <\/a><\/p>\n<p>        Russlands utenriksminister, Sergej Lavrov, forteller i et nytt intervju at det ikke er aktuelt \u00e5 innfri Donald Trumps \u00f8nske. Samtidig anklager han Ukraina for atomfare.<\/p>\n<p>Ogs\u00e5 Putins popularitet er s\u00e5 vidt p\u00e5 vei nedover. I et autorit\u00e6rt land som Russland er det ikke sikkert at alle t\u00f8r \u00e5 si sin \u00e6rlige mening n\u00e5r de blir kontaktet av et meningsm\u00e5lingsbyr\u00e5, men p\u00e5 sp\u00f8rsm\u00e5l om Putin gj\u00f8r en god jobb svarer n\u00e5 84 prosent ja. Det er ned tre prosentpoeng siden september i \u00e5r.<\/p>\n<p>\u2013 Den jevne russer er apatisk<\/p>\n<p>\u2013 Hvor langt unna et folkeoppr\u00f8r er man?<\/p>\n<p>\u2013 Det er i dag lite som tyder p\u00e5 at et folkelig oppr\u00f8r mot Putin-regimet er n\u00e6rt forest\u00e5ende. Til det er den jevne russer altfor apatisk. Mange synes \u00e5 prioritere personlig overlevelse fremfor politisk engasjement, svarer \u00c5tland.<\/p>\n<p>   <img decoding=\"async\" width=\"8640\" height=\"5760\" fetchpriority=\"low\"  loading=\"lazy\"  src=\"https:\/\/www.europesays.com\/no\/wp-content\/uploads\/2025\/12\/NTB_gSiH6IWEPqA.jpg\" alt=\"Women pose for a selfie in front of a Christmas tree at the Christmas fair opened at Manezhnaya square near Red Square in Moscow, Wednesday, Dec. 3, 2025. (AP Photo\/Alexander Zemlianichenko)&#10;webwe\" class=\"brick-c-cFOWSL\" style=\"--brick-image-ratio: 8640 \/ 5760;\"\/><\/p>\n<p>      ROLIG: Juleforberedelsene er i gang i den russiske hovedstaden. Her fra sentrum av Moskva, 3. desember 2025.<br \/>\n      Foto: Alexander Zemlianichenko (AP Photo)\n    <\/p>\n<p>Han legger til at selv om tilliten til Russlands makthavere er nedadg\u00e5ende, er det fortsatt et flertall \u2013 rundt to tredeler av befolkningen \u2013 som mener at landet beveger seg i riktig retning.<\/p>\n<p>\u2013 Russerne m\u00e5 nok oppleve at de f\u00e5r det mye d\u00e5rligere materielt f\u00f8r de i det hele tatt vurderer \u00e5 ta til gatene for \u00e5 protestere. Det har riktignok v\u00e6rt till\u00f8p til protester mot b\u00e5de Putin og mot krigen i Ukraina, senest i St. Petersburg i oktober, men omfanget har hittil v\u00e6rt sv\u00e6rt beskjedent. Slike protester representerer ingen reel trussel mot det sittende regimet, sier \u00c5tland.<\/p>\n<p>   <img decoding=\"async\" width=\"7955\" height=\"5304\" fetchpriority=\"low\"  loading=\"lazy\"  src=\"https:\/\/www.europesays.com\/no\/wp-content\/uploads\/2025\/12\/NTB_Tzu7RdzVbK4.jpg\" alt=\"A woman takes pictures of the New Year decorations at Manezhnaya square in Moscow, Russia, Wednesday, Dec. 3, 2025. (AP Photo\/Pavel Bednyakov)\" class=\"brick-c-cFOWSL\" style=\"--brick-image-ratio: 7955 \/ 5304;\"\/><\/p>\n<p>      HVERDAGSLIV: Moskvas innbyggere er i snitt blant de mest velst\u00e5ende russerne.<br \/>\n      Foto: Pavel Bednyakov (AP Photo)\n    <\/p>\n<p>  Internett-brukerne mest kritiske<\/p>\n<p>Levadas bakgrunnstall viser at det stadig er et skille mellom de som stoler p\u00e5 fjernsyn som informasjonskilde, og de som heller tyr til sosiale medier og russiske milit\u00e6rbloggere p\u00e5 Telegram. TV-seerne er i langt st\u00f8rre grad positive til russiske myndigheter og landets utvikling.<\/p>\n<p>\u2013 Russisk TV fungerer i stor grad som et taler\u00f8r for myndighetene, og det som formidles der har selvsagt en effekt p\u00e5 befolkningens holdning til makthaverne. De fleste nasjonale TV-kanalene eies direkte av staten eller av selskaper med tette b\u00e5nd til Kreml, noe som gir regjeringen kontroll over b\u00e5de nyhetsdekning og underholdningsinnhold. Som TV-seer blir man eksponert for massiv propaganda fra morgen til kveld, sier \u00c5tland, og legger til:<\/p>\n<p>\u2013 Alternative verdensanskuelser og regimekritikk kommer sjelden eller aldri til utrykk i etermediene. Journalister som utfordrer den offisielle linjen, risikerer \u00e5 miste jobben eller bli straffeforfulgt, og i verste fall drept. Informasjonstilgangen er kanskje bedre i sosiale medier, som er vanskeligere \u00e5 sensurere.<\/p>\n<p>Gjennom krigen har man sett flere eksempler p\u00e5 at russiske milit\u00e6rbloggere langer ut mot egne myndigheter, <a rel=\"Follow nofollow noopener\" href=\"https:\/\/www.nettavisen.no\/nyheter\/russland-hevder-pokrovsk-er-omringet-far-refs-av-sine-egne\/s\/5-95-2694144\" target=\"_blank\">blant annet da Putin allerede i oktober<\/a> hevdet at de ukrainske styrkene i Pokrovsk var omringet, selv om dette ikke var tilfelle p\u00e5 det tidspunktet.<\/p>\n<p><b>Les mer: <a rel=\"Follow nofollow noopener\" href=\"https:\/\/www.nettavisen.no\/nyheter\/russland-hevder-pokrovsk-er-omringet-far-refs-av-sine-egne\/s\/5-95-2694144\" target=\"_blank\">Russland hevder Pokrovsk er omringet \u2013 f\u00e5r refs av sine egne<\/a><\/b><\/p>\n<p>Moskvas befolkning er sk\u00e5net<\/p>\n<p>Levadas rapport viser ogs\u00e5 at Moskvas innbyggere er mest forn\u00f8yd med landets utvikling, mens innbyggere i mindre byer er mest misforn\u00f8yd.<\/p>\n<p>\u2013 Hvorfor er det slik?<\/p>\n<p>\u2013 Rent materielt har man det bedre i Moskva, St. Petersburg og andre storbyer enn i provinsen. L\u00f8nnsniv\u00e5et i de sentrale og urbane delene av Russland har tradisjonelt v\u00e6rt h\u00f8yere enn p\u00e5 landsbygda, og utvalget av varer og tjenester er bredere, sier \u00c5tland til Nettavisen.<\/p>\n<p>   <img decoding=\"async\" width=\"2448\" height=\"1215\" fetchpriority=\"low\"  loading=\"lazy\"  src=\"https:\/\/www.europesays.com\/no\/wp-content\/uploads\/2025\/11\/dagestan+street+view.jpg\" alt=\"\" class=\"brick-c-cFOWSL\" style=\"--brick-image-ratio: 2448 \/ 1215;\"\/><\/p>\n<p>      FATTIG: Bilder fra landsbygden i Dagestan tyder p\u00e5 at regionen slet \u00f8konomisk ogs\u00e5 f\u00f8r fullskalainvasjonen. Her fra april 2021.<br \/>\n      Foto: Google Street View\n    <\/p>\n<p>Han legger til at infrastrukturen er mer utviklet i storbyene.<\/p>\n<p>\u2013 Noe som gjerne gj\u00f8r hverdagen enklere og mer komfortabel. Her finner man boliger og kj\u00f8pesentre av h\u00f8yere standard, flere og bedre utdanningsinstitusjoner og et mer variert kultur- og underholdningstilbud. Man har ogs\u00e5 tilgang til bedre helsetjenester enn i provinsen. De som bor i storbyene har i det hele tatt flere muligheter, og de har i stor grad v\u00e6rt forsk\u00e5net fra \u00e5 m\u00e5tte gj\u00f8re krigstjeneste i Ukraina, sier FFI-sjefsforskeren.<\/p>\n<p>Blant de som kjemper og d\u00f8r p\u00e5 slagmarken i Ukraina har det hele tiden v\u00e6rt en overrepresentasjon av folk fra lavere sosiale lag og med en annen etnisk bakgrunn enn russisk, legger han til.<\/p>\n<p>\u2013 Eksempelvis unge menn fra fattige provinsregioner i Sibir og Det fjerne \u00f8sten, sier \u00c5tland.<\/p>\n","protected":false},"excerpt":{"rendered":"Hver m\u00e5ned stiller det russiske, uavhengige meningsm\u00e5lingsbyr\u00e5et Levada russerne flere sp\u00f8rsm\u00e5l, blant annet om de synes at landet&hellip;\n","protected":false},"author":2,"featured_media":105379,"comment_status":"","ping_status":"","sticky":false,"template":"","format":"standard","meta":{"footnotes":""},"categories":[12],"tags":[20,21,24,25,15,22,23,13,30,28,29,14,16,26,27,42,43,44,45],"class_list":{"0":"post-105377","1":"post","2":"type-post","3":"status-publish","4":"format-standard","5":"has-post-thumbnail","7":"category-verden","8":"tag-breaking-news","9":"tag-breakingnews","10":"tag-featured-news","11":"tag-featurednews","12":"tag-headlines","13":"tag-latest-news","14":"tag-latestnews","15":"tag-news","16":"tag-no","17":"tag-norge","18":"tag-norway","19":"tag-nyheter","20":"tag-overskrifter","21":"tag-top-stories","22":"tag-topstories","23":"tag-verden","24":"tag-world","25":"tag-world-news","26":"tag-worldnews"},"share_on_mastodon":{"url":"","error":""},"_links":{"self":[{"href":"https:\/\/www.europesays.com\/no\/wp-json\/wp\/v2\/posts\/105377","targetHints":{"allow":["GET"]}}],"collection":[{"href":"https:\/\/www.europesays.com\/no\/wp-json\/wp\/v2\/posts"}],"about":[{"href":"https:\/\/www.europesays.com\/no\/wp-json\/wp\/v2\/types\/post"}],"author":[{"embeddable":true,"href":"https:\/\/www.europesays.com\/no\/wp-json\/wp\/v2\/users\/2"}],"replies":[{"embeddable":true,"href":"https:\/\/www.europesays.com\/no\/wp-json\/wp\/v2\/comments?post=105377"}],"version-history":[{"count":0,"href":"https:\/\/www.europesays.com\/no\/wp-json\/wp\/v2\/posts\/105377\/revisions"}],"wp:featuredmedia":[{"embeddable":true,"href":"https:\/\/www.europesays.com\/no\/wp-json\/wp\/v2\/media\/105379"}],"wp:attachment":[{"href":"https:\/\/www.europesays.com\/no\/wp-json\/wp\/v2\/media?parent=105377"}],"wp:term":[{"taxonomy":"category","embeddable":true,"href":"https:\/\/www.europesays.com\/no\/wp-json\/wp\/v2\/categories?post=105377"},{"taxonomy":"post_tag","embeddable":true,"href":"https:\/\/www.europesays.com\/no\/wp-json\/wp\/v2\/tags?post=105377"}],"curies":[{"name":"wp","href":"https:\/\/api.w.org\/{rel}","templated":true}]}}