{"id":105381,"date":"2025-12-05T21:41:14","date_gmt":"2025-12-05T21:41:14","guid":{"rendered":"https:\/\/www.europesays.com\/no\/105381\/"},"modified":"2025-12-05T21:41:14","modified_gmt":"2025-12-05T21:41:14","slug":"skatteregningen-barbert-etter-dubai-flytting","status":"publish","type":"post","link":"https:\/\/www.europesays.com\/no\/105381\/","title":{"rendered":"Skatteregningen barbert etter Dubai-flytting"},"content":{"rendered":"<p>Onsdag kom de \u00e5rlige skattelistene, hvor man har mulighet til \u00e5 sjekke likningstallene til norske skattebetalere &#8211; alts\u00e5 nettoinntekt, skatt og formue.\u00a0<\/p>\n<p>Tradisjon tro lager ogs\u00e5 norske medier oversikt over personer av offentlig interesse &#8211; som kjendiser.<\/p>\n<p> Det er ikke n\u00f8dvendigvis slik at man, dersom man pakker kofferten og endrer folkeregistrert adresse, slipper \u00e5 betale skatt til Norge.\u00a0<\/p>\n<p>Mikroskopisk skatteregning<\/p>\n<p>Flere norske kjendiser har bosatt seg utenfor Norges grenser.\u00a0<\/p>\n<p>Blant dem er reality-profil Cristian Brennhovd (26), som det seneste halv\u00e5ret har kjempet en innbitt kamp mot Lotteritilsynet. De\u00a0<a href=\"https:\/\/www.tv2.no\/underholdning\/nekter-a-betale-dagboter-pa-over-600000-kroner\/18325675\/\" rel=\"nofollow noopener\" target=\"_blank\">krever ham for dr\u00f8ye 600.000 kroner<\/a>\u00a0som f\u00f8lge av det de mener er ulovlig markedsf\u00f8ring for pengespill.<\/p>\n<p>Brennhovd mener selv at han ikke favnes av den norske markedsf\u00f8ringsloven, da han flyttet til Latvia i fjor.\u00a0<\/p>\n<p>Da TV 2 snakket med TV-kjendisen etter stortingsvalget, gjorde han det klinkende klart at han ikke <a href=\"https:\/\/www.tv2.no\/underholdning\/nekter-a-bo-i-norge-etter-valget\/18081944\/\" rel=\"nofollow noopener\" target=\"_blank\">kom til \u00e5 flytte hjem s\u00e5 lenge det er r\u00f8dgr\u00f8nn regjering.<\/a><\/p>\n<p>Han viste til skatt og levekostnader som hovedmotivasjon for \u00e5 bo utenlands &#8211; til tross for at han siden 2019 &#8211; da han f\u00f8rst dukket opp i skattelistene, har betalt totalt 162.000 kroner.<\/p>\n<p>G\u00e5r i pluss<\/p>\n<p>\u2013 Jeg tror vi har gjort en kjempefeil ved \u00e5 velge r\u00f8dgr\u00f8nn regjering igjen. Det er fire \u00e5r med d\u00e5rlig \u00f8konomi for veldig mange. N\u00e5r jeg flytter, driter jeg i norsk \u00f8konomi, sa han til TV 2 etter valget.<\/p>\n<p>Han vil ikke kommentere denne saken.<\/p>\n<p>        <img class=\"image__img lazyload\" itemprop=\"image\" title=\"Foto: Camila Blok \/ God morgen Norge\" alt=\"LATVIA: Cristian Brennhovd flyttet til Latvia - og ville ikke bo i Norge s\u00e5 lenge det er r\u00f8dgr\u00f8nn regjering. Foto: Camila Blok \/ God morgen Norge\" width=\"675\" height=\"507\" bad-src=\"https:\/\/www.europesays.com\/no\/wp-content\/uploads\/2025\/12\/18350332.webp\" fetchpriority=\"auto\" \/><\/p>\n<p>      LATVIA: Cristian Brennhovd flyttet til Latvia &#8211; og ville ikke bo i Norge s\u00e5 lenge det er r\u00f8dgr\u00f8nn regjering.<br \/>\n         Foto: Camila Blok \/ God morgen Norge<\/p>\n<p>If\u00f8lge skattelistene ble skatteregningen hans i 2024 p\u00e5 9.000 kroner &#8211; like mye som han betalte \u00e5ret f\u00f8r. Begge \u00e5rene var han oppf\u00f8rt med rundt 90.000 kroner i inntekt &#8211; og 0 kroner i formue.<\/p>\n<p>Brennhovd er oppf\u00f8rt med beskjeden inntekt og skatt, ogs\u00e5 i \u00e5rene f\u00f8r dette, p\u00e5 det meste en inntekt p\u00e5 250.000 kroner i 2022.<\/p>\n<p>I regjeringens <a href=\"https:\/\/www.regjeringen.no\/contentassets\/91bdfca9231d45408e8107a703fee790\/no\/pdfs\/stm202020210014000dddpdfs.pdf\" rel=\"nofollow noopener\" target=\"_blank\">perspektivmelding <\/a>fra 2021 framkom det at menn fram til de er 25 \u00e5r koster det norske samfunnet 6,3 millioner kroner i snitt.\u00a0<\/p>\n<p class=\"bold m-bold\" data-lab-font_weight=\"bold\">Dermed ligger Brennhovd godt i pluss, tatt i betraktning hva han er oppgitt \u00e5 ha bidratt med av skattepenger.<\/p>\n<p>Begrenset innsyn &#8211; og skatt<\/p>\n<p>Influenser Isabel Raad (31) har bosatt seg i Dubai, i De forente arabiske emirater. Her har hun bodd siden 2023.<\/p>\n<p>Onsdag kom ogs\u00e5 fasiten p\u00e5 hvor mye av inntekten hennes som tilfalt den norske skattekassa i fjor &#8211; 17.000 kroner. Det er stor kontrast til 2023, hvor bel\u00f8pet l\u00f8d p\u00e5 n\u00e6rmere 700.000 kroner.<\/p>\n<p class=\"bold m-bold\" data-lab-font_weight=\"bold\">Raad var i 2024 oppf\u00f8rt med en inntekt p\u00e5 50.000 kroner, samt en formue p\u00e5 2,7 millioner.\u00a0<\/p>\n<p><a href=\"https:\/\/www.tv2.no\/underholdning\/dramatisk-fall-for-isabel-raads-selskap\/17832051\/\" rel=\"nofollow noopener\" target=\"_blank\">TV 2<\/a> skrev i sommer at selskapet Isabel Raad AS har hatt en betydning nedgang fra 2023 til 2024. Det betyr likevel ikke at inntektene har forsvunnet. Raad har gjort store endringer i selskapsstrukturen, blant annet ved \u00e5 registrere deler av forretningene sine i Dubai.<\/p>\n<p class=\"bold m-bold\" data-lab-font_weight=\"bold\">Dermed begrenser hun ogs\u00e5 hvor mye innsyn offentligheten har i bedriftene hennes.<\/p>\n<p>Flyttet til Estland<\/p>\n<p>Ogs\u00e5 Tiktok-profil Sebastian \u00abBaris\u00bb Brevik (27) har forlatt fedrelandet til fordel for de baltiske land. Han meldte flytting til Estland tidligere i \u00e5r, noe som dermed ikke vil ha innvirkning p\u00e5 skattelistene for 2024.\u00a0<\/p>\n<p>Han har ved flere anledninger kritisert norsk skattepolitikk.\u00a0<\/p>\n<p>        <img class=\"image__img lazyload\" itemprop=\"image\" title=\"Foto: Goran Jorganovich  \/ TV 2\" alt=\"ESTLAND: Sebastian Brevik betalte 232.000 i skatt. Foto: Goran Jorganovich  \/ TV 2\" width=\"675\" height=\"412\" bad-src=\"https:\/\/www.europesays.com\/no\/wp-content\/uploads\/2025\/12\/18353511.webp\" fetchpriority=\"auto\" \/><\/p>\n<p>      ESTLAND: Sebastian Brevik betalte 232.000 i skatt.<br \/>\n         Foto: Goran Jorganovich  \/ TV 2<\/p>\n<p>Likevel betalte han mer til fellesskapet enn sine nevnte influenserkolleger i fjor med sine 232.000 kroner.\u00a0<\/p>\n<p>Brevik var i 2024 oppf\u00f8rt med en inntekt p\u00e5 775.000 kroner, en formue p\u00e5 3,2 millioner.<\/p>\n","protected":false},"excerpt":{"rendered":"Onsdag kom de \u00e5rlige skattelistene, hvor man har mulighet til \u00e5 sjekke likningstallene til norske skattebetalere &#8211; alts\u00e5&hellip;\n","protected":false},"author":2,"featured_media":105382,"comment_status":"","ping_status":"","sticky":false,"template":"","format":"standard","meta":{"footnotes":""},"categories":[10],"tags":[20,21,24,25,15,22,23,13,30,28,29,14,16,26,27],"class_list":{"0":"post-105381","1":"post","2":"type-post","3":"status-publish","4":"format-standard","5":"has-post-thumbnail","7":"category-norge","8":"tag-breaking-news","9":"tag-breakingnews","10":"tag-featured-news","11":"tag-featurednews","12":"tag-headlines","13":"tag-latest-news","14":"tag-latestnews","15":"tag-news","16":"tag-no","17":"tag-norge","18":"tag-norway","19":"tag-nyheter","20":"tag-overskrifter","21":"tag-top-stories","22":"tag-topstories"},"share_on_mastodon":{"url":"https:\/\/pubeurope.com\/@no\/115669138348635476","error":""},"_links":{"self":[{"href":"https:\/\/www.europesays.com\/no\/wp-json\/wp\/v2\/posts\/105381","targetHints":{"allow":["GET"]}}],"collection":[{"href":"https:\/\/www.europesays.com\/no\/wp-json\/wp\/v2\/posts"}],"about":[{"href":"https:\/\/www.europesays.com\/no\/wp-json\/wp\/v2\/types\/post"}],"author":[{"embeddable":true,"href":"https:\/\/www.europesays.com\/no\/wp-json\/wp\/v2\/users\/2"}],"replies":[{"embeddable":true,"href":"https:\/\/www.europesays.com\/no\/wp-json\/wp\/v2\/comments?post=105381"}],"version-history":[{"count":0,"href":"https:\/\/www.europesays.com\/no\/wp-json\/wp\/v2\/posts\/105381\/revisions"}],"wp:featuredmedia":[{"embeddable":true,"href":"https:\/\/www.europesays.com\/no\/wp-json\/wp\/v2\/media\/105382"}],"wp:attachment":[{"href":"https:\/\/www.europesays.com\/no\/wp-json\/wp\/v2\/media?parent=105381"}],"wp:term":[{"taxonomy":"category","embeddable":true,"href":"https:\/\/www.europesays.com\/no\/wp-json\/wp\/v2\/categories?post=105381"},{"taxonomy":"post_tag","embeddable":true,"href":"https:\/\/www.europesays.com\/no\/wp-json\/wp\/v2\/tags?post=105381"}],"curies":[{"name":"wp","href":"https:\/\/api.w.org\/{rel}","templated":true}]}}