{"id":105394,"date":"2025-12-05T21:51:15","date_gmt":"2025-12-05T21:51:15","guid":{"rendered":"https:\/\/www.europesays.com\/no\/105394\/"},"modified":"2025-12-05T21:51:15","modified_gmt":"2025-12-05T21:51:15","slug":"espen-eckbo-om-arets-julekalender-suksess","status":"publish","type":"post","link":"https:\/\/www.europesays.com\/no\/105394\/","title":{"rendered":"Espen Eckbo om \u00e5rets julekalender-suksess:"},"content":{"rendered":"<p class=\"kicker \" style=\"\">Espen Eckbo:<\/p>\n<p>  Julekalenderkongen Espen Eckbo letter p\u00e5 sl\u00f8ret om \u00e5rets NRK-suksess.<\/p>\n<p>\n    POPUL\u00c6R: I disse dager ruller nye julekalendere over TV-skjermen, og NRKs \u00abNissene i skjul\u00bb har alledere f\u00e5tt stor oppmerksomhet blant seerne. Foto: NRK\n  <\/p>\n<p> Julekalenderkrigen er virkelig i gang mellom NRK og TV 2, og forel\u00f8pig er det f\u00f8rstenevntes\u00a0<a href=\"https:\/\/www.dagbladet.no\/kjendis\/avviser-parodi-ryktene\/83941239\" rel=\"nofollow noopener\" target=\"_blank\">\u00abNissene i skjul\u00bb<\/a> som har lokket til seg flest seere.\u00a0<\/p>\n<p> Nesten \u00e9n million fikk med seg f\u00f8rste episode av NRKs nye julekalender p\u00e5 under et d\u00f8gn, if\u00f8lge <a href=\"https:\/\/www.kampanje.com\/medier\/nrk-knuser-tv-2-i-forste-runde-av-julekalender-kampen\/964726?utm_source=sdrn%3Avg%3Aarticle%3A43jMde\" rel=\"nofollow noopener\" target=\"_blank\">Kampanje<\/a>. TV 2s \u00abRampenissen\u00bb m\u00e5tte derimot ta til takke med noen hundre tusen f\u00e6rre, n\u00e6rmere bestemt 593.000 seere, p\u00e5 sin f\u00f8rste episode. <\/p>\n<p>    <a itemprop=\"url\" href=\"https:\/\/www.dagbladet.no\/kjendis\/avviser-parodi-ryktene\/83941239\" rel=\"nofollow noopener\" target=\"_blank\"><\/p>\n<p>      <img loading=\"lazy\" decoding=\"async\" src=\"https:\/\/www.europesays.com\/no\/wp-content\/uploads\/2025\/12\/83941295.webp\" width=\"147\" height=\"98\" title=\"Avviser parodi-ryktene\" alt=\"\" class=\"lazyload\" style=\"--aspect-ratio-image: 1.50; \"\/><\/p>\n<p>        Avviser parodi-ryktene<\/p>\n<p>    <\/a><\/p>\n<p>For den oppvakte TV-titter er det mange likheter mellom \u00abNissene i skjul\u00bb og de fiktive julerealityklassikerne \u00abNissene p\u00e5 l\u00e5ven\u00bb, \u00abNissene over skog og hei\u00bb og \u00abNissene i bingen\u00bb.\u00a0<\/p>\n<p>Mye av b\u00e5de innpakningen og innholdet\u00a0er n\u00e6rt beslektet med de tre klassikerne fra Discovery.<\/p>\n<p>        \u00abSKAL VI DANSE\u00bb: Danseprogrammet har f\u00e5tt kritikk fra streetdance-milj\u00f8et. Video: \u00abSkal vi danse\u00bb\/TV 2, R\u00f8d L\u00f8per\/Nora Skavhaug<\/p>\n<p>&#8211; Et verdig punktum\t<\/p>\n<p>Det er heller ikke s\u00e5 rart for den ferske serien er produsert av Espen Eckbo (52) og Kristian \u00d8deg\u00e5rds (51) selskap Seefood. Eckbo understreker overfor Dagbladet at han ikke har v\u00e6rt delaktig\u00a0i det kreative arbeidet.\u00a0<\/p>\n<p>          <img loading=\"lazy\" decoding=\"async\" src=\"https:\/\/www.europesays.com\/no\/wp-content\/uploads\/2025\/12\/83946022.webp\" width=\"686\" height=\"817\" title=\"JULEKALENDER: I 2001 skapte Eckbo, sammen med Kristian \u00d8deg\u00e5rd, publikumssuksessen \u00abNissene p\u00e5 l\u00e5ven\u00bb. Han spiller ogs\u00e5 to av rollene i serien og videref\u00f8rte dem begge i oppf\u00f8lgerne: \u00abNissene over skog og hei\u00bb (2011) og \u00abNissene i bingen\u00bb (2021). Foto: Kristin Svorte \/ Dagbladet\" alt=\"\" class=\"\" style=\"--aspect-ratio-image: 0.84; \"\/><\/p>\n<p>\n          JULEKALENDER: I 2001 skapte Eckbo, sammen med Kristian \u00d8deg\u00e5rd, publikumssuksessen \u00abNissene p\u00e5 l\u00e5ven\u00bb. Han spiller ogs\u00e5 to av rollene i serien og videref\u00f8rte dem begge i oppf\u00f8lgerne: \u00abNissene over skog og hei\u00bb (2011) og \u00abNissene i bingen\u00bb (2021). Foto: Kristin Svorte \/ Dagbladet\n      <\/p>\n<p>&#8211; Vi laget tilsammen 3 sesonger selv, en hvert tiende \u00e5r. Det ble en 20 \u00e5r lang TV-triologi som fullf\u00f8rer et par lange historier, og det f\u00f8ltes som et verdig punktum. Samtidig inns\u00e5 vi at formatet fortsatt kunne fylles med mye morsomt og oppdatert innhold, hvis vi fikk med oss de riktige kreftene til \u00e5 gj\u00f8re det. Og riktigere krefter enn Kevin, Herman og Mikkel var det ikke mulig \u00e5 se for seg, sier han.<\/p>\n<p>Til tross for flere likheter er Eckbo tydelig p\u00e5 at han ikke har v\u00e6rt veldig delaktig i kulissene heller.<\/p>\n<p>    <a itemprop=\"url\" href=\"https:\/\/www.dagbladet.no\/kjendis\/klagestorm-mot-nrk\/83943239\" rel=\"nofollow noopener\" target=\"_blank\"><\/p>\n<p>      <img loading=\"lazy\" decoding=\"async\" src=\"https:\/\/www.europesays.com\/no\/wp-content\/uploads\/2025\/12\/83943281.webp\" width=\"147\" height=\"98\" title=\"Klagestorm mot NRK\" alt=\"\" class=\"lazyload\" style=\"--aspect-ratio-image: 1.50; \"\/><\/p>\n<p>        Klagestorm mot NRK<\/p>\n<p>    <\/a><\/p>\n<p>&#8211; Jeg skrev en \u00abminibibel\u00bb der jeg delte mine erfaringer og tanker om hva som er n\u00f8kkelen til \u00e5 lykkes med en 24 episoders reality-parodi.\u00a0Jeg aner ikke hvor mye den ble brukt i prosessen, og kanskje jeg skrev den mest for min egen del.\u00a0Min viktigste oppgave har egentlig v\u00e6rt \u00e5 holde meg unna, og la en ny gjeng f\u00e5 gj\u00f8re det p\u00e5 sin m\u00e5te, sier han<\/p>\n<p>&#8211; Fylt av angst\t<\/p>\n<p>Han misunner ikke de som jobber mer \u00abhands on\u00bb med serien i \u00e5r. Han beskriver prosessen bak disse julekalenderen som et mareritt i tre deler.<\/p>\n<p>          <img loading=\"lazy\" decoding=\"async\" src=\"https:\/\/www.europesays.com\/no\/wp-content\/uploads\/2025\/12\/83946075.webp\" width=\"686\" height=\"357\" title=\"SERIESKAPER: Kristian \u00d8deg\u00e5rd medvirket som programleder i serien han ogs\u00e5 var med p\u00e5 \u00e5 skape. Her er han avbildet i \u00abNissene p\u00e5 l\u00e5ven\u00bb-kostymet sitt i 2021. Foto:\" alt=\"\" class=\"\" style=\"--aspect-ratio-image: 1.92; \"\/><\/p>\n<p>\n          SERIESKAPER: Kristian \u00d8deg\u00e5rd medvirket som programleder i serien han ogs\u00e5 var med p\u00e5 \u00e5 skape. Her er han avbildet i \u00abNissene p\u00e5 l\u00e5ven\u00bb-kostymet sitt i 2021. Foto:\n      <\/p>\n<p>&#8211; Historien m\u00e5 jo lages tre ganger: f\u00f8rst skrives, s\u00e5 spilles inn og til slutt klippes sammen. N\u00e5r det er snakk om 24 episoder med 24 karakterer, blir det mye \u00e5 holde styr p\u00e5. Plutselig sitter man der og m\u00e5 skrive natt til opptaksdagen, og seinere oppdager man at det meste m\u00e5 klippes helt om fordi ingenting ble s\u00e5 morsomt som man trodde da man skrev eller spilte inn.<\/p>\n<p>Strabasi\u00f8se innspillinger har det blitt flere av. Ingen av sesongene Espen lagde, hadde han ele manuset klart til f\u00f8rste opptaksdag. Hvordan serien skulle ende var helt \u00e5pent, og m\u00e5tte falle p\u00e5 plass underveis.<\/p>\n<p>&#8211; Jeg var flau over kaoset jeg stelte i stand og fylt av angst, sier han.\u00a0<\/p>\n<p>&#8211; For det eneste som kan rettferdiggj\u00f8re kaoset, er jo at det blir dritbra.<\/p>\n<p>        DATER: Martine Lunde har begynt \u00e5 ta dating livet seri\u00f8st, noe som satt langt inne for henne. Video: Nora Skavhaug \/ R\u00f8d L\u00f8per <\/p>\n<p>Det er s\u00e5nn sett deilig \u00e5 kunne v\u00e6re en stille observat\u00f8r denne gangen &#8211; \u00aben personlig oppreising\u00bb kaller han det.<\/p>\n<p>&#8211; N\u00e5r jeg g\u00e5r ned p\u00e5 Seefood og folk klipper og jobber d\u00f8gnet rundt s\u00e5 skj\u00f8nner jeg at det ikke bare meg som har jobbet p\u00e5 en knotete m\u00e5te. Formatet er forferdelig vanskelig, sier han.<\/p>\n<p>Helomvending\t<\/p>\n<p>Komikeren forteller at grunnid\u00e9en bak \u00abNissene p\u00e5 l\u00e5ven\u00bb egentlig var en ekte realityserie som liknet p\u00e5 samtidige \u00abBig Brother\u00bb.\u00a0<\/p>\n<p>    <a itemprop=\"url\" href=\"https:\/\/www.dagbladet.no\/kjendis\/avslorer-nytt-prosjekt\/83940749\" rel=\"nofollow noopener\" target=\"_blank\"><\/p>\n<p>      <img loading=\"lazy\" decoding=\"async\" src=\"https:\/\/www.europesays.com\/no\/wp-content\/uploads\/2025\/12\/83940684.webp\" width=\"980\" height=\"441\" title=\"Avslutter samarbeid\" alt=\"\" class=\"lazyload\" style=\"--aspect-ratio-image: 2.22; \"\/><\/p>\n<p>        Avslutter samarbeid<\/p>\n<p>    <\/a><\/p>\n<p>Der sistnevnte hadde vanlige folk som skulle bo innesperret i 100 dager, skulle deltakerne i \u00abNissene p\u00e5 l\u00e5ven\u00bb ogs\u00e5 v\u00e6re 24 vanlige folk som var sperret inne i en l\u00e5ve i 24 dager.\u00a0<\/p>\n<p>Slik ble det derimot ikke. Eckbo og \u00d8degaard tente mer p\u00e5 id\u00e9en om \u00e5 gj\u00f8re dette i et fiksjonelt univers.<\/p>\n<p>        TAR TIL T\u00c5RENE: 13 kjendiser skal f\u00e5 pushet grensene sine gjennom en ekstrem milit\u00e6rsimulering i \u00abHelvetesuka\u00bb. Video: \u00abHelvetesuka\u00bb\/Viaplay<\/p>\n<p>&#8211; Det var bare en trashy id\u00e9. Og det mener jeg p\u00e5 mange m\u00e5ter at det fortsatt er, men samfunnet har blitt enda mer \u00e5pent for trashy ideer.\u00a0<\/p>\n<p>Som Eckbo er inne p\u00e5 har det v\u00e6rt julereality med ekte folk, kjendiser riktignok, b\u00e5de p\u00e5 NRK og TV 2 de siste \u00e5rene. Eksempler p\u00e5 dette er programmene NRKs \u00ab24 stjerners julekalender\u00bb med Markus Neby og \u00e5rets TV 2-kalender \u00abRampenisse\u00bb.<\/p>\n","protected":false},"excerpt":{"rendered":"Espen Eckbo: Julekalenderkongen Espen Eckbo letter p\u00e5 sl\u00f8ret om \u00e5rets NRK-suksess. POPUL\u00c6R: I disse dager ruller nye julekalendere&hellip;\n","protected":false},"author":2,"featured_media":105395,"comment_status":"","ping_status":"","sticky":false,"template":"","format":"standard","meta":{"footnotes":""},"categories":[58],"tags":[71,13199,10125,5721,10124,479,12798,30,28,29,787,72],"class_list":{"0":"post-105394","1":"post","2":"type-post","3":"status-publish","4":"format-standard","5":"has-post-thumbnail","7":"category-underholdning","8":"tag-entertainment","9":"tag-espen-eckbo","10":"tag-herman-flesvig","11":"tag-julekalender","12":"tag-kevin-vagenes","13":"tag-kjendis","14":"tag-nissene-i-skjul","15":"tag-no","16":"tag-norge","17":"tag-norway","18":"tag-nrk","19":"tag-underholdning"},"share_on_mastodon":{"url":"https:\/\/pubeurope.com\/@no\/115669178213373740","error":""},"_links":{"self":[{"href":"https:\/\/www.europesays.com\/no\/wp-json\/wp\/v2\/posts\/105394","targetHints":{"allow":["GET"]}}],"collection":[{"href":"https:\/\/www.europesays.com\/no\/wp-json\/wp\/v2\/posts"}],"about":[{"href":"https:\/\/www.europesays.com\/no\/wp-json\/wp\/v2\/types\/post"}],"author":[{"embeddable":true,"href":"https:\/\/www.europesays.com\/no\/wp-json\/wp\/v2\/users\/2"}],"replies":[{"embeddable":true,"href":"https:\/\/www.europesays.com\/no\/wp-json\/wp\/v2\/comments?post=105394"}],"version-history":[{"count":0,"href":"https:\/\/www.europesays.com\/no\/wp-json\/wp\/v2\/posts\/105394\/revisions"}],"wp:featuredmedia":[{"embeddable":true,"href":"https:\/\/www.europesays.com\/no\/wp-json\/wp\/v2\/media\/105395"}],"wp:attachment":[{"href":"https:\/\/www.europesays.com\/no\/wp-json\/wp\/v2\/media?parent=105394"}],"wp:term":[{"taxonomy":"category","embeddable":true,"href":"https:\/\/www.europesays.com\/no\/wp-json\/wp\/v2\/categories?post=105394"},{"taxonomy":"post_tag","embeddable":true,"href":"https:\/\/www.europesays.com\/no\/wp-json\/wp\/v2\/tags?post=105394"}],"curies":[{"name":"wp","href":"https:\/\/api.w.org\/{rel}","templated":true}]}}