{"id":105400,"date":"2025-12-05T22:08:10","date_gmt":"2025-12-05T22:08:10","guid":{"rendered":"https:\/\/www.europesays.com\/no\/105400\/"},"modified":"2025-12-05T22:08:10","modified_gmt":"2025-12-05T22:08:10","slug":"romerike-kommuneokonomi-statsbudsjettet-romerikskommunene-far-177-millioner-romerikes-blad","status":"publish","type":"post","link":"https:\/\/www.europesays.com\/no\/105400\/","title":{"rendered":"Romerike, Kommune\u00f8konomi | Statsbudsjettet: Romerikskommunene f\u00e5r 177 millioner &#8211; Romerikes Blad"},"content":{"rendered":"<ol>\n<li><a href=\"https:\/\/news.google.com\/rss\/articles\/CBMijAFBVV95cUxOOVFqcVppY3hseVFOdzNGb2RxdXdVczVXNXczVmhOMS1RMFVFN3RWckliMVoxNzFkTWNwaDYxbndoei1POFpKNWZyRGcxbmdONHNja0RvTER6VmlqWFhVNEZuSXYyNnJucVViWmpuT3NyVGVoNkxYdUoyMWhQaWRBTVJQa3EzdHM4Vm10YQ?oc=5\" target=\"_blank\" rel=\"nofollow noopener\">Romerike, Kommune\u00f8konomi | Statsbudsjettet: Romerikskommunene f\u00e5r 177 millioner<\/a>&nbsp;&nbsp;Romerikes Blad<\/li>\n<li><a href=\"https:\/\/news.google.com\/rss\/articles\/CBMiqAFBVV95cUxPVkJTdzRfSFZSNDJFeXZLbGpMdGFUSDNwRlJSNnpvaV9DVXJSeDRwaEZaUDRDYWF5bTdoMjkwcW01dHVybERJYVR6Q0NxN2dTV3VEbUJxUDd2UHpPLWN6SC02dDRIQkl0YmdVbU9yR0laZldHZ1FiMk44UWR5d3h6WUdkQUhUQnFPSlNHdndRU3VMUDZWcjVxWkQ0ZmNxSDBXb28xaXFkM1I?oc=5\" target=\"_blank\" rel=\"nofollow noopener\">Gj\u00f8r et siste fors\u00f8k p\u00e5 \u00e5 unng\u00e5 eiendomsskatt i Stavanger<\/a>&nbsp;&nbsp;Stavanger Aftenblad<\/li>\n<li><a href=\"https:\/\/news.google.com\/rss\/articles\/CBMikAFBVV95cUxQcllVemJ3d1g5RkxVZGd3YU5uUy1fUkRkaXBZR0h0M2dwOGNPM0o2a21ZUFBWZFpWMXhZRFFGWldPbzdEMDlPNUxza0dwZWhtT181aXByMVdBXzJzTlo1NjBZSklBT2JfeVdXdTFLWGxObzRoZWJldFRFLVc0cjF4VC04V1FZamhXM3p5S1o3aGQ?oc=5\" target=\"_blank\" rel=\"nofollow noopener\">&#8211; Over 4 millionar meir i inntekter &#8211; m\u00e5 prioritere skule<\/a>&nbsp;&nbsp;bygdebladet.com<\/li>\n<li><a href=\"https:\/\/news.google.com\/rss\/articles\/CBMihAFBVV95cUxPYXBfMnVMUFhFMktVNWFYYlE0SjVKNnpPajlLWVhmWjAyY21RdVNLYk5ISVlJc1dHMFZfeHFFZlRhS1NMdkFic3UwWDFfZTBHNjBXeGp3TzRwVzQ5M2hwNjB5c2xJZG9QblBkQThfM1BmUW1HamlqdlVXYllyTGIzTFlmZUQ?oc=5\" target=\"_blank\" rel=\"nofollow noopener\">Meir pengar \u2013 dette blir effekten i Stranda og Sykkylven<\/a>&nbsp;&nbsp;nyss.no<\/li>\n<li><a href=\"https:\/\/news.google.com\/rss\/articles\/CBMikAFBVV95cUxQeElaTlNZNHh4VWxDeHZiOG4wN2dldkhaVm1rRXRNUEhLbHNFcUZuMlNPeHdkVmVhbkFLVTBrX0QyRlBFSzJDdE8xQkVtR2h4OHI5TWw3TE9pcWt2MVo3V1BodVZUa0ZhbGR0MGdaZUFHLW9xcVBpUzJTR0JROEhfQ2trNXpWSE5EcV9PVDEwamI?oc=5\" target=\"_blank\" rel=\"nofollow noopener\">Haugesund sikret over 20 millioner kroner ekstra<\/a>&nbsp;&nbsp;NRK<\/li>\n<\/ol>\n","protected":false},"excerpt":{"rendered":"Romerike, Kommune\u00f8konomi | Statsbudsjettet: Romerikskommunene f\u00e5r 177 millioner&nbsp;&nbsp;Romerikes Blad Gj\u00f8r et siste fors\u00f8k p\u00e5 \u00e5 unng\u00e5 eiendomsskatt i&hellip;\n","protected":false},"author":2,"featured_media":105401,"comment_status":"","ping_status":"","sticky":false,"template":"","format":"standard","meta":{"footnotes":""},"categories":[10],"tags":[20,21,24,25,15,22,23,13,30,28,29,14,16,26,27],"class_list":{"0":"post-105400","1":"post","2":"type-post","3":"status-publish","4":"format-standard","5":"has-post-thumbnail","7":"category-norge","8":"tag-breaking-news","9":"tag-breakingnews","10":"tag-featured-news","11":"tag-featurednews","12":"tag-headlines","13":"tag-latest-news","14":"tag-latestnews","15":"tag-news","16":"tag-no","17":"tag-norge","18":"tag-norway","19":"tag-nyheter","20":"tag-overskrifter","21":"tag-top-stories","22":"tag-topstories"},"share_on_mastodon":{"url":"https:\/\/pubeurope.com\/@no\/115669244797163767","error":""},"_links":{"self":[{"href":"https:\/\/www.europesays.com\/no\/wp-json\/wp\/v2\/posts\/105400","targetHints":{"allow":["GET"]}}],"collection":[{"href":"https:\/\/www.europesays.com\/no\/wp-json\/wp\/v2\/posts"}],"about":[{"href":"https:\/\/www.europesays.com\/no\/wp-json\/wp\/v2\/types\/post"}],"author":[{"embeddable":true,"href":"https:\/\/www.europesays.com\/no\/wp-json\/wp\/v2\/users\/2"}],"replies":[{"embeddable":true,"href":"https:\/\/www.europesays.com\/no\/wp-json\/wp\/v2\/comments?post=105400"}],"version-history":[{"count":0,"href":"https:\/\/www.europesays.com\/no\/wp-json\/wp\/v2\/posts\/105400\/revisions"}],"wp:featuredmedia":[{"embeddable":true,"href":"https:\/\/www.europesays.com\/no\/wp-json\/wp\/v2\/media\/105401"}],"wp:attachment":[{"href":"https:\/\/www.europesays.com\/no\/wp-json\/wp\/v2\/media?parent=105400"}],"wp:term":[{"taxonomy":"category","embeddable":true,"href":"https:\/\/www.europesays.com\/no\/wp-json\/wp\/v2\/categories?post=105400"},{"taxonomy":"post_tag","embeddable":true,"href":"https:\/\/www.europesays.com\/no\/wp-json\/wp\/v2\/tags?post=105400"}],"curies":[{"name":"wp","href":"https:\/\/api.w.org\/{rel}","templated":true}]}}