{"id":105402,"date":"2025-12-05T22:09:30","date_gmt":"2025-12-05T22:09:30","guid":{"rendered":"https:\/\/www.europesays.com\/no\/105402\/"},"modified":"2025-12-05T22:09:30","modified_gmt":"2025-12-05T22:09:30","slug":"tale-torjussen-og-antonio-careri-om-kulturforskjeller-og-partnerskap","status":"publish","type":"post","link":"https:\/\/www.europesays.com\/no\/105402\/","title":{"rendered":"Tale Torjussen og Antonio Careri om kulturforskjeller og partnerskap"},"content":{"rendered":"<p><a href=\"https:\/\/www.seher.no\/kjendis\/beste-noensinne\/83916343\" rel=\"nofollow noopener\" target=\"_blank\">L\u00f8rdag er det kvartfinale i\u00a0\u00abSkal vi danse\u00bb<\/a>, og konkurransen begynner for alvor \u00e5 dra seg til.\u00a0<\/p>\n<p class=\"font-weight-bold m-font-weight-bold\" data-lab-font_weight=\"font-weight-bold\">Deltakerne som fortsatt er med i kampen om sieren, og ikke minst den store pokalen, er Tale Torjussen (20), Tiril Eckhoff, Carina Dahl (40), Danby Choi (32) og Viggo Venn (36).<\/p>\n<p>    <a itemprop=\"url\" href=\"https:\/\/www.seher.no\/kjendis\/jeg-har-fatt-ny-jobb\/83928359\" rel=\"nofollow noopener\" target=\"_blank\"><\/p>\n<p>      <img loading=\"lazy\" decoding=\"async\" src=\"https:\/\/www.europesays.com\/no\/wp-content\/uploads\/2025\/12\/83889343.webp\" width=\"980\" height=\"441\" title=\"- Jeg har f\u00e5tt ny jobb\" alt=\"\" class=\"lazyload\" style=\"--aspect-ratio-image: 2.22; \"\/><\/p>\n<p>        &#8211; Jeg har f\u00e5tt ny jobb<\/p>\n<p>    <\/a><\/p>\n<p>Konkurransens yngste, Tale, er den eneste av de fem som verken har v\u00e6rt i en danseduell, eller har v\u00e6rt blant de tre usikre. Hun danser med Antonio Careri (27), som har flyttet fra Italia til Norge &#8211; ene og alene for\u00a0\u00abSkal vi danse\u00bb.\u00a0<\/p>\n<p>Bare noen f\u00e5 timer etter finalen har g\u00e5tt av stabelen, setter 27-\u00e5ringen seg p\u00e5 flyet hjem igjen. <\/p>\n<p>          <img loading=\"lazy\" decoding=\"async\" src=\"https:\/\/www.europesays.com\/no\/wp-content\/uploads\/2025\/12\/83944916.webp\" width=\"686\" height=\"453\" title=\"I ILDEN: Disse parene har danset seg gjennom h\u00f8stens \u00abSkal vi danse\u00bb. N\u00e5 er det kun fem igjen som kjemper om den gjeve pokalen. Deriblant tale og Antonio. Foto: Espen Solli \/ TV 2\" alt=\"\" class=\"\" style=\"--aspect-ratio-image: 1.51; \"\/><\/p>\n<p>\n          I ILDEN: Disse parene har danset seg gjennom h\u00f8stens \u00abSkal vi danse\u00bb. N\u00e5 er det kun fem igjen som kjemper om den gjeve pokalen. Deriblant tale og Antonio. Foto: Espen Solli \/ TV 2\n      <\/p>\n<p>Siden Antonio ikke har v\u00e6rt mer enn noen m\u00e5neder i Norge, foreg\u00e5r det meste av kommunikasjonen mellom dansepartnerne p\u00e5 engelsk.\u00a0<\/p>\n<p>&#8211; H\u00f8fligheten er lagt vekk\t<\/p>\n<p>Duoen har n\u00e5 danset sammen i dr\u00f8ye tre m\u00e5neder, og har p\u00e5 den tida rukket \u00e5 bli godt kjent. Da de f\u00f8rst m\u00f8ttes var de helt fremmed for hverandre, noe som b\u00f8d p\u00e5 utfordringer.\u00a0<\/p>\n<p class=\"font-weight-bold m-font-weight-bold\" data-lab-font_weight=\"font-weight-bold\">&#8211; Jeg synes at partnerskapet g\u00e5r veldig bra. I begynnelsen var alt nytt for meg, og vi pr\u00f8vde \u00e5 v\u00e6re \u00e6rlige med hverandre. Vi var sammen og delte dans, og det blir veldig tett. Det blir et teamarbeid og vi m\u00e5tte jobbe bra sammen. Begge var klar over det, og at vi m\u00e5tte klare \u00e5 jobbe sammen i opp til fire m\u00e5neder, forteller Antonio.\u00a0<\/p>\n<p>          <img loading=\"lazy\" decoding=\"async\" src=\"https:\/\/www.europesays.com\/no\/wp-content\/uploads\/2025\/12\/83944875.webp\" width=\"686\" height=\"1078\" title=\"ANKOM SAMMEN: Danseparet ankom sammen p\u00e5 LYKO sin \u00e5rlige Halloweenfest tidligere i \u00e5r. Foto: Andreas Fadum \/ Se og H\u00f8r\" alt=\"\" class=\"\" style=\"--aspect-ratio-image: 0.64; \"\/><\/p>\n<p>\n          ANKOM SAMMEN: Danseparet ankom sammen p\u00e5 LYKO sin \u00e5rlige Halloweenfest tidligere i \u00e5r. Foto: Andreas Fadum \/ Se og H\u00f8r\n      <\/p>\n<p>Ordene renner ut av ham mens han gestikulerer, p\u00e5 ekte italiensk vis.<\/p>\n<p>Han legger til at de raskt ble et godt team, og at samarbeidet g\u00e5r mye smidigere n\u00e5.<\/p>\n<p>&#8211; Ukene bare flyr av g\u00e5rde. I begynnelsen, fordi vi var fremmede, s\u00e5 hadde vi en form for h\u00f8flig avstand. Man pr\u00f8ver \u00e5 vise sin beste side og v\u00e6re h\u00f8flig. Men n\u00e5, etter s\u00e5 lang tid, er h\u00f8fligheten lagt vekk, skyter Tale inn.<\/p>\n<p>        \u00abSKAL VI DANSE\u00bb: Tale Torjussen har tatt med dansepartner Antonio Careri hjem til familien. Video: Tiktok\/@antonio_careri<\/p>\n<p>&#8211; Vi trenger ikke \u00e5 sp\u00f8rre hvordan den andre har det, fordi vi ser det p\u00e5 hverandre. Vi tilbringer veldig mye tid sammen, jeg tror nesten at Tale ser meg mer enn familien sin, ler Antonio.<\/p>\n<p>Gjennom sin tid i\u00a0\u00abSkal vi danse\u00bb har duoen flere ganger blitt konfrontert med romanseryktene som i alle fall i starten herjer rundt dem. Selv bryr de seg ikke s\u00e5 mye om hva andre tror.<\/p>\n<p>          <img loading=\"lazy\" decoding=\"async\" src=\"https:\/\/www.europesays.com\/no\/wp-content\/uploads\/2025\/12\/83944429.webp\" width=\"686\" height=\"460\" title=\"NESTEN FULL POTT: Tale og Antonio fikk hele 39 poeng for sin rumba under \u00abSkal vi danse\u00bbs julespesial. Foto: Jesper Malthus-Andersen \/ TV 2\" alt=\"\" class=\"\" style=\"--aspect-ratio-image: 1.49; \"\/><\/p>\n<p>\n          NESTEN FULL POTT: Tale og Antonio fikk hele 39 poeng for sin rumba under \u00abSkal vi danse\u00bbs julespesial. Foto: Jesper Malthus-Andersen \/ TV 2\n      <\/p>\n<p class=\"font-weight-bold m-font-weight-bold\" data-lab-font_weight=\"font-weight-bold\">&#8211; Jeg er glad for at folk tror vi har en sterk forbindelse, for det er sant. Vi deler s\u00e5 mye tid sammen, og det er ikke s\u00e5nn man blir venner bare fordi man tilbringer tid sammen. Men det er vi, og det er fint \u00e5 ha en forbindelse. Jeg har det s\u00e5 g\u00f8y her, og det er bra at folk ser det, forteller Tale.<\/p>\n<p>&#8211; Reservert og lukket\t<\/p>\n<p>Tale og Antonio har i de siste m\u00e5nedene, i tillegg til \u00e5 danse sammen, l\u00e6rt mye fra hverandre. Ikke minst om hvor forskjellige kulturer de kommer fra. Det er nemlig flere forskjeller p\u00e5 Norge og Italia enn brunost og pasta. <\/p>\n<p>&#8211; Det har v\u00e6rt veldig fint \u00e5 bli s\u00e5 godt kjent med en person som er fra en helt annen kultur. Siden jeg er f\u00f8dt og oppvokst her, s\u00e5 er de fleste jeg kjenner ogs\u00e5 det, s\u00e5 det er veldig interessant \u00e5 l\u00e6re, sier Tale.\u00a0<\/p>\n<p>        SJOKKERT: Thale Torjussen og Trygve Bennetsen ble tatt p\u00e5 senga av sjokkbeskjeden. Reporter: Nora Skavhaug. Video: Thea Hope. <\/p>\n<p>En ting duoen har funnet ut, er hvor forskjellig italiensk og norsk kultur kan v\u00e6re p\u00e5 noen punkter. Antonio var i alle fall ikke klar over hvor\u00a0\u00abkalde\u00bb nordmenn er.<\/p>\n<p>&#8211; Han syntes at jeg var en veldig reservert og lukket person i begynnelsen, og jeg er veldig ekstrovert! sier Tale.<\/p>\n<p>    <a itemprop=\"url\" href=\"https:\/\/www.seher.no\/kjendis\/sjekkes-opp-av-menn-fra-16-til-80\/83912518\" rel=\"nofollow noopener\" target=\"_blank\"><\/p>\n<p>      <img loading=\"lazy\" decoding=\"async\" src=\"https:\/\/www.europesays.com\/no\/wp-content\/uploads\/2025\/12\/83912701.webp\" width=\"980\" height=\"441\" title=\"Sjekkes opp av menn fra 16 til 80\" alt=\"\" class=\"lazyload\" style=\"--aspect-ratio-image: 2.22; \"\/><\/p>\n<p>        Sjekkes opp av menn fra 16 til 80<\/p>\n<p>    <\/a><\/p>\n<p> Den italienske v\u00e6rem\u00e5ten, som gjerne oppfattes som sosial, h\u00f8ylytt og ekstrovert, er tydelig annerledes fra den norske &#8211; som fort kan tolkes sjenert, kald og introvert.<\/p>\n<p>          <img loading=\"lazy\" decoding=\"async\" src=\"https:\/\/www.europesays.com\/no\/wp-content\/uploads\/2025\/12\/83944860.webp\" width=\"686\" height=\"460\" title=\"IMPONERER: Gjennom sesongen har danseparet imponert b\u00e5de dommere og TV-seere med sine dansenumre. Foto: Thomas Andersen \/ TV 2\" alt=\"\" class=\"\" style=\"--aspect-ratio-image: 1.49; \"\/><\/p>\n<p>\n          IMPONERER: Gjennom sesongen har danseparet imponert b\u00e5de dommere og TV-seere med sine dansenumre. Foto: Thomas Andersen \/ TV 2\n      <\/p>\n<p>&#8211; I begynnelsen s\u00e5 trodde jeg at hun var veldig kald og at hun pr\u00f8vde \u00e5 pushe meg litt unna. Jeg er en veldig varm person, og jeg er italiensk s\u00e5 jeg er ekstra varm, s\u00e5 det var jeg ikke vant med.<\/p>\n<p>Antonio ville gjerne at de skulle dele ting og bli kjent med en gang, men l\u00e6rte seg raskt at han m\u00e5tte tenke: \u00abOkei, hun er kjendisen og jeg er dansepartneren hennes, jeg skal bare l\u00e6re henne \u00e5 danse\u00bb. <\/p>\n<p>        \u00abSKAL VI DANSE\u00bb: Danseprogrammet har f\u00e5tt kritikk fra streetdance-milj\u00f8et. Video: \u00abSkal vi danse\u00bb\/TV 2, R\u00f8d L\u00f8per\/Nora Skavhaug<\/p>\n<p class=\"font-weight-bold m-font-weight-bold\" data-lab-font_weight=\"font-weight-bold\">&#8211; Han var s\u00e5nn \u00abdu delte ingenting med meg i begynnelsen\u00bb, og jeg bare\u00a0\u00abjeg snakket jo hele tida\u00bb. S\u00e5 sa han\u00a0\u00abja, men ingenting om privatlivet ditt\u00bb, og jeg bare\u00a0\u00abnei, jeg kjente deg jo ikke\u00bb. Han trodde at jeg var sjenert, og unnskyld meg, jeg er en av de mest ekstrovertede nordmennene du finner, ler hun videre.<\/p>\n<p>          <img loading=\"lazy\" decoding=\"async\" src=\"https:\/\/www.europesays.com\/no\/wp-content\/uploads\/2025\/12\/83944484.webp\" width=\"686\" height=\"981\" title=\"GODE VENNER: Tale og Antonio har etter hvert utviklet et n\u00e6rt vennskap. Foto: Andreas Fadum \/ Se og H\u00f8r\" alt=\"\" class=\"\" style=\"--aspect-ratio-image: 0.70; \"\/><\/p>\n<p>\n          GODE VENNER: Tale og Antonio har etter hvert utviklet et n\u00e6rt vennskap. Foto: Andreas Fadum \/ Se og H\u00f8r\n      <\/p>\n<p>&#8211;\u00a0\u00a0Jeg ville at hun skulle fortelle meg hvem hun var, slik at jeg som koreograf kunne legge best mulig til rette for henne. Jobben min er at hun skal komme seg gjennom hver l\u00f8rdag, og jeg ville at hun skulle f\u00e5 muligheten til \u00e5 vise hvem hun er gjennom dans, s\u00e5 det blir mer personlig.\u00a0<\/p>\n<p>    <a itemprop=\"url\" href=\"https:\/\/www.seher.no\/kjendis\/hyller-leah\/83918025\" rel=\"nofollow noopener\" target=\"_blank\"><\/p>\n<p>      <img loading=\"lazy\" decoding=\"async\" src=\"https:\/\/www.europesays.com\/no\/wp-content\/uploads\/2025\/12\/83916506.webp\" width=\"980\" height=\"441\" title=\"Hyller Leah\" alt=\"\" class=\"lazyload\" style=\"--aspect-ratio-image: 2.22; \"\/><\/p>\n<p>        Hyller Leah<\/p>\n<p>    <\/a><\/p>\n<p>&#8211; Men n\u00e5 kjenner jeg henne, forsikrer Antonio, mens han ler og titter bort p\u00e5 Tale.<\/p>\n<p class=\"italic m-italic\" data-lab-italic=\"italic\">\u00abSkal vi danse\u00bb sendes l\u00f8rdager p\u00e5 TV 2 klokka 19.55.<\/p>\n","protected":false},"excerpt":{"rendered":"L\u00f8rdag er det kvartfinale i\u00a0\u00abSkal vi danse\u00bb, og konkurransen begynner for alvor \u00e5 dra seg til.\u00a0 Deltakerne som&hellip;\n","protected":false},"author":2,"featured_media":105403,"comment_status":"","ping_status":"","sticky":false,"template":"","format":"standard","meta":{"footnotes":""},"categories":[5],"tags":[9874,20,21,24,25,15,19,479,2543,22,23,17,18,13,30,28,29,14,16,2280,9875,26,27],"class_list":{"0":"post-105402","1":"post","2":"type-post","3":"status-publish","4":"format-standard","5":"has-post-thumbnail","7":"category-overskrifter","8":"tag-antonio-careri","9":"tag-breaking-news","10":"tag-breakingnews","11":"tag-featured-news","12":"tag-featurednews","13":"tag-headlines","14":"tag-hovedoppslag","15":"tag-kjendis","16":"tag-kjendisdesken","17":"tag-latest-news","18":"tag-latestnews","19":"tag-main-news","20":"tag-mainnews","21":"tag-news","22":"tag-no","23":"tag-norge","24":"tag-norway","25":"tag-nyheter","26":"tag-overskrifter","27":"tag-skal-vi-danse","28":"tag-tale-torjussen","29":"tag-top-stories","30":"tag-topstories"},"share_on_mastodon":{"url":"https:\/\/pubeurope.com\/@no\/115669248816513770","error":""},"_links":{"self":[{"href":"https:\/\/www.europesays.com\/no\/wp-json\/wp\/v2\/posts\/105402","targetHints":{"allow":["GET"]}}],"collection":[{"href":"https:\/\/www.europesays.com\/no\/wp-json\/wp\/v2\/posts"}],"about":[{"href":"https:\/\/www.europesays.com\/no\/wp-json\/wp\/v2\/types\/post"}],"author":[{"embeddable":true,"href":"https:\/\/www.europesays.com\/no\/wp-json\/wp\/v2\/users\/2"}],"replies":[{"embeddable":true,"href":"https:\/\/www.europesays.com\/no\/wp-json\/wp\/v2\/comments?post=105402"}],"version-history":[{"count":0,"href":"https:\/\/www.europesays.com\/no\/wp-json\/wp\/v2\/posts\/105402\/revisions"}],"wp:featuredmedia":[{"embeddable":true,"href":"https:\/\/www.europesays.com\/no\/wp-json\/wp\/v2\/media\/105403"}],"wp:attachment":[{"href":"https:\/\/www.europesays.com\/no\/wp-json\/wp\/v2\/media?parent=105402"}],"wp:term":[{"taxonomy":"category","embeddable":true,"href":"https:\/\/www.europesays.com\/no\/wp-json\/wp\/v2\/categories?post=105402"},{"taxonomy":"post_tag","embeddable":true,"href":"https:\/\/www.europesays.com\/no\/wp-json\/wp\/v2\/tags?post=105402"}],"curies":[{"name":"wp","href":"https:\/\/api.w.org\/{rel}","templated":true}]}}