{"id":105406,"date":"2025-12-05T22:15:22","date_gmt":"2025-12-05T22:15:22","guid":{"rendered":"https:\/\/www.europesays.com\/no\/105406\/"},"modified":"2025-12-05T22:15:22","modified_gmt":"2025-12-05T22:15:22","slug":"arets-nordlending-hadsel-malene-elfrid-23-har-blitt-en-stemme-for-unge-det-har-gatt-veldig-i-ett","status":"publish","type":"post","link":"https:\/\/www.europesays.com\/no\/105406\/","title":{"rendered":"\u00c5rets nordlending, Hadsel | Malene Elfrid (23) har blitt en stemme for unge: \u2013 Det har g\u00e5tt veldig i ett"},"content":{"rendered":"\n<p>P\u00e5 kort tid har Hadsel-kvinnen Malene Elfrid Ingebrigtsen (23), mest kjent under navnet Elfrid i sosiale medier, opparbeidet seg over 145 000 f\u00f8lgere p\u00e5 Tiktok.<\/p>\n<p>Det hele startet mens hun jobbet p\u00e5 b\u00e5t, men n\u00e5 satser hun helt p\u00e5 en karriere innen underholdning.<\/p>\n<p>Hennes innsats med \u00e5 vise hvordan det \u00e5 v\u00e6re seg selv, har bidratt til at hun er nominert til flere gjeve priser, inkludert \u00c5rets nordlending 2025.<\/p>\n<p>\u2013 Jeg hadde ikke sett for meg at det skulle skje. Det er jo helt fantastisk. Jeg satt hjemme i sofaen og jobbet da jeg plutselig fikk en melding. Det var s\u00e5 surrealistisk at jeg glemte \u00e5 fortelle det til samboeren min f\u00f8r ut p\u00e5 kvelden, sier Ingebrigtsen.<\/p>\n<p>Full rulle<\/p>\n<p>Ingebrigtsen har de siste \u00e5rene brukt mye av tiden sin til \u00e5 lage underholdning, og n\u00e5 har det blitt en fulltidsjobb. Med flere jern i ilden blir ikke hadselv\u00e6ringen fri for ting \u00e5 gj\u00f8re med det f\u00f8rste.<\/p>\n<p>For ikke lenge siden ga hun ut sin f\u00f8rste l\u00e5t.<\/p>\n<p>\u2013 Det har g\u00e5tt veldig i ett og det er f\u00f8rst i november at jeg har hatt en liten pause siden april\/mai. Det har blitt en del timer i studio og s\u00e5 har jeg holdt p\u00e5 med tv, men det kan jeg ikke si enda hva er. Men n\u00e5r jeg g\u00e5r p\u00e5 butikken kommer det folk som stopper meg og forteller meg hvor mye de setter pris p\u00e5 arbeidet jeg legger ned. Da er det verdt det, fortsetter Ingebrigtsen.<\/p>\n<p>Det blir heller ikke noe rolig desember, for 23-\u00e5ringen har latt seg inspirere av nissejakten som arrangeres p\u00e5 Myre i \u00d8ksnes kommune. N\u00e5 blir det nissejakt p\u00e5 Melbu, Stokmarknes og Sortland.<\/p>\n<p>\u2013 Jeg var p\u00e5 et loppemarked i fjor og der var det en nissedrakt til salgs. Da tenkte jeg &laquo;hadde det ikke v\u00e6rt sykt g\u00f8y?&raquo;. Det var folk som har etterspurt nissejakt i \u00e5r, og n\u00e5 har jeg spurt lokale bedrifter om de vil bidra. Det blir nok et litt st\u00f8rre opplegg i \u00e5r, men det blir til fots. Jeg har ikke kapasitet til \u00e5 gj\u00f8re det like bra som de p\u00e5 Myre, men jeg tror det blir en bra greie for barn og familie. Dette er ikke jeg tjener noe p\u00e5. Dette er for \u00e5 f\u00e5 folk litt ut og liksom skape noe, sier Ingebrigtsen.<\/p>\n<p>   <img decoding=\"async\" width=\"1284\" height=\"1579\" fetchpriority=\"low\"  loading=\"lazy\"  src=\"https:\/\/www.europesays.com\/no\/wp-content\/uploads\/2025\/12\/image_2D8456BB-F7E1-4B13-9CE4-D6B862B70C29_1764252907.jpeg\" alt=\"\" class=\"brick-c-cFOWSL\" style=\"--brick-image-ratio: 1284 \/ 1579;\"\/><\/p>\n<p>      Selv om Ingebrigtsen har sluttet \u00e5 jobbe p\u00e5 b\u00e5t, s\u00e5 blir det fremdeles fisket en god del privat.<br \/>\n      Foto: Privat\n    <\/p>\n<p>  Mobiliserte lokalsamfunnet<\/p>\n<p>Det er ikke f\u00f8rste gang hadselv\u00e6ringen skaper engasjement i p\u00e5 hjemplassen. Da Helse Nord foreslo \u00e5 kutte tilbudet ved distriktspsykiatrisk senter p\u00e5 Stokmarknes, starten 23-\u00e5ringen en kampanje mot forslaget.<\/p>\n<p>\u2013 Psykisk helse er ekstremt viktig. Har du det ikke bra i psyken, s\u00e5 g\u00e5r det ogs\u00e5 ut over det fysiske og alt rundt deg. Folk sliter mer og mer, samtidig som hjelpen blir tatt vekk. Jeg synes at det er viktig \u00e5 ta vare p\u00e5 i hvert fall det lille man har. Alts\u00e5 jeg mener at det skulle ha blitt opprustet og ikke blitt tatt ifra oss. S\u00e5 det brant en liten fakkel i meg da de d\u00f8gnplassene her hjemme skulle bli fjernet fra oss. Da er det viktig for meg \u00e5 bruke posisjonen min til til det positive. Jeg vet at det er ikke mange i dette lokalsamfunnet som har den posisjonen hvor man kan n\u00e5 ut til veldig mange folk, og engasjere og skape et samhold. Da f\u00f8ler man at da m\u00e5 man bare steppe opp, sier Ingebrigtsen.<\/p>\n","protected":false},"excerpt":{"rendered":"P\u00e5 kort tid har Hadsel-kvinnen Malene Elfrid Ingebrigtsen (23), mest kjent under navnet Elfrid i sosiale medier, opparbeidet&hellip;\n","protected":false},"author":2,"featured_media":105407,"comment_status":"","ping_status":"","sticky":false,"template":"","format":"standard","meta":{"footnotes":""},"categories":[10],"tags":[13201,36,20,21,24,25,1107,15,2229,22,23,13,30,28,29,14,16,1510,26,27],"class_list":{"0":"post-105406","1":"post","2":"type-post","3":"status-publish","4":"format-standard","5":"has-post-thumbnail","7":"category-norge","8":"tag-arets-nordlending","9":"tag-art","10":"tag-breaking-news","11":"tag-breakingnews","12":"tag-featured-news","13":"tag-featurednews","14":"tag-hadsel","15":"tag-headlines","16":"tag-influenser","17":"tag-latest-news","18":"tag-latestnews","19":"tag-news","20":"tag-no","21":"tag-norge","22":"tag-norway","23":"tag-nyheter","24":"tag-overskrifter","25":"tag-story","26":"tag-top-stories","27":"tag-topstories"},"share_on_mastodon":{"url":"https:\/\/pubeurope.com\/@no\/115669272336936797","error":""},"_links":{"self":[{"href":"https:\/\/www.europesays.com\/no\/wp-json\/wp\/v2\/posts\/105406","targetHints":{"allow":["GET"]}}],"collection":[{"href":"https:\/\/www.europesays.com\/no\/wp-json\/wp\/v2\/posts"}],"about":[{"href":"https:\/\/www.europesays.com\/no\/wp-json\/wp\/v2\/types\/post"}],"author":[{"embeddable":true,"href":"https:\/\/www.europesays.com\/no\/wp-json\/wp\/v2\/users\/2"}],"replies":[{"embeddable":true,"href":"https:\/\/www.europesays.com\/no\/wp-json\/wp\/v2\/comments?post=105406"}],"version-history":[{"count":0,"href":"https:\/\/www.europesays.com\/no\/wp-json\/wp\/v2\/posts\/105406\/revisions"}],"wp:featuredmedia":[{"embeddable":true,"href":"https:\/\/www.europesays.com\/no\/wp-json\/wp\/v2\/media\/105407"}],"wp:attachment":[{"href":"https:\/\/www.europesays.com\/no\/wp-json\/wp\/v2\/media?parent=105406"}],"wp:term":[{"taxonomy":"category","embeddable":true,"href":"https:\/\/www.europesays.com\/no\/wp-json\/wp\/v2\/categories?post=105406"},{"taxonomy":"post_tag","embeddable":true,"href":"https:\/\/www.europesays.com\/no\/wp-json\/wp\/v2\/tags?post=105406"}],"curies":[{"name":"wp","href":"https:\/\/api.w.org\/{rel}","templated":true}]}}