{"id":105408,"date":"2025-12-05T22:16:12","date_gmt":"2025-12-05T22:16:12","guid":{"rendered":"https:\/\/www.europesays.com\/no\/105408\/"},"modified":"2025-12-05T22:16:12","modified_gmt":"2025-12-05T22:16:12","slug":"helt-jaevlig-a-vaere-vitne-til-fotball-vm-2026","status":"publish","type":"post","link":"https:\/\/www.europesays.com\/no\/105408\/","title":{"rendered":"\u2013 Helt j\u00e6vlig \u00e5 v\u00e6re vitne til \u2013 Fotball-VM 2026"},"content":{"rendered":"<p>\u2013 Det er et \u00abfreakshow\u00bb p\u00e5 mange m\u00e5ter. Det m\u00e5 jeg v\u00e6re \u00e6rlig \u00e5 si, sier landslagstrener St\u00e5le Solbakken til NRK etter at trekningen var over \u2013 og Norge havnet i det som <a href=\"https:\/\/www.nrk.no\/fotballvm2026\/trekningen-for-vm-2026-klar-_-dette-er-landene-norge-skal-mote-1.17680589\" ec-id=\"pp:article:1.17680589\" ec-name=\"blir omtalt som \u00abd\u00f8dens gruppe\u00bb\" rel=\"nofollow noopener\" target=\"_blank\">blir omtalt som \u00abd\u00f8dens gruppe\u00bb<\/a>.<\/p>\n<p><strong>Foruten de tre vertsnasjonene som ble plassert ut rundt 50 minutter ut i VM-trekningen, tok det 87 minutter fra showet rundt trekningen startet, til noen land faktisk ble trukket opp av bollen i den amerikanske hovedstaden Washington D.C. <\/strong><\/p>\n<p>\u2013 Jeg har sittet her og v\u00e6rt litt forbanna p\u00e5 det jeg har v\u00e6rt vitne til. Endelig, kan jeg love, er det verste over, sa NRKs fotballekspert Kristoffer L\u00f8kberg 55 minutter ut i showet, og da alts\u00e5 fremdeles en halvtime f\u00f8r det omsider ble sportslig alvor p\u00e5 scenen.<\/p>\n<p>Showet, som inneholdt blant annet en fredspris til Donald Trump, opptredener fra Andrea Bocelli, Robbie Williams og Nicole Scherzinger og Lauryn Hill, ble ogs\u00e5 rundt 20 minutter forsinket underveis fra den opprinnelige planen.<\/p>\n<p>I tillegg var en rekke andre innslag med tunge kjendisnavn involvert, som Kevin Hart, Shaquille O&#8217;Neal, Salma Hayek, Heidi Klum, Matthew McConaughey og Wayne Gretzky.<\/p>\n<p>\u2013 Dette er din pris, dette er din fredspris. Du f\u00e5r ogs\u00e5 en fin medalje som du kan ha p\u00e5 uansett hvor du g\u00e5r, sa Fifa-president Gianni Infantino da han overbrakte fredsprisen til Trump.<\/p>\n<p>President i Norges Fotballforbund, Lise Klaveness, var til stede i Washington for \u00e5 f\u00f8lge VM-trekningen.<\/p>\n<p>\u2013 I dag tenker jeg at jeg ikke klarer \u00e5 ta det helt alvorlig. Vi m\u00e5 pr\u00f8ve \u00e5 passe p\u00e5 og pr\u00f8ve \u00e5 holde skulderen mot d\u00f8ren og jobbe for at Fifa skal jobbe med fotball og ikke med dette, sier Klaveness til et samlet norsk pressekorps.<\/p>\n<p><img decoding=\"async\"   src=\"data:image\/gif;base64,R0lGODlhAQABAIAAAAAAAP\/\/\/yH5BAEAAAAALAAAAAABAAEAAAIBRAA7\" loading=\"eager\" alt=\"Kvinne med r\u00f8dt h\u00e5r st\u00e5r foran en uklart bakgrunn. Hun har p\u00e5 seg en svart topp og lys jakke. Omr\u00e5det rundt er svakt opplyst, noe som gir fokus p\u00e5 personen. Bildet kan indikere en pressekonferanse eller et intervju. (Bildebeskrivelsen er laget av en KI-tjeneste)\" title=\"Foto: Cornelius Poppe \/ NTB\"\/><\/p>\n<p class=\"\">KRITISK: Lise Klaveness mener Fifas nye fredspris mangler legitimitet. Her avbildet fra en pressekonferanse p\u00e5 Ullevaal tidligere i \u00e5r. <\/p>\n<p>Foto: Cornelius Poppe \/ NTB<\/p>\n<p>Det var spesielt utdelingen av fredsprisen som fikk fotballpresidenten til \u00e5 reagere. Hun er kritisk til den omstridte nyvinningen.<\/p>\n<p><strong>\u2013 Helt uavhengig av hvem som fikk denne prisen, s\u00e5 mener jeg at det ikke er innenfor Fifas mandat \u00e5 gj\u00f8re det. Selv om det hadde v\u00e6rt det, finnes det ingen objektive kriterier eller jury, s\u00e5 den mangler legitimitet. Og n\u00e5r en pris mangler legitimitet, st\u00e5r den i fare for \u00e5 skygge over andre prosjekter og gj\u00f8re Fifa veldig politisk, fortsetter Klaveness. <\/strong><\/p>\n<p>NRK har henvendt seg og hatt dialog med Fifa om kritikken som kommer frem i denne saken. De har forel\u00f8pig ikke svart p\u00e5 kritikken. NRK oppdaterer saken ved et eventuelt svar fra Fifa. <\/p>\n<p>Stempler det som forkastelig<\/p>\n<p>I NRKs var L\u00f8kberg tydelig irritert etter trekningen var ferdig.<\/p>\n<p>\u2013 Det var jo snilt \u00e5 kalle det et \u00abfreakshow\u00bb, sier L\u00f8kberg, og fortsetter:<\/p>\n<p><img decoding=\"async\"   src=\"data:image\/gif;base64,R0lGODlhAQABAIAAAAAAAP\/\/\/yH5BAEAAAAALAAAAAABAAEAAAIBRAA7\" loading=\"eager\" alt=\"Robbie Williams og Nicole Scherzinger som opptrer under VM-trekningen.\" title=\"Foto: DAN MULLAN \/ Reuters \/ NTB\"\/><\/p>\n<p class=\"\">STJERNETUNGT: Robbie Williams og Nicole Scherzinger var blant stjernene som opptr\u00e5dte under VM-trekningen. <\/p>\n<p>Foto: DAN MULLAN \/ Reuters \/ NTB<\/p>\n<p>\u2013 Det er jo rett ut latterlig at Trump og Infantino f\u00e5r bruke den scenen der, foran s\u00e5 mange hundre millioner mennesker, til selvpromotering og selvforherligelse. Helt j\u00e6vlig var det rett og slett \u00e5 v\u00e6re vitne til det her. S\u00e5 \u00e6rlige m\u00e5 vi kunne v\u00e6re.<\/p>\n<p><strong>\u2013 Hvis du ser det som ligger bak og det de pr\u00f8ver \u00e5 gj\u00f8re, s\u00e5 var det forkastelig, mener L\u00f8kberg. <\/strong><\/p>\n<p>\u2013 Mistet litt livsgnisten underveis<\/p>\n<p>L\u00f8kberg var langt fra alene om \u00e5 f\u00e5 nok underveis. Skottlands stjernespiller John McGinn la p\u00e5 X ut en video av et skjelett med hodetelefoner som faller ned fra stolen, for \u00e5 symbolisere den lange ventetiden.<\/p>\n<p>\u2013 Jeg gikk jo inn i denne dagen her med en barnslig glede som jeg ikke har opplevd siden julaften lenge f\u00f8r 2000. S\u00e5 mistet jeg det underveis i den f\u00f8rste timen, sier NRKs fotballekspert, Carl-Erik Torp.<\/p>\n<p>Han m\u00e5tte sp\u00f8rre seg selv om man i det hele tatt orket det hele.<\/p>\n<p><strong>\u2013 Ja, vi visste at det kom. Vi har jo v\u00e6rt forberedt p\u00e5 dette her. Men s\u00e5 er det bare enda mer, enda verre. Narrativet blir skapt p\u00e5 en m\u00e5te som gj\u00f8r at man blir litt uvel. Man mistet litt livsgleden underveis her, sier han.<\/strong><\/p>\n<p>NRKs sportskommentator Jan Petter Saltvedt sier man ikke kan kritisere Trump for \u00e5 ta imot prisen, og bemerker at Trump holdt en forholdsvis n\u00f8ktern tale.<\/p>\n<p>\u2013 Fifa fremstiller seg selv som en n\u00f8ytral arena hvor man skal kunne skape fred p\u00e5 en unik m\u00e5te, hvis man skal tro p\u00e5 den ekstremt pomp\u00f8se talen til Infantino i dag. I stedet, for resten av verden, s\u00e5 ender de opp med en gang for alle \u00e5 vise sitt \u00e6rlige ansikt, sier han, og fortsetter:<\/p>\n<p>\u2013 De er dypt politisk infisert og det plager overhodet ikke Infantino s\u00e5 lenge han kan f\u00e5 gjort alle de tingene han \u00f8nsker, sier Saltvedt.<\/p>\n<p>        St\u00e5le Solbakken: \u2013Jeg hater det<\/p>\n<p>    <img decoding=\"async\" class=\"playlist-item__img\" src=\"https:\/\/www.europesays.com\/no\/wp-content\/uploads\/2025\/12\/yySttM_laZA1gpvxWZWVcw2vyvuCpPYaA8HMt2L52Zdg.jpeg\"\/><br \/>\n     \u00abJinxer\u00bb Viking det med gull\u00f8let her<br \/>\n    00:39<\/p>\n<p>    <img decoding=\"async\" class=\"playlist-item__img\" src=\"https:\/\/www.europesays.com\/no\/wp-content\/uploads\/2025\/12\/8T8wo9gAULSdkm0hng4mdQqpl8NHrz4_ureOf9g97LhA.jpeg\"\/><br \/>\n     34 \u00e5r siden Viking tok gull<br \/>\n    01:08<\/p>\n<p>    <img decoding=\"async\" class=\"playlist-item__img\" src=\"https:\/\/www.europesays.com\/no\/wp-content\/uploads\/2025\/12\/wkEVta2glnNYKn7fuw5DvgHAEgT2Xe_VXCTURyRzZtsg.jpeg\"\/><br \/>\n     Feirer med \u00abgriddy\u00bb mot Brasil<br \/>\n    01:00<\/p>\n<p>\n          Vis flere\n        <\/p>\n<p>Publisert<\/p>\n<p>05.12.2025, kl. 22.53<\/p>\n<p>Oppdatert<\/p>\n<p>05.12.2025, kl. 23.15<\/p>\n","protected":false},"excerpt":{"rendered":"\u2013 Det er et \u00abfreakshow\u00bb p\u00e5 mange m\u00e5ter. Det m\u00e5 jeg v\u00e6re \u00e6rlig \u00e5 si, sier landslagstrener St\u00e5le&hellip;\n","protected":false},"author":2,"featured_media":105409,"comment_status":"","ping_status":"","sticky":false,"template":"","format":"standard","meta":{"footnotes":""},"categories":[5],"tags":[20,21,24,25,15,19,22,23,17,18,13,30,28,29,14,16,26,27],"class_list":{"0":"post-105408","1":"post","2":"type-post","3":"status-publish","4":"format-standard","5":"has-post-thumbnail","7":"category-overskrifter","8":"tag-breaking-news","9":"tag-breakingnews","10":"tag-featured-news","11":"tag-featurednews","12":"tag-headlines","13":"tag-hovedoppslag","14":"tag-latest-news","15":"tag-latestnews","16":"tag-main-news","17":"tag-mainnews","18":"tag-news","19":"tag-no","20":"tag-norge","21":"tag-norway","22":"tag-nyheter","23":"tag-overskrifter","24":"tag-top-stories","25":"tag-topstories"},"share_on_mastodon":{"url":"https:\/\/pubeurope.com\/@no\/115669276258074223","error":""},"_links":{"self":[{"href":"https:\/\/www.europesays.com\/no\/wp-json\/wp\/v2\/posts\/105408","targetHints":{"allow":["GET"]}}],"collection":[{"href":"https:\/\/www.europesays.com\/no\/wp-json\/wp\/v2\/posts"}],"about":[{"href":"https:\/\/www.europesays.com\/no\/wp-json\/wp\/v2\/types\/post"}],"author":[{"embeddable":true,"href":"https:\/\/www.europesays.com\/no\/wp-json\/wp\/v2\/users\/2"}],"replies":[{"embeddable":true,"href":"https:\/\/www.europesays.com\/no\/wp-json\/wp\/v2\/comments?post=105408"}],"version-history":[{"count":0,"href":"https:\/\/www.europesays.com\/no\/wp-json\/wp\/v2\/posts\/105408\/revisions"}],"wp:featuredmedia":[{"embeddable":true,"href":"https:\/\/www.europesays.com\/no\/wp-json\/wp\/v2\/media\/105409"}],"wp:attachment":[{"href":"https:\/\/www.europesays.com\/no\/wp-json\/wp\/v2\/media?parent=105408"}],"wp:term":[{"taxonomy":"category","embeddable":true,"href":"https:\/\/www.europesays.com\/no\/wp-json\/wp\/v2\/categories?post=105408"},{"taxonomy":"post_tag","embeddable":true,"href":"https:\/\/www.europesays.com\/no\/wp-json\/wp\/v2\/tags?post=105408"}],"curies":[{"name":"wp","href":"https:\/\/api.w.org\/{rel}","templated":true}]}}