{"id":105412,"date":"2025-12-05T22:22:12","date_gmt":"2025-12-05T22:22:12","guid":{"rendered":"https:\/\/www.europesays.com\/no\/105412\/"},"modified":"2025-12-05T22:22:12","modified_gmt":"2025-12-05T22:22:12","slug":"fire-personer-sendt-til-unn-etter-trafikkulykke","status":"publish","type":"post","link":"https:\/\/www.europesays.com\/no\/105412\/","title":{"rendered":"Fire personer sendt til UNN etter trafikkulykke"},"content":{"rendered":"<p><strong>Bardu<\/strong>: To personbiler har fredag ettermiddag kollidert p\u00e5 E6 nord for Setermoen i Bardu.<\/p>\n<p>To personer ble fastklemt etter ulykken. 40 minutter etter f\u00f8rste melding kan operasjonsleder i Troms politidistrikt, Per Arve Aas, meddele at \u00e9n av f\u00f8rerne er frigjort og tas h\u00e5nd om av helsepersonell.<\/p>\n<p>Kort tid etter opplyser Aas at alle fire involverte i ulykken sendes med helikopter til Universitetssykehuset Nord-Norge (UNN) i Troms\u00f8 for unders\u00f8kelse og oppf\u00f8lging.<\/p>\n<p>\u2013 Skadeomfanget er ukjent, sier Aas.<\/p>\n<p>Det var tre personer i den ene bilen og kun f\u00f8rer i den andre. Vitner har opplyst at bilen som kj\u00f8rte nordover har kommet over i motg\u00e5ende kj\u00f8refelt.<\/p>\n<p>Milit\u00e6rpolitiet har rykket ut for \u00e5 bist\u00e5 med trafikkdirigering.<\/p>\n<p>Trafikken omdirigeres via Tunveien forbi skadestedet.<\/p>\n","protected":false},"excerpt":{"rendered":"Bardu: To personbiler har fredag ettermiddag kollidert p\u00e5 E6 nord for Setermoen i Bardu. To personer ble fastklemt&hellip;\n","protected":false},"author":2,"featured_media":16542,"comment_status":"","ping_status":"","sticky":false,"template":"","format":"standard","meta":{"footnotes":""},"categories":[10],"tags":[5344,20,21,834,24,25,15,22,23,13,30,28,29,3760,14,16,468,26,27],"class_list":{"0":"post-105412","1":"post","2":"type-post","3":"status-publish","4":"format-standard","5":"has-post-thumbnail","7":"category-norge","8":"tag-bardu","9":"tag-breaking-news","10":"tag-breakingnews","11":"tag-e6","12":"tag-featured-news","13":"tag-featurednews","14":"tag-headlines","15":"tag-latest-news","16":"tag-latestnews","17":"tag-news","18":"tag-no","19":"tag-norge","20":"tag-norway","21":"tag-nodetatene","22":"tag-nyheter","23":"tag-overskrifter","24":"tag-politiet","25":"tag-top-stories","26":"tag-topstories"},"share_on_mastodon":{"url":"https:\/\/pubeurope.com\/@no\/115669299786727729","error":""},"_links":{"self":[{"href":"https:\/\/www.europesays.com\/no\/wp-json\/wp\/v2\/posts\/105412","targetHints":{"allow":["GET"]}}],"collection":[{"href":"https:\/\/www.europesays.com\/no\/wp-json\/wp\/v2\/posts"}],"about":[{"href":"https:\/\/www.europesays.com\/no\/wp-json\/wp\/v2\/types\/post"}],"author":[{"embeddable":true,"href":"https:\/\/www.europesays.com\/no\/wp-json\/wp\/v2\/users\/2"}],"replies":[{"embeddable":true,"href":"https:\/\/www.europesays.com\/no\/wp-json\/wp\/v2\/comments?post=105412"}],"version-history":[{"count":0,"href":"https:\/\/www.europesays.com\/no\/wp-json\/wp\/v2\/posts\/105412\/revisions"}],"wp:featuredmedia":[{"embeddable":true,"href":"https:\/\/www.europesays.com\/no\/wp-json\/wp\/v2\/media\/16542"}],"wp:attachment":[{"href":"https:\/\/www.europesays.com\/no\/wp-json\/wp\/v2\/media?parent=105412"}],"wp:term":[{"taxonomy":"category","embeddable":true,"href":"https:\/\/www.europesays.com\/no\/wp-json\/wp\/v2\/categories?post=105412"},{"taxonomy":"post_tag","embeddable":true,"href":"https:\/\/www.europesays.com\/no\/wp-json\/wp\/v2\/tags?post=105412"}],"curies":[{"name":"wp","href":"https:\/\/api.w.org\/{rel}","templated":true}]}}