{"id":105423,"date":"2025-12-05T23:01:42","date_gmt":"2025-12-05T23:01:42","guid":{"rendered":"https:\/\/www.europesays.com\/no\/105423\/"},"modified":"2025-12-05T23:01:42","modified_gmt":"2025-12-05T23:01:42","slug":"fra-kjaerlighetsbrev-til-arets-tv-par","status":"publish","type":"post","link":"https:\/\/www.europesays.com\/no\/105423\/","title":{"rendered":"Fra kj\u00e6rlighetsbrev til \u00e5rets TV-par"},"content":{"rendered":"<p class=\"kicker \" style=\"\">Jakten-paret:<\/p>\n<p>  R\u00f8rte alle med ektef\u00f8lt kj\u00e6rlighetserkl\u00e6ring.<\/p>\n<p>\n    Camilla Sagen Botilsrud og kj\u00e6resten Markus har blitt alles favorittpar. Foto: Morten Eik\n  <\/p>\n<p> Det hele startet med et brev \u2013 og endte med en baby, et sm\u00e5bruk og en kj\u00e6rlighetserkl\u00e6ring fra scenen. N\u00e5 r\u00f8rer Camilla Botilsrud Sagen og Markus Botten igjen fansen, etter \u00e5 ha blitt k\u00e5ret til \u00c5rets TV-par under \u00abReality Awards\u00bb,\u00a0<a href=\"https:\/\/www.seher.no\/kjendis\/rorende-hyllest-jeg-elsker-deg\/83661002\" rel=\"nofollow noopener\" target=\"_blank\">skriver Se og H\u00f8r<\/a>.<\/p>\n<p>Camilla, kjent fra \u00abGod morgen Norge\u00bb, meldte seg i 2024 p\u00e5 det folkekj\u00e6re programmet for \u00e5 finne kj\u00e6rligheten \u2013 og hun fant den. S\u00e5 til de grader! Det sa umiddelbart \u00abklikk\u00bb med Markus, og forholdet har utviklet seg raskt. Paret flyttet sammen kort tid etter innspillingen, og i august 2025 ble de foreldre til sitt f\u00f8rste barn.\u00a0<\/p>\n<p>          <img loading=\"lazy\" decoding=\"async\" src=\"https:\/\/www.europesays.com\/no\/wp-content\/uploads\/2025\/12\/83944619.webp\" width=\"686\" height=\"392\" title=\"Masse f\u00f8lelser p\u00e5 scenen under Reality Awards. Foto: Espen Solli\" alt=\"\" class=\"\" style=\"--aspect-ratio-image: 1.75; \"\/><\/p>\n<p>\n          Masse f\u00f8lelser p\u00e5 scenen under Reality Awards. Foto: Espen Solli\n      <\/p>\n<p>    <a itemprop=\"url\" href=\"https:\/\/www.kk.no\/samliv\/da-jeg-skilte-meg-og-ble-sammen-med-en-ny-trodde-jeg-det-skulle-bli-lett\/77021636\" rel=\"nofollow noopener\" target=\"_blank\"><\/p>\n<p>      <img loading=\"lazy\" decoding=\"async\" src=\"https:\/\/www.europesays.com\/no\/wp-content\/uploads\/2025\/12\/82951790.webp\" width=\"980\" height=\"441\" title=\"- Limet i det f\u00f8rste ekteskapet, blir ofte et problem i det andre\" alt=\"\" class=\"lazyload\" style=\"--aspect-ratio-image: 2.22; \"\/><\/p>\n<p>        &#8211; Limet i det f\u00f8rste ekteskapet, blir ofte et problem i det andre<\/p>\n<p>    <\/a><\/p>\n<p>Under prisutdelingen var f\u00f8lelsene ekte og sterke: \u2013 Jeg m\u00e5 jo takke deg for at du valgte brevet mitt \u2026 nei, vent, det gjorde du ikke. Jeg m\u00e5 takke Kjetil Sagen, Camillas far, for at han valgte brevet mitt, sa Markus sp\u00f8kefullt fra scenen til latter og jubel fra salen.\u00a0<\/p>\n<p>Camilla p\u00e5 sin side klarte knapt \u00e5 holde t\u00e5rene tilbake.<br \/>\n\u2013 Takk! N\u00e5 skjelver \u2013 og griner jeg. Tusen hjertelig takk til alle som har stemt. Tusen takk til deg, som skrev det brevet &#8230; det kan jeg ikke snakke mer om, for da begynner jeg bare \u00e5 gr\u00e5te.\u00a0<\/p>\n<p>Og til slutt \u2013 de tre ordene som sfikk alle i salen til \u00e5 juble:<br \/>\n\u2013 Jeg elsker deg.<\/p>\n<p>    <a itemprop=\"url\" href=\"https:\/\/www.kk.no\/underholdning\/ny-jobb-flau-og-redd\/83942818\" rel=\"nofollow noopener\" target=\"_blank\"><\/p>\n<p>      <img loading=\"lazy\" decoding=\"async\" src=\"https:\/\/www.europesays.com\/no\/wp-content\/uploads\/2025\/12\/83942970.webp\" width=\"147\" height=\"98\" title=\"Ny jobb: - Flau og redd\" alt=\"\" class=\"lazyload\" style=\"--aspect-ratio-image: 1.50; \"\/><\/p>\n<p>        Ny jobb: &#8211; Flau og redd<\/p>\n<p>    <\/a><\/p>\n","protected":false},"excerpt":{"rendered":"Jakten-paret: R\u00f8rte alle med ektef\u00f8lt kj\u00e6rlighetserkl\u00e6ring. Camilla Sagen Botilsrud og kj\u00e6resten Markus har blitt alles favorittpar. Foto: Morten&hellip;\n","protected":false},"author":2,"featured_media":105424,"comment_status":"","ping_status":"","sticky":false,"template":"","format":"standard","meta":{"footnotes":""},"categories":[58],"tags":[71,231,30,28,29,72],"class_list":{"0":"post-105423","1":"post","2":"type-post","3":"status-publish","4":"format-standard","5":"has-post-thumbnail","7":"category-underholdning","8":"tag-entertainment","9":"tag-jakten-pa-kjaerligheten","10":"tag-no","11":"tag-norge","12":"tag-norway","13":"tag-underholdning"},"share_on_mastodon":{"url":"https:\/\/pubeurope.com\/@no\/115669453159144277","error":""},"_links":{"self":[{"href":"https:\/\/www.europesays.com\/no\/wp-json\/wp\/v2\/posts\/105423","targetHints":{"allow":["GET"]}}],"collection":[{"href":"https:\/\/www.europesays.com\/no\/wp-json\/wp\/v2\/posts"}],"about":[{"href":"https:\/\/www.europesays.com\/no\/wp-json\/wp\/v2\/types\/post"}],"author":[{"embeddable":true,"href":"https:\/\/www.europesays.com\/no\/wp-json\/wp\/v2\/users\/2"}],"replies":[{"embeddable":true,"href":"https:\/\/www.europesays.com\/no\/wp-json\/wp\/v2\/comments?post=105423"}],"version-history":[{"count":0,"href":"https:\/\/www.europesays.com\/no\/wp-json\/wp\/v2\/posts\/105423\/revisions"}],"wp:featuredmedia":[{"embeddable":true,"href":"https:\/\/www.europesays.com\/no\/wp-json\/wp\/v2\/media\/105424"}],"wp:attachment":[{"href":"https:\/\/www.europesays.com\/no\/wp-json\/wp\/v2\/media?parent=105423"}],"wp:term":[{"taxonomy":"category","embeddable":true,"href":"https:\/\/www.europesays.com\/no\/wp-json\/wp\/v2\/categories?post=105423"},{"taxonomy":"post_tag","embeddable":true,"href":"https:\/\/www.europesays.com\/no\/wp-json\/wp\/v2\/tags?post=105423"}],"curies":[{"name":"wp","href":"https:\/\/api.w.org\/{rel}","templated":true}]}}