{"id":105427,"date":"2025-12-05T23:20:24","date_gmt":"2025-12-05T23:20:24","guid":{"rendered":"https:\/\/www.europesays.com\/no\/105427\/"},"modified":"2025-12-05T23:20:24","modified_gmt":"2025-12-05T23:20:24","slug":"sunnfjord-forde-firda-ramma-av-stor-nettfeil","status":"publish","type":"post","link":"https:\/\/www.europesays.com\/no\/105427\/","title":{"rendered":"Sunnfjord, F\u00f8rde | Firda ramma av stor nettfeil"},"content":{"rendered":"\n<p>Ei rekkje norske aviser og offentlege nettstader gjekk ned fredag morgon som f\u00f8lge av omfattande problem hos internettselskapet Cloudflare. Mellom dei r\u00e5ka tenestene var Altinn, Skatteetaten og Regjeringen.no. <\/p>\n<p>Ogs\u00e5 Amedia-konsernet \u2013 som Firda er ein del av \u2013 opplevde nedetid. Derfor var det i ein periode ikkje mogleg \u00e5 komme inn p\u00e5 Firda.no eller i Firda-appen for \u00e5 lese nyheiter. <\/p>\n<p>Cloudflare, som blir nytta av millionar av nettstader verda over for \u00e5 handtere stor trafikk og gi vern mot digitale angrep, stadfesta tidleg at dei arbeidde med \u00e5 l\u00f8yse feilen, if\u00f8lge <a href=\"https:\/\/www.vg.no\/nyheter\/i\/7pldlB\/flere-nettaviser-er-nede\" rel=\"Follow nofollow noopener\" target=\"_blank\">VG. <\/a><\/p>\n<p>Dette er den andre gongen p\u00e5 f\u00e5 veker at selskapet opplever st\u00f8rre driftsproblem.<\/p>\n<p>Rundt klokka 10.15 fredag f\u00f8remiddag byrja fleire av dei r\u00e5ka tenestene gradvis \u00e5 fungere igjen. Firda var blant nettstadene som vart tilgjengelege att p\u00e5 dette tidspunktet.<\/p>\n","protected":false},"excerpt":{"rendered":"Ei rekkje norske aviser og offentlege nettstader gjekk ned fredag morgon som f\u00f8lge av omfattande problem hos internettselskapet&hellip;\n","protected":false},"author":2,"featured_media":105428,"comment_status":"","ping_status":"","sticky":false,"template":"","format":"standard","meta":{"footnotes":""},"categories":[10],"tags":[36,9090,20,21,24,25,9091,3687,5225,15,914,9092,22,23,13,30,28,29,14,16,1510,1466,26,27],"class_list":{"0":"post-105427","1":"post","2":"type-post","3":"status-publish","4":"format-standard","5":"has-post-thumbnail","7":"category-norge","8":"tag-art","9":"tag-askvoll","10":"tag-breaking-news","11":"tag-breakingnews","12":"tag-featured-news","13":"tag-featurednews","14":"tag-fjaler","15":"tag-forde","16":"tag-gloppen","17":"tag-headlines","18":"tag-hoyanger","19":"tag-hyllestad","20":"tag-latest-news","21":"tag-latestnews","22":"tag-news","23":"tag-no","24":"tag-norge","25":"tag-norway","26":"tag-nyheter","27":"tag-overskrifter","28":"tag-story","29":"tag-sunnfjord","30":"tag-top-stories","31":"tag-topstories"},"share_on_mastodon":{"url":"https:\/\/pubeurope.com\/@no\/115669527615843769","error":""},"_links":{"self":[{"href":"https:\/\/www.europesays.com\/no\/wp-json\/wp\/v2\/posts\/105427","targetHints":{"allow":["GET"]}}],"collection":[{"href":"https:\/\/www.europesays.com\/no\/wp-json\/wp\/v2\/posts"}],"about":[{"href":"https:\/\/www.europesays.com\/no\/wp-json\/wp\/v2\/types\/post"}],"author":[{"embeddable":true,"href":"https:\/\/www.europesays.com\/no\/wp-json\/wp\/v2\/users\/2"}],"replies":[{"embeddable":true,"href":"https:\/\/www.europesays.com\/no\/wp-json\/wp\/v2\/comments?post=105427"}],"version-history":[{"count":0,"href":"https:\/\/www.europesays.com\/no\/wp-json\/wp\/v2\/posts\/105427\/revisions"}],"wp:featuredmedia":[{"embeddable":true,"href":"https:\/\/www.europesays.com\/no\/wp-json\/wp\/v2\/media\/105428"}],"wp:attachment":[{"href":"https:\/\/www.europesays.com\/no\/wp-json\/wp\/v2\/media?parent=105427"}],"wp:term":[{"taxonomy":"category","embeddable":true,"href":"https:\/\/www.europesays.com\/no\/wp-json\/wp\/v2\/categories?post=105427"},{"taxonomy":"post_tag","embeddable":true,"href":"https:\/\/www.europesays.com\/no\/wp-json\/wp\/v2\/tags?post=105427"}],"curies":[{"name":"wp","href":"https:\/\/api.w.org\/{rel}","templated":true}]}}