{"id":105430,"date":"2025-12-05T23:57:08","date_gmt":"2025-12-05T23:57:08","guid":{"rendered":"https:\/\/www.europesays.com\/no\/105430\/"},"modified":"2025-12-05T23:57:08","modified_gmt":"2025-12-05T23:57:08","slug":"fredrik-moller-med-alpinbragd-i-snokaos-og-vindkast-i-beaver-creek-kilde-kjorte-ut-tv2-no","status":"publish","type":"post","link":"https:\/\/www.europesays.com\/no\/105430\/","title":{"rendered":"Fredrik M\u00f8ller med alpinbragd i sn\u00f8kaos og vindkast i Beaver Creek \u2013 Kilde kj\u00f8rte ut &#8211; TV2.no"},"content":{"rendered":"<ol>\n<li><a href=\"https:\/\/news.google.com\/rss\/articles\/CBMi7wFBVV95cUxQM19YRmd6bF9VM2hYaWRpZWx3QU50VHd3blVXOEhDeE96S0xteW5MX2p2dmZ2Wks3UjJuYTdneGl2ajFqd3VuekppRW9TbGdpM1M0UVA2VEd2S1RYNHpPQk16U2JQUEc4MC1ONU56R2FBWk43XzYtc0VLX2lzQlptUzdWcDFVWUVJdHhrOGlTZUpRRkZqQmQzUGlhd0pIdnN1b3I2WjE5dElJSGlfSTU0eExiQlRjWXRjaTZYOWc4ZmZHU2hoWEdfRW1xUTVCcEpQekFBZ1ZQNTFkZTJKR2c0Y0pCY1h3MEI0c1VXVzBxTQ?oc=5\" target=\"_blank\" rel=\"nofollow noopener\">Fredrik M\u00f8ller med alpinbragd i sn\u00f8kaos og vindkast i Beaver Creek \u2013 Kilde kj\u00f8rte ut<\/a>&nbsp;&nbsp;TV2.no<\/li>\n<li><a href=\"https:\/\/news.google.com\/rss\/articles\/CBMiugFBVV95cUxOeHNYSWQ1QzhhOGQ2WDk0bU55OUdOMTdzZUFzN1FTSUQxLTZxODhIUzNBTEZERlcxZnVaQkY1WU40cWFJVmtRV2ZtUDNMTGtZU2JNX0J6cXN1cXRoTWMtdFdKVHM3ZTdmd3E3Q0lvSnpETWgxbk5rR0RYUEEwOHc2b21TRzJyY0tLOFEwbmpObC1FbXNzUXJIRHI0NkhTdV9PMWM1UU03YVBwSERQYnRqMEdVRkI1ckk1TEE?oc=5\" target=\"_blank\" rel=\"nofollow noopener\">n\u00e5: Fredrik M\u00f8ller med alpinbragd i sn\u00f8kaos og vindkast i Beaver Creek \u2013 Kilde kj\u00f8rte ut<\/a>&nbsp;&nbsp;VG<\/li>\n<li><a href=\"https:\/\/news.google.com\/rss\/articles\/CBMiigFBVV95cUxQNjM4ZXpDOVZGaHFVbGs5ZlRLdjlWSmk2bDFpYXBSbTZ0RlBWaHd0YlhFY0dSb3JxeUFrdldRZ3BuMWt5N09IYzFwVFpDb0ZVSEdpMjI1d3UxSmZZSmwzUWFZaEg4X1JDRzVDc1lNOVVVYmZKeWZ4cDBwVHRBTndLVUR6MXBCd09wbFE?oc=5\" target=\"_blank\" rel=\"nofollow noopener\">Fredrik klinket til i kaosrenn: \u2013 Helt fantastisk!<\/a>&nbsp;&nbsp;opp.no<\/li>\n<li><a href=\"https:\/\/news.google.com\/rss\/articles\/CBMilAFBVV95cUxPOU1UX0xJelFBQWsydk96WXV3YnVjRGZkd05XVEdLTG1LX1hKQ2dFYTFVVGZ5U0R4ZHBmbVBfYnlxNWlOYWxwYTNnbUxkYU9xc3RlOE16ZmxWVk1WRE1qQW9MMEE0bUNIWERjVXB5MmtqVXI5N2pfa0s0WnRyRGtxc1ZMMkVkV3Nvcm96ZGxOdFdUYVc2?oc=5\" target=\"_blank\" rel=\"nofollow noopener\">McGrath dropper super-G i Beaver Creek \u2013 her er uttaket<\/a>&nbsp;&nbsp;rbnett.no<\/li>\n<li><a href=\"https:\/\/news.google.com\/rss\/articles\/CBMipAFBVV95cUxQaUZ0aHRVcFdjV2k1Z045RjdvYTUwUkpJa2JCeU9DbWFFbGkzY1ZrMVNHaDVpWDNFOUtRNFgzYzVMVzFwZDRjUFZzNENpLTdsVUVReTZqendod2ZzXzlaVm02eDI1V2wxdGcybzk3ODluM2pZRUx0bWl6RXlqZlV5S01wTDV5RzlzdzVWUWFtR0c4UTNPbF9ldzFKNEt3d01uSHloXw?oc=5\" target=\"_blank\" rel=\"nofollow noopener\">Fredrik M\u00f8ller med alpinbragd i sn\u00f8kaos og vindkast i Beaver Creek<\/a>&nbsp;&nbsp;NRK<\/li>\n<\/ol>\n","protected":false},"excerpt":{"rendered":"Fredrik M\u00f8ller med alpinbragd i sn\u00f8kaos og vindkast i Beaver Creek \u2013 Kilde kj\u00f8rte ut&nbsp;&nbsp;TV2.no n\u00e5: Fredrik M\u00f8ller&hellip;\n","protected":false},"author":2,"featured_media":105431,"comment_status":"","ping_status":"","sticky":false,"template":"","format":"standard","meta":{"footnotes":""},"categories":[59],"tags":[30,28,29,83,82],"class_list":{"0":"post-105430","1":"post","2":"type-post","3":"status-publish","4":"format-standard","5":"has-post-thumbnail","7":"category-sport","8":"tag-no","9":"tag-norge","10":"tag-norway","11":"tag-sport","12":"tag-sports"},"share_on_mastodon":{"url":"https:\/\/pubeurope.com\/@no\/115669673143947525","error":""},"_links":{"self":[{"href":"https:\/\/www.europesays.com\/no\/wp-json\/wp\/v2\/posts\/105430","targetHints":{"allow":["GET"]}}],"collection":[{"href":"https:\/\/www.europesays.com\/no\/wp-json\/wp\/v2\/posts"}],"about":[{"href":"https:\/\/www.europesays.com\/no\/wp-json\/wp\/v2\/types\/post"}],"author":[{"embeddable":true,"href":"https:\/\/www.europesays.com\/no\/wp-json\/wp\/v2\/users\/2"}],"replies":[{"embeddable":true,"href":"https:\/\/www.europesays.com\/no\/wp-json\/wp\/v2\/comments?post=105430"}],"version-history":[{"count":0,"href":"https:\/\/www.europesays.com\/no\/wp-json\/wp\/v2\/posts\/105430\/revisions"}],"wp:featuredmedia":[{"embeddable":true,"href":"https:\/\/www.europesays.com\/no\/wp-json\/wp\/v2\/media\/105431"}],"wp:attachment":[{"href":"https:\/\/www.europesays.com\/no\/wp-json\/wp\/v2\/media?parent=105430"}],"wp:term":[{"taxonomy":"category","embeddable":true,"href":"https:\/\/www.europesays.com\/no\/wp-json\/wp\/v2\/categories?post=105430"},{"taxonomy":"post_tag","embeddable":true,"href":"https:\/\/www.europesays.com\/no\/wp-json\/wp\/v2\/tags?post=105430"}],"curies":[{"name":"wp","href":"https:\/\/api.w.org\/{rel}","templated":true}]}}