{"id":105432,"date":"2025-12-06T00:04:11","date_gmt":"2025-12-06T00:04:11","guid":{"rendered":"https:\/\/www.europesays.com\/no\/105432\/"},"modified":"2025-12-06T00:04:11","modified_gmt":"2025-12-06T00:04:11","slug":"okonomi-og-naeringsliv-brann-andre-dyroy-fra-askoy-har-sikret-seg-flybilletter-og-hotellrom-i-usa-uten-a-vite-hvilke-byer-norge-skal-spille-vm-kampene-i-fotball","status":"publish","type":"post","link":"https:\/\/www.europesays.com\/no\/105432\/","title":{"rendered":"\u00d8konomi og n\u00e6ringsliv, Brann | Andre Dyr\u00f8y fra Ask\u00f8y har sikret seg flybilletter og hotellrom i USA \u2013 uten \u00e5 vite hvilke byer Norge skal spille VM-kampene i fotball."},"content":{"rendered":"\n<p>Mens norske fotballsupportere venter i spenning p\u00e5 hvor Norge skal gjennomf\u00f8re kampene sine fotball-VM til sommeren, har denne ask\u00f8yv\u00e6ringen tatt skjebnen i egne hender.<\/p>\n<p>\u2013 Jeg har booket flybilletter allerede n\u00e5, for \u00e5 unng\u00e5 at prisene skyter i v\u00e6ret n\u00e5r vertsbyene for VM er klare, forteller Dyr\u00f8y.<\/p>\n<p><b>F\u00f8rst l\u00f8rdag er bytrekningen i USA klar, et d\u00f8gn etter selve puljetrekningen.<\/b><\/p>\n<p>Sikret seg bonusbilletter<\/p>\n<p><b>Med kone og to barn planlegger 38-\u00e5ringen \u00e5 reise privat for \u00e5 se Norges kamper. <\/b><\/p>\n<p>\u2013 Vi var heldige og fikk alle flybillettene p\u00e5 bonuspoeng begge veier, avsl\u00f8rer han, og ansl\u00e5r at andre norske fotballfans sannsynligvis m\u00e5 ut med 20.000-25.000 kroner om de vil tar turen over dammen til sommeren.<\/p>\n<p>Dyr\u00f8y har ogs\u00e5 sikret overnatting i flere av de st\u00f8rste byene som har VM-arenaer.<\/p>\n<p>\u2013 Jeg syns prisniv\u00e5et p\u00e5 hotell egentlig er overraskende greit, sier Dyr\u00f8y, som har funnet priser p\u00e5 alt fra 2000 kroner til 4\u20135000 kroner natten for hotell eller Airbnb.<\/p>\n<p>   <img decoding=\"async\" width=\"8256\" height=\"5504\" fetchpriority=\"low\"  loading=\"lazy\"  src=\"https:\/\/www.europesays.com\/no\/wp-content\/uploads\/2025\/12\/EH8_3082_Redigert.JPG\" alt=\"\" class=\"brick-c-cFOWSL\" style=\"--brick-image-ratio: 8256 \/ 5504;\"\/><\/p>\n<p>      Andre Dyr\u00f8y startet Bergen Sportsreiser i februar 2012 og omsetter n\u00e5 for n\u00e6rmere 20 millioner i \u00e5ret fra kontoret i Baker<br \/>\n      Foto: EIRIK HAGES\u00c6TER\n    <\/p>\n<p>Da trekningen var gjort og byene bestemt, viste det seg at han hadde bommet litt.<\/p>\n<p>\u2013 Vi er p\u00e5 vestkysten, mens Norge spiller p\u00e5 \u00f8stkysten. De f\u00f8rste kampene g\u00e5r i vest, s\u00e5 det var der sjansen var st\u00f8rst, sier han.<\/p>\n<p>Samtidig er ikke h\u00e5pet ute.<\/p>\n<p>\u2013 Det er to mulige sluttspillkamper der vi er, s\u00e5 h\u00e5pet lever!<\/p>\n<p>\u00d8nsker \u00e5 tilby EM-reiser<\/p>\n<p><b>Det h\u00f8rer med til historien at Dyr\u00f8y i 13 \u00e5r har drevet Bergen Sportsreiser AS, som organiserer fotballturer til England. S\u00e5 han kan trygt kalles en ekspert p\u00e5 omr\u00e5det. <\/b><\/p>\n<p>\u2013 Men VM-turer kan vi ikke selge p\u00e5 grunn av manglende tilgang p\u00e5 offisielle billetter, forklarer Dyr\u00f8y.<\/p>\n<p>I stedet har han planlagt familiens dr\u00f8mmereise til USA, som ordin\u00e6r tilskuer.<\/p>\n<p><b>VM 2026 spilles i USA, Canada og Mexico. Med hele tre land og er VM 2026 det mest omfattende mesterskapet som noen gang er arrangert.<\/b><\/p>\n<p>   <img decoding=\"async\" width=\"7356\" height=\"4904\" fetchpriority=\"low\"  loading=\"lazy\"  src=\"https:\/\/www.europesays.com\/no\/wp-content\/uploads\/2025\/12\/cueres_scp-mangler_navn_VVw-2AMozJU.jpg\" alt=\"Aune Heggeb\u00f8, David M\u00f8ller Wolfe, Eivind Helland, Felix Horn Myhre og Patrick Berg.\" class=\"brick-c-cFOWSL\" style=\"--brick-image-ratio: 7356 \/ 4904;\"\/><\/p>\n<p>      Aune Heggeb\u00f8, David M\u00f8ller Wolfe, Eivind Helland og Mathias Dyngeland er alle aktuelle for den norske VM-troppen.<br \/>\n      Foto: Foto: Fredrik Varfjell \/ NTB\n    <\/p>\n<p><a href=\"https:\/\/www.ba.no\/det-lille-reisebyraet-cowboyreiser-pa-askoy-opplever-stor-pagang-for-fotball-vm-i-usa\/s\/5-8-3244291\" rel=\"Follow nofollow noopener\" target=\"_blank\">BA har tidligere fortalt om en annen turoperat\u00f8r p\u00e5 Ask\u00f8y, Cowboyreiser, som sitter p\u00e5 ledige VIP-billetter til VM. <\/a><\/p>\n<p>De har lang venteliste og ringes ned av kunder fra hele landet:<\/p>\n<p>  <a href=\"https:\/\/www.ba.no\/5-8-3244291\" class=\"related-teaser has-image default-story-teaser article--c-eRUmMG article--c-eRUmMG-jKCPdD-design-default\" rel=\"nofollow noopener\" target=\"_blank\"><\/p>\n<p>    <img decoding=\"async\" loading=\"lazy\"  src=\"https:\/\/www.europesays.com\/no\/wp-content\/uploads\/2025\/12\/1764979450_210_EH8_2916_Redigert.JPG\" alt=\"\" class=\"brick-c-cFOWSL\" style=\"\"\/><\/p>\n<p>\n            Les ogs\u00e5<\/p>\n<p>              VM-trekning fredag: \u2013 Vi ringes ned fra hele landet. Alle vil ha billetter!\n        <\/p>\n<p>  <\/a><br \/>\n  Rekordomsetning<\/p>\n<p><b>Bergen Sportsreiser AS har opplevd god vekst de siste \u00e5rene, hovedsakelig drevet av nordmenns interesse for engelsk fotball. London, Manchester og Liverpool er de mest popul\u00e6re destinasjonene. <\/b><\/p>\n<p>I 2024 omsatte selskapet for 20,1 millioner kroner.<\/p>\n<p>\u2013 Mange \u00f8nsker \u00e5 kj\u00f8pe en pakkereise gjennom en trygg leverand\u00f8r. Dette er ikke noen ni-til-fire jobb, her m\u00e5 du v\u00e6re klar til \u00e5 hjelpe kunder b\u00e5de p\u00e5 kveldstid og i helger n\u00e5r de \u00f8nsker \u00e5 bekrefte bestillinger, sier Andre Dyr\u00f8y.<\/p>\n<p>Til tross for suksessen med Englands-salget, har selskapet m\u00e5ttet takke nei til en rekke VM-henvendelser.<\/p>\n<p>\u2013 Vi f\u00e5r mange sp\u00f8rsm\u00e5l om billetter, stort sett til Norges kamper. Det hadde v\u00e6rt veldig kult \u00e5 kunne tilby noe der, men USA er jo ikke v\u00e5r hjemmebane, forklarer Dyr\u00f8y. <\/p>\n<p>  <a href=\"https:\/\/www.ba.no\/5-8-3241257\" class=\"related-teaser has-image default-story-teaser article--c-eRUmMG article--c-eRUmMG-jKCPdD-design-default\" rel=\"nofollow noopener\" target=\"_blank\"><\/p>\n<p>    <img decoding=\"async\" loading=\"lazy\"  src=\"https:\/\/www.europesays.com\/no\/wp-content\/uploads\/2025\/12\/NTB_1te9vUjAQKk.jpg\" alt=\"\" class=\"brick-c-cFOWSL\" style=\"\"\/><\/p>\n<p>\n            Les ogs\u00e5<\/p>\n<p>              Alt du trenger \u00e5 vite om Norges VM-trekning\n        <\/p>\n<p>  <\/a><br \/>\n  Ser frem mot EM<\/p>\n<p><b>Forretningsfokuset ligger n\u00e5 mer p\u00e5 fremtidige mesterskap, spesielt EM i 2028, som g\u00e5r i Storbritannia og Irland.<\/b><\/p>\n<p>\u2013 Der har vi allerede begynt \u00e5 holde av noen hotellrom, sier Dyr\u00f8y, og legger til at billett-casen gjenst\u00e5r \u00e5 l\u00f8se.<\/p>\n<p>For Dyr\u00f8y er fotball mer enn en jobb \u2013 det er en livsstil.<\/p>\n<p>\u2013 Jeg er selv en stor fotballfan. Privat har jeg reist p\u00e5 de fleste bortekampene til Brann i Europaligaen i h\u00f8st, r\u00f8per han.<\/p>\n","protected":false},"excerpt":{"rendered":"Mens norske fotballsupportere venter i spenning p\u00e5 hvor Norge skal gjennomf\u00f8re kampene sine fotball-VM til sommeren, har denne&hellip;\n","protected":false},"author":2,"featured_media":105433,"comment_status":"","ping_status":"","sticky":false,"template":"","format":"standard","meta":{"footnotes":""},"categories":[59],"tags":[36,2271,622,367,8634,30,28,29,216,83,1273,82,1510],"class_list":{"0":"post-105432","1":"post","2":"type-post","3":"status-publish","4":"format-standard","5":"has-post-thumbnail","7":"category-sport","8":"tag-art","9":"tag-askoy","10":"tag-billetter","11":"tag-brann","12":"tag-fotball-vm-2026","13":"tag-no","14":"tag-norge","15":"tag-norway","16":"tag-okonomi-og-naeringsliv","17":"tag-sport","18":"tag-sporten","19":"tag-sports","20":"tag-story"},"share_on_mastodon":{"url":"https:\/\/pubeurope.com\/@no\/115669700755193972","error":""},"_links":{"self":[{"href":"https:\/\/www.europesays.com\/no\/wp-json\/wp\/v2\/posts\/105432","targetHints":{"allow":["GET"]}}],"collection":[{"href":"https:\/\/www.europesays.com\/no\/wp-json\/wp\/v2\/posts"}],"about":[{"href":"https:\/\/www.europesays.com\/no\/wp-json\/wp\/v2\/types\/post"}],"author":[{"embeddable":true,"href":"https:\/\/www.europesays.com\/no\/wp-json\/wp\/v2\/users\/2"}],"replies":[{"embeddable":true,"href":"https:\/\/www.europesays.com\/no\/wp-json\/wp\/v2\/comments?post=105432"}],"version-history":[{"count":0,"href":"https:\/\/www.europesays.com\/no\/wp-json\/wp\/v2\/posts\/105432\/revisions"}],"wp:featuredmedia":[{"embeddable":true,"href":"https:\/\/www.europesays.com\/no\/wp-json\/wp\/v2\/media\/105433"}],"wp:attachment":[{"href":"https:\/\/www.europesays.com\/no\/wp-json\/wp\/v2\/media?parent=105432"}],"wp:term":[{"taxonomy":"category","embeddable":true,"href":"https:\/\/www.europesays.com\/no\/wp-json\/wp\/v2\/categories?post=105432"},{"taxonomy":"post_tag","embeddable":true,"href":"https:\/\/www.europesays.com\/no\/wp-json\/wp\/v2\/tags?post=105432"}],"curies":[{"name":"wp","href":"https:\/\/api.w.org\/{rel}","templated":true}]}}