{"id":105434,"date":"2025-12-06T00:07:12","date_gmt":"2025-12-06T00:07:12","guid":{"rendered":"https:\/\/www.europesays.com\/no\/105434\/"},"modified":"2025-12-06T00:07:12","modified_gmt":"2025-12-06T00:07:12","slug":"kongsvinger-arbeidsliv-dette-sier-burger-king-sjefen-dagen-derpa-glamdalen","status":"publish","type":"post","link":"https:\/\/www.europesays.com\/no\/105434\/","title":{"rendered":"Kongsvinger, Arbeidsliv | Dette sier Burger King-sjefen \u00abdagen derp\u00e5\u00bb &#8211; Gl\u00e5mdalen"},"content":{"rendered":"<ol>\n<li><a href=\"https:\/\/news.google.com\/rss\/articles\/CBMiiAFBVV95cUxPVEpWTXNJMjlVMllfTkt4Q1MwbDY0b2x2U0JFNWtZeExiOFdIWnc5czh1Nkh3YVlPSlYtWWJHSlVRNi1aZlVaWjJBM0ZtWFlFTUFmT3NubTU0R3I3TVBMOXVFUWtoSndrZTI3MTRzUDAzNGdfbWN2dUhmQXZSeUFpVlZmQjQ5dnU4?oc=5\" target=\"_blank\" rel=\"nofollow noopener\">Kongsvinger, Arbeidsliv | Dette sier Burger King-sjefen \u00abdagen derp\u00e5\u00bb<\/a>&nbsp;&nbsp;Gl\u00e5mdalen<\/li>\n<li><a href=\"https:\/\/news.google.com\/rss\/articles\/CBMitAFBVV95cUxOeVRwdk1xVVN2Ym1EUTc1a29ieHBmdU9zVEhXalFKaUxNVm1WYXNNX3U4NlE5U3BNeFVicV9fZ2VmQ1lDa3k3R0x5bU92XzhETk9DVWN3YWtjd1JpeS1ZZ1IxcjRuZEFGZ0NDVm54cTZkd1VwU2tWSGR6YmFaWkhaYlByYUpBYmFjbzFncVV6bW1CRjdPSzRUaVpKX0dSM01VYVlOZ1FhUkQzbnZTODNJVzJYZkg?oc=5\" target=\"_blank\" rel=\"nofollow noopener\">(+) \u2013 Fint at Burger King kommer til Kongsvinger<\/a>&nbsp;&nbsp;Mitt Kongsvinger<\/li>\n<li><a href=\"https:\/\/news.google.com\/rss\/articles\/CBMiiAFBVV95cUxPMEdkaEl5MXlaWkhMZnV5REs0WjhCWHpNRHFQdXpSRXdlaWttQTJvS05wOGxPNzd5OWhfYVdWWDNqa1FzQTdhMEdmYmh2cEU1UlBpRnd6VUQxRTRhTlk2V0xCejl5RmNNelR0ODQ5Rjd2QTJ4VFhSTzNBT0Y3YnRoWXMxWnA1ckxq?oc=5\" target=\"_blank\" rel=\"nofollow noopener\">\u2013 Vi er veldig forn\u00f8yde med \u00e5 ha f\u00e5tt Burger King til byen!<\/a>&nbsp;&nbsp;Gl\u00e5mdalen<\/li>\n<li><a href=\"https:\/\/news.google.com\/rss\/articles\/CBMigwFBVV95cUxNTlozYXFLZDhoVjE4RDVQM3JHUmc5QlAyYUQ5aFROM1c3dE9VS2ZMX1lST25MN3RpT0pEWHZvZjEzWkRqZnJ4dVAzWUtXcVA4VUZZbk5nMGdoYzN5bFdQU05MaHNoS25Fa2E2RHhzSl9yRWFuZldiSmgtUTQ1QWNDa0h0VQ?oc=5\" target=\"_blank\" rel=\"nofollow noopener\">Petter Northug kommer til Kongsvinger<\/a>&nbsp;&nbsp;Gl\u00e5mdalen<\/li>\n<li><a href=\"https:\/\/news.google.com\/rss\/articles\/CBMifEFVX3lxTE9mSF9HaENoZlU3V1hqczhYWDFRX3hER1FpdS1IcTVFTmtGM3U4QzRaWi1lalEtdEpnblVVVkpvOU9xdXZ6ZlcwcF9CVk1FanQ3NUdORHdsUU96bUg5SjgwTmdlUmZpeWQtRU5XRmotNXVDbzBZbXc2YkJ1SmY?oc=5\" target=\"_blank\" rel=\"nofollow noopener\">(+) De er forberedt p\u00e5 burger-bonanza<\/a>&nbsp;&nbsp;Mitt Kongsvinger<\/li>\n<\/ol>\n","protected":false},"excerpt":{"rendered":"Kongsvinger, Arbeidsliv | Dette sier Burger King-sjefen \u00abdagen derp\u00e5\u00bb&nbsp;&nbsp;Gl\u00e5mdalen (+) \u2013 Fint at Burger King kommer til Kongsvinger&nbsp;&nbsp;Mitt&hellip;\n","protected":false},"author":2,"featured_media":105435,"comment_status":"","ping_status":"","sticky":false,"template":"","format":"standard","meta":{"footnotes":""},"categories":[56],"tags":[60,61,62,30,28,29],"class_list":{"0":"post-105434","1":"post","2":"type-post","3":"status-publish","4":"format-standard","5":"has-post-thumbnail","7":"category-naeringsliv","8":"tag-business","9":"tag-economy","10":"tag-naeringsliv","11":"tag-no","12":"tag-norge","13":"tag-norway"},"share_on_mastodon":{"url":"https:\/\/pubeurope.com\/@no\/115669712453730625","error":""},"_links":{"self":[{"href":"https:\/\/www.europesays.com\/no\/wp-json\/wp\/v2\/posts\/105434","targetHints":{"allow":["GET"]}}],"collection":[{"href":"https:\/\/www.europesays.com\/no\/wp-json\/wp\/v2\/posts"}],"about":[{"href":"https:\/\/www.europesays.com\/no\/wp-json\/wp\/v2\/types\/post"}],"author":[{"embeddable":true,"href":"https:\/\/www.europesays.com\/no\/wp-json\/wp\/v2\/users\/2"}],"replies":[{"embeddable":true,"href":"https:\/\/www.europesays.com\/no\/wp-json\/wp\/v2\/comments?post=105434"}],"version-history":[{"count":0,"href":"https:\/\/www.europesays.com\/no\/wp-json\/wp\/v2\/posts\/105434\/revisions"}],"wp:featuredmedia":[{"embeddable":true,"href":"https:\/\/www.europesays.com\/no\/wp-json\/wp\/v2\/media\/105435"}],"wp:attachment":[{"href":"https:\/\/www.europesays.com\/no\/wp-json\/wp\/v2\/media?parent=105434"}],"wp:term":[{"taxonomy":"category","embeddable":true,"href":"https:\/\/www.europesays.com\/no\/wp-json\/wp\/v2\/categories?post=105434"},{"taxonomy":"post_tag","embeddable":true,"href":"https:\/\/www.europesays.com\/no\/wp-json\/wp\/v2\/tags?post=105434"}],"curies":[{"name":"wp","href":"https:\/\/api.w.org\/{rel}","templated":true}]}}