{"id":105436,"date":"2025-12-06T00:09:11","date_gmt":"2025-12-06T00:09:11","guid":{"rendered":"https:\/\/www.europesays.com\/no\/105436\/"},"modified":"2025-12-06T00:09:11","modified_gmt":"2025-12-06T00:09:11","slug":"advarer-mot-billig-julepynt-fra-utlandet","status":"publish","type":"post","link":"https:\/\/www.europesays.com\/no\/105436\/","title":{"rendered":"Advarer mot billig julepynt fra utlandet"},"content":{"rendered":"\n<p class=\"_lead_o9xde_2 _lead_xtcu6_50 layout-component text-serif-m layout-normal text-serif-l layout-component layout-wide layout-padded _wide_17hqh_1 layout-padded\">Frykter det kan gi \u00f8kt risiko for brann. <\/p>\n<p><img alt=\"Brannvesenet og If ber deg tenke over kj\u00f8p av elektronisk julepynt fra utenlandske nettsider.  Foto: Illustrasjon: Envato elements\" class=\"_image_qp4xg_65 layout-component layout-wide\" data-fullscreen- data-track-element-type=\"Article image fullscreen\" data-track-name=\"ImageFullscreen\" fetchpriority=\"high\" decoding=\"sync\" loading=\"eager\" height=\"1215\" itemprop=\"image\"  src=\"https:\/\/www.europesays.com\/no\/wp-content\/uploads\/2025\/12\/e511dfd2-1ae6-4f9f-8a86-3ed7667f031e\"  style=\"object-position:0% 0%\" width=\"1822\"\/>Brannvesenet og If ber deg tenke over kj\u00f8p av elektronisk julepynt fra utenlandske nettsider.  Foto: Illustrasjon: Envato elements<\/p>\n<ul aria-hidden=\"true\" class=\"_images_ntbth_112\">\n<li><a class=\"_link_ntbth_117\" href=\"https:\/\/www.vg.no\/forfatter\/ane-moerk\" style=\"z-index:1\" title=\"Ane M\u00f8rk Holsen\" rel=\"nofollow noopener\" target=\"_blank\"><img alt=\"Bilde av Ane M\u00f8rk Holsen\" class=\"_image_ntbth_93\" fetchpriority=\"low\" loading=\"lazy\" decoding=\"async\" itemprop=\"image\"  src=\"https:\/\/www.europesays.com\/no\/wp-content\/uploads\/2025\/12\/1764979749_625_9b990496-b96d-4e47-8bd6-de8dd6aa683f\"  width=\"480\"\/><\/a><\/li>\n<\/ul>\n<p> Oppdatert fredag 5. desember kl. 23:32    <\/p>\n<ul class=\"_list_o9xde_3 _list_64s2r_85 _unordered_o9xde_106 text-sans-m\">\n<li class=\"_item_o9xde_30\">Advarer mot \u00e5 kj\u00f8pe billig elektrisk julepynt og elektronikk fra utlandet.<\/li>\n<li class=\"_item_o9xde_30\">D\u00e5rlig kvalitet \u00f8ker brannrisikoen, if\u00f8lge forsikringsselskapet If og Oslo brann- og redningsetat.<\/li>\n<li class=\"_item_o9xde_30\">I fjor var det 730 forsikringssaker med bygningsskader knyttet til brann i privatboligedesember i desember.<\/li>\n<li class=\"_item_o9xde_30\">Se etter CE-merking for \u00e5 sikre kvalitet.<\/li>\n<\/ul>\n<p>Vis mer <\/p>\n<p class=\"_paragraph_o9xde_4 _paragraph_xtcu6_10 layout-component text-serif-m layout-normal text-serif-m layout-padded\">Vi er p\u00e5 starten av det som omtales som \u00e5rets verste brannm\u00e5ned.<\/p>\n<p class=\"_paragraph_o9xde_4 _paragraph_xtcu6_10 layout-component text-serif-m layout-normal text-serif-m layout-padded\">Forsikringsselskapet If og Oslo brann- og redningsetat advarer mot \u00e5 kj\u00f8pe elektrisk julepynt og elektronikk fra billige utenlandske nettbutikker f\u00f8r jul.<\/p>\n<p class=\"_paragraph_o9xde_4 _paragraph_xtcu6_10 layout-component text-serif-m layout-normal text-serif-m layout-padded\"><strong class=\"_strong_o9xde_25\"> \u2013 Man kj\u00f8per rett og slett en forh\u00f8yet brannrisiko, sier Sigmund Clementz pressesjef i If.<\/strong><\/p>\n<p><img decoding=\"async\" alt=\"Bilde av Sigmund Clementz \" class=\"_image_ygndg_42\" height=\"27\" itemprop=\"image\" loading=\"lazy\"  src=\"https:\/\/www.europesays.com\/no\/wp-content\/uploads\/2025\/12\/f621a0d3-785f-4665-9982-0195751fefef\"  width=\"40\"\/><strong class=\"_name_ygndg_51 title-serif-xs\">Sigmund Clementz <\/strong><\/p>\n<p class=\"_paragraph_o9xde_4 text-sans-m _description_ygndg_56\">Pressesjef, If<\/p>\n<p class=\"_paragraph_o9xde_4 _paragraph_xtcu6_10 layout-component text-serif-m layout-normal text-serif-m layout-padded\">Han forteller at mange produkter fra sv\u00e6rt billige nettbutikker kan ha d\u00e5rlig kvalitet og mangelfull kvalitetskontroll. <\/p>\n<p class=\"_paragraph_o9xde_4 _paragraph_xtcu6_10 layout-component text-serif-m layout-normal text-serif-m layout-padded\">Han f\u00e5r st\u00f8tte av pressesjefen i Oslo brann- og redningsetat Sigurd Folger\u00f8 Dalen.<\/p>\n<p><img decoding=\"async\" alt=\"Bilde av Sigurd Folger\u00f8 Dalen\" class=\"_image_ygndg_42\" height=\"38\" itemprop=\"image\" loading=\"lazy\"  src=\"https:\/\/www.europesays.com\/no\/wp-content\/uploads\/2025\/12\/0b363830-2050-4c5b-9006-f799dbaac34c\"  width=\"40\"\/><strong class=\"_name_ygndg_51 title-serif-xs\">Sigurd Folger\u00f8 Dalen<\/strong><\/p>\n<p class=\"_paragraph_o9xde_4 text-sans-m _description_ygndg_56\">Pressesjef, Oslo brann- og redningsetat<\/p>\n<p class=\"_paragraph_o9xde_4 _paragraph_xtcu6_10 layout-component text-serif-m layout-normal text-serif-m layout-padded\"><strong class=\"_strong_o9xde_25\">\u2013 Elektronikk og elektrisk \u00e5rsak er den st\u00f8rste enkeltst\u00e5ende brann\u00e5rsaken vi har i Norge, sier Folger\u00f8 Dalen.<\/strong><\/p>\n<p class=\"_paragraph_o9xde_4 _paragraph_xtcu6_10 layout-component text-serif-m layout-normal text-serif-m layout-padded\">If\u00f8lge If var det i fjor 730 forsikringssaker med bygningsskader knyttet til brann i private boliger bare i desember m\u00e5ned. <\/p>\n<p class=\"_paragraph_o9xde_4 _paragraph_xtcu6_10 layout-component text-serif-m layout-normal text-serif-m layout-padded\">Clementz anbefaler \u00e5 handle i norske butikker eller av anerkjente kjeder, som har systemer for \u00e5 unders\u00f8ke kvaliteten p\u00e5 produktene de selger.<\/p>\n<p class=\"_paragraph_o9xde_4 _paragraph_xtcu6_10 layout-component text-serif-m layout-normal text-serif-m layout-padded\">\u2013 N\u00e5r man kj\u00f8per i en anerkjent kjede, har de et apparat for \u00e5 unders\u00f8ke kvaliteten, sier han.<\/p>\n<p class=\"_paragraph_o9xde_4 _paragraph_xtcu6_10 layout-component text-serif-m layout-normal text-serif-m layout-padded\">B\u00e5de If og brannvesenet ber forbrukere om \u00e5 sjekke at produktet er CE-merket, CE-merket,CE-merket betyr at produsenten garanterer at grunnleggende sikkerhetskrav for produktet er oppfylt og kan dokumenteres, skriver Forbrukerr\u00e5det p\u00e5 sine nettsider. som viser at det oppfyller europeiske sikkerhetskrav.<\/p>\n<p><img decoding=\"async\" alt=\"Bilde av Slik skal et ekte CE-merke se ut.\" class=\"_image_ygndg_42\" height=\"40\" itemprop=\"image\" loading=\"lazy\"  src=\"https:\/\/www.europesays.com\/no\/wp-content\/uploads\/2025\/12\/93522a3a-5ed6-4376-9b4b-874dff6a5ef9\"  width=\"40\"\/><strong class=\"_name_ygndg_51 title-serif-xs\">Slik skal et ekte CE-merke se ut.<\/strong><\/p>\n<p class=\"_paragraph_o9xde_4 text-sans-m _description_ygndg_56\">EU har innf\u00f8rt CE-merking. Det er produsenten selv som er ansvarlig for at produktene er riktig merket. Foto: Forbrukerr\u00e5det.<\/p>\n<p class=\"_paragraph_o9xde_4 _paragraph_xtcu6_10 layout-component text-serif-m layout-normal text-serif-m layout-padded\"><strong class=\"_strong_o9xde_25\">\u2013 Jo mer elektronikk vi f\u00e5r inn som ikke har g\u00e5tt gjennom kvalitetskontroller, jo st\u00f8rre risiko for flere <a href=\"https:\/\/www.vg.no\/tag\/branner?utm_source=vg-article&amp;utm_medium=auto-tagger&amp;utm_campaign=QJRVaR\" class=\"_link_o9xde_39\" rel=\"nofollow noopener\" target=\"_blank\">branner<\/a>, advarer Dalen.<\/strong><\/p>\n<p class=\"_paragraph_o9xde_4 _paragraph_xtcu6_10 layout-component text-serif-m layout-normal text-serif-m layout-padded\">Han peker p\u00e5 at alt av elektriske komponenter ogs\u00e5 er en potensiell brannkilde.<\/p>\n<p class=\"_paragraph_o9xde_4 _paragraph_xtcu6_10 layout-component text-serif-m layout-normal text-serif-m layout-padded\">Se ogs\u00e5: advarer mot denne giftige r\u00f8yken:<\/p>\n<p class=\"_paragraph_o9xde_4 _paragraph_xtcu6_10 layout-component text-serif-m layout-normal text-serif-m layout-padded\">Tall fra DSB DSB Direktoratet for samfunnssikkerhet og beredskap (DSB) er en norsk etat som jobber med \u00e5 forebygge ulykker, kriser og katastrofer.viser at s\u00e5 langt i \u00e5r har 37 personer omkommet i brann.<\/p>\n<p class=\"_paragraph_o9xde_4 _paragraph_xtcu6_10 layout-component text-serif-m layout-normal text-serif-m layout-padded\">P\u00e5 samme tidspunkt i fjor var det 29 omkomne, men siden 90-tallet har antallet omkomne i brann g\u00e5tt nedover i Norge.<\/p>\n<p>Trygg bruk av julebelysning:<\/p>\n<ul class=\"_list_o9xde_3 _list_xtcu6_9 _list_16v91_9 _unordered_o9xde_106 layout-component text-serif-m layout-normal text-sans-m layout-padded\">\n<li class=\"_item_o9xde_30\">Se over eldre julebelysning<\/li>\n<li class=\"_item_o9xde_30\">Innend\u00f8rs belysning b\u00f8r skrus av om natten og n\u00e5r du er bortreist.<\/li>\n<li class=\"_item_o9xde_30\">Skift lysp\u00e6rer ved ujevnt lys.<\/li>\n<li class=\"_item_o9xde_30\">Bruk kun belysning ute som er egnet for utend\u00f8rs bruk.<\/li>\n<li class=\"_item_o9xde_30\">Bruk lys som er CE-merket og har lav overflatetemperatur, for eksempel LED-lys.<\/li>\n<\/ul>\n<p class=\"_paragraph_o9xde_4 _paragraph_xtcu6_10 _paragraph_16v91_10 layout-component text-serif-m layout-normal text-sans-m layout-padded\">Kilde: Brannvernforeningen<\/p>\n<p>Vis mer    <\/p>\n","protected":false},"excerpt":{"rendered":"Frykter det kan gi \u00f8kt risiko for brann. Brannvesenet og If ber deg tenke over kj\u00f8p av elektronisk&hellip;\n","protected":false},"author":2,"featured_media":105437,"comment_status":"","ping_status":"","sticky":false,"template":"","format":"standard","meta":{"footnotes":""},"categories":[10],"tags":[5847,847,20,21,364,24,25,15,5593,13202,22,23,12294,13,30,28,29,14,16,26,27,46],"class_list":{"0":"post-105436","1":"post","2":"type-post","3":"status-publish","4":"format-standard","5":"has-post-thumbnail","7":"category-norge","8":"tag-branner","9":"tag-brannvesenet","10":"tag-breaking-news","11":"tag-breakingnews","12":"tag-elektronikk","13":"tag-featured-news","14":"tag-featurednews","15":"tag-headlines","16":"tag-jul","17":"tag-julepynt","18":"tag-latest-news","19":"tag-latestnews","20":"tag-nettbutikker","21":"tag-news","22":"tag-no","23":"tag-norge","24":"tag-norway","25":"tag-nyheter","26":"tag-overskrifter","27":"tag-top-stories","28":"tag-topstories","29":"tag-vgai"},"share_on_mastodon":{"url":"https:\/\/pubeurope.com\/@no\/115669720746143092","error":""},"_links":{"self":[{"href":"https:\/\/www.europesays.com\/no\/wp-json\/wp\/v2\/posts\/105436","targetHints":{"allow":["GET"]}}],"collection":[{"href":"https:\/\/www.europesays.com\/no\/wp-json\/wp\/v2\/posts"}],"about":[{"href":"https:\/\/www.europesays.com\/no\/wp-json\/wp\/v2\/types\/post"}],"author":[{"embeddable":true,"href":"https:\/\/www.europesays.com\/no\/wp-json\/wp\/v2\/users\/2"}],"replies":[{"embeddable":true,"href":"https:\/\/www.europesays.com\/no\/wp-json\/wp\/v2\/comments?post=105436"}],"version-history":[{"count":0,"href":"https:\/\/www.europesays.com\/no\/wp-json\/wp\/v2\/posts\/105436\/revisions"}],"wp:featuredmedia":[{"embeddable":true,"href":"https:\/\/www.europesays.com\/no\/wp-json\/wp\/v2\/media\/105437"}],"wp:attachment":[{"href":"https:\/\/www.europesays.com\/no\/wp-json\/wp\/v2\/media?parent=105436"}],"wp:term":[{"taxonomy":"category","embeddable":true,"href":"https:\/\/www.europesays.com\/no\/wp-json\/wp\/v2\/categories?post=105436"},{"taxonomy":"post_tag","embeddable":true,"href":"https:\/\/www.europesays.com\/no\/wp-json\/wp\/v2\/tags?post=105436"}],"curies":[{"name":"wp","href":"https:\/\/api.w.org\/{rel}","templated":true}]}}