{"id":105438,"date":"2025-12-06T00:10:14","date_gmt":"2025-12-06T00:10:14","guid":{"rendered":"https:\/\/www.europesays.com\/no\/105438\/"},"modified":"2025-12-06T00:10:14","modified_gmt":"2025-12-06T00:10:14","slug":"hertuginne-meghan-gjenopptar-kontakt-med-faren-etter-amputasjon","status":"publish","type":"post","link":"https:\/\/www.europesays.com\/no\/105438\/","title":{"rendered":"Hertuginne Meghan gjenopptar kontakt med faren etter amputasjon"},"content":{"rendered":"<p class=\"kicker \" style=\"\">Meghan Markle:\u00a0<\/p>\n<p>  Etter at faren m\u00e5tte amputere beinet har hertuginne Meghan tatt kontakt. De har hatt et anstrengt forhold siden 2018.\u00a0<\/p>\n<p>\n    GJENOPPTATT KONTAKT: Etter at faren m\u00e5tte amputere beinet har hertuginne Meghan tatt kontakt med ham, det bekrefter en talsperson. Foto: Tim Stewart \/ Splashnews.com \/ NTB\n  <\/p>\n<p>Hertuginne Meghans (44) far,\u00a0<a href=\"https:\/\/www.seher.no\/kongelig\/innlagt-etter-hasteoperasjon\/83936776\" rel=\"nofollow noopener\" target=\"_blank\">Thomas Markle (81)<\/a>, har amputert det venstre beinet under kneet. Det melder\u00a0<a href=\"https:\/\/www.dailymail.co.uk\/news\/article-15355653\/Thomas-Markle-loses-leg-Meghan-father-live-saving-surgery-amputate-lower-limb-blood-clot-turn-black.html\" rel=\"nofollow noopener\" target=\"_blank\">Daily Mail<\/a>.<\/p>\n<p>    <a itemprop=\"url\" href=\"https:\/\/www.seher.no\/kongelig\/innlagt-etter-hasteoperasjon\/83936776\" rel=\"nofollow noopener\" target=\"_blank\"><\/p>\n<p>      <img loading=\"lazy\" decoding=\"async\" src=\"https:\/\/www.europesays.com\/no\/wp-content\/uploads\/2025\/12\/1764979809_540_83936730.webp\" width=\"980\" height=\"441\" title=\"Innlagt etter hasteoperasjon\" alt=\"\" class=\"lazyload\" style=\"--aspect-ratio-image: 2.22; \"\/><\/p>\n<p>        Innlagt etter hasteoperasjon<\/p>\n<p>    <\/a><\/p>\n<p>Nettstedet skriver at Markle gjennomgikk en tre timer lang operasjon etter at en blodpropp gjorde at blodtilf\u00f8rselen ble kuttet og beinet ble svart.\u00a0<\/p>\n<p>        TRUMP-VITS: Da prins Harry gjestet \u00abThe Late Show with Stephen Colbert\u201d fikk en vits publikummet til \u00e5 bue. Video: The Late Show With Stephen Colbert \/ Danny Son To \/ R\u00f8d L\u00f8per<\/p>\n<p class=\"font-weight-bold m-font-weight-bold\" data-lab-font_weight=\"font-weight-bold\">Operasjonen var alts\u00e5 livsviktig, og ble <a href=\"https:\/\/www.seher.no\/kongelig\/har-amputert-beinet\/83942276\" rel=\"nofollow noopener\" target=\"_blank\">utf\u00f8rt onsdag<\/a>\u00a0i Filippinene, der han er bosatt.\u00a0<\/p>\n<p>N\u00e5 bekrefter en talspersonen for hertuginnen av Sussex at han og datteren har v\u00e6rt i kontakt.\u00a0<\/p>\n<p>    <a itemprop=\"url\" href=\"https:\/\/www.seher.no\/kongelig\/raser---ikke-jenta-jeg-oppdro\/72044539\" rel=\"nofollow noopener\" target=\"_blank\"><\/p>\n<p>      <img loading=\"lazy\" decoding=\"async\" src=\"https:\/\/www.europesays.com\/no\/wp-content\/uploads\/2025\/12\/72044579.webp\" width=\"980\" height=\"441\" title=\"Raser: - Ikke jenta jeg oppdro\" alt=\"\" class=\"lazyload\" style=\"--aspect-ratio-image: 2.22; \"\/><\/p>\n<p>        Raser: &#8211; Ikke jenta jeg oppdro<\/p>\n<p>    <\/a><\/p>\n<p class=\"font-weight-bold m-font-weight-bold\" data-lab-font_weight=\"font-weight-bold\">&#8211; Jeg kan bekrefte at hun har n\u00e5dd ut til faren, sier talspersonen til <a href=\"https:\/\/news.sky.com\/story\/duchess-of-sussex-reaches-out-to-estranged-father-after-reports-of-leg-amputation-13479764\" rel=\"nofollow noopener\" target=\"_blank\">Sky News.<\/a>\u00a0<\/p>\n<p>          <img loading=\"lazy\" decoding=\"async\" src=\"https:\/\/www.europesays.com\/no\/wp-content\/uploads\/2025\/12\/83754207.webp\" width=\"686\" height=\"837\" title=\"MISTET KONTAKT: Etter bryllupet i 2018 mistet Meghan kontakt med faren, Thomas Markle. Foto: Ben Stansall \/ Ap \/ NTB\" alt=\"\" class=\"\" style=\"--aspect-ratio-image: 0.82; \"\/><\/p>\n<p>\n          MISTET KONTAKT: Etter bryllupet i 2018 mistet Meghan kontakt med faren, Thomas Markle. Foto: Ben Stansall \/ Ap \/ NTB\n      <\/p>\n<p class=\"font-weight-bold m-font-weight-bold\" data-lab-font_weight=\"font-weight-bold\">Meghan og faren har ikke v\u00e6rt i kontakt siden 2018, etter at det ble avsl\u00f8rt at han hadde orkesterert paparazzibilder f\u00f8r bryllupet til prins Harry (41).\u00a0<\/p>\n<p>    <a itemprop=\"url\" href=\"https:\/\/www.seher.no\/kongelig\/advarte-harry-for-bryllupet\/83890829\" rel=\"nofollow noopener\" target=\"_blank\"><\/p>\n<p>      <img loading=\"lazy\" decoding=\"async\" src=\"https:\/\/www.europesays.com\/no\/wp-content\/uploads\/2025\/12\/83891008.webp\" width=\"980\" height=\"441\" title=\"- Advarte Harry f\u00f8r bryllupet\" alt=\"\" class=\"lazyload\" style=\"--aspect-ratio-image: 2.22; \"\/><\/p>\n<p>        &#8211; Advarte Harry f\u00f8r bryllupet<\/p>\n<p>    <\/a><\/p>\n<p class=\"font-weight-bold m-font-weight-bold\" data-lab-font_weight=\"font-weight-bold\">If\u00f8lge Sky News skal Meghan ha fors\u00f8kt \u00e5 n\u00e5 ut til faren ved tidligere anledninger, uten hell. Han skal heller aldri ha m\u00f8tt sine to barnebarn, prins Archie (6) og prinsesse Lillibet (4).\u00a0<\/p>\n","protected":false},"excerpt":{"rendered":"Meghan Markle:\u00a0 Etter at faren m\u00e5tte amputere beinet har hertuginne Meghan tatt kontakt. De har hatt et anstrengt&hellip;\n","protected":false},"author":2,"featured_media":105439,"comment_status":"","ping_status":"","sticky":false,"template":"","format":"standard","meta":{"footnotes":""},"categories":[5],"tags":[13203,20,21,24,25,15,1299,19,479,2543,22,23,17,18,13,30,28,29,14,16,13069,26,27],"class_list":{"0":"post-105438","1":"post","2":"type-post","3":"status-publish","4":"format-standard","5":"has-post-thumbnail","7":"category-overskrifter","8":"tag-amputasjon","9":"tag-breaking-news","10":"tag-breakingnews","11":"tag-featured-news","12":"tag-featurednews","13":"tag-headlines","14":"tag-hertuginne-meghan","15":"tag-hovedoppslag","16":"tag-kjendis","17":"tag-kjendisdesken","18":"tag-latest-news","19":"tag-latestnews","20":"tag-main-news","21":"tag-mainnews","22":"tag-news","23":"tag-no","24":"tag-norge","25":"tag-norway","26":"tag-nyheter","27":"tag-overskrifter","28":"tag-thomas-markle","29":"tag-top-stories","30":"tag-topstories"},"share_on_mastodon":{"url":"https:\/\/pubeurope.com\/@no\/115669724432354929","error":""},"_links":{"self":[{"href":"https:\/\/www.europesays.com\/no\/wp-json\/wp\/v2\/posts\/105438","targetHints":{"allow":["GET"]}}],"collection":[{"href":"https:\/\/www.europesays.com\/no\/wp-json\/wp\/v2\/posts"}],"about":[{"href":"https:\/\/www.europesays.com\/no\/wp-json\/wp\/v2\/types\/post"}],"author":[{"embeddable":true,"href":"https:\/\/www.europesays.com\/no\/wp-json\/wp\/v2\/users\/2"}],"replies":[{"embeddable":true,"href":"https:\/\/www.europesays.com\/no\/wp-json\/wp\/v2\/comments?post=105438"}],"version-history":[{"count":0,"href":"https:\/\/www.europesays.com\/no\/wp-json\/wp\/v2\/posts\/105438\/revisions"}],"wp:featuredmedia":[{"embeddable":true,"href":"https:\/\/www.europesays.com\/no\/wp-json\/wp\/v2\/media\/105439"}],"wp:attachment":[{"href":"https:\/\/www.europesays.com\/no\/wp-json\/wp\/v2\/media?parent=105438"}],"wp:term":[{"taxonomy":"category","embeddable":true,"href":"https:\/\/www.europesays.com\/no\/wp-json\/wp\/v2\/categories?post=105438"},{"taxonomy":"post_tag","embeddable":true,"href":"https:\/\/www.europesays.com\/no\/wp-json\/wp\/v2\/tags?post=105438"}],"curies":[{"name":"wp","href":"https:\/\/api.w.org\/{rel}","templated":true}]}}