{"id":105440,"date":"2025-12-06T00:11:09","date_gmt":"2025-12-06T00:11:09","guid":{"rendered":"https:\/\/www.europesays.com\/no\/105440\/"},"modified":"2025-12-06T00:11:09","modified_gmt":"2025-12-06T00:11:09","slug":"kan-avslutte-perfekt-sesong-smp-no","status":"publish","type":"post","link":"https:\/\/www.europesays.com\/no\/105440\/","title":{"rendered":"(+) Kan avslutte \u00abperfekt\u00bb sesong &#8211; smp.no"},"content":{"rendered":"<ol>\n<li><a href=\"https:\/\/news.google.com\/rss\/articles\/CBMilwFBVV95cUxPMnhFRkRUTmdveHB2N1pSSF9taDh6VHVYbTZuWUJzN1RyVWlCVnJROFptUmNWa3p2MXFudG04amRVLWdwQkEtNFVYbnRfSGpiX1NfVmc4N2t0bUJUM2RuZEFITUJYSjd2V1FmakdUblFkWlNITGhUUEJwQllUWUVMQ3c2N09HYXViRXd6ZTFPYmpyQUQ0dXJv?oc=5\" target=\"_blank\" rel=\"nofollow noopener\">(+) Kan avslutte \u00abperfekt\u00bb sesong<\/a>&nbsp;&nbsp;smp.no<\/li>\n<li><a href=\"https:\/\/news.google.com\/rss\/articles\/CBMikwFBVV95cUxPRHQyMkFTTnVzWUVpbGQ4NTFud1Z0Z3QzUEZ4alpORnZJQ1lrb0ZXVlBVMU9GdG1sMFAweFZQRDFNZVpveS1PWEFBbGRlVVQ0THR1bnhNSGZvaEp3ZUF0aGZzcDJHU0x4MjJmNTFNR0VVUGk1aUpEUUZEM2NrRzdvUnpxcTYzRS1DNjlCYjNJMG5oN0U?oc=5\" target=\"_blank\" rel=\"nofollow noopener\">Endelig er ventetiden (snart) over: \u2013 Vi m\u00e5 bare stole p\u00e5 oss selv \/ Lillestr\u00f8m<\/a>&nbsp;&nbsp;lsk.no<\/li>\n<li><a href=\"https:\/\/news.google.com\/rss\/articles\/CBMiigFBVV95cUxOcjEteFFZcm96bFZsTzRCZE4yb2JBdXl3Ml9ReGUtV0M0TUJwb25GSnkzMDlSYjc3M3Y4REZqMTN3czkzTlhpalFKQllSemN1Wm9qVXp6R0dFa3d3eWJpcFRYQXdGTEdBV1dfT2YyVDRDbDNZZUEtMkthNW0zbmc2ajNmdmZZcDJtWFE?oc=5\" target=\"_blank\" rel=\"nofollow noopener\">LSK, Ruben Gabrielsen | Har l\u00e6rt av finaletapet: \u2013 Vi skal ikke angre p\u00e5 noe<\/a>&nbsp;&nbsp;Romerikes Blad<\/li>\n<li><a href=\"https:\/\/news.google.com\/rss\/articles\/CBMiwwFBVV95cUxPLS1CTmpNUkJpR3pwME5VejNjTnJJaXNDVjVpV3pFTWFOQVZzSllvWGVNNE5wUUY2dW8yeDVnd09LUHdUS3U3NWo3ZHNnT0lXUDlBWThJX0FoY0Y2R2UzN0Z5a2NBX1Blam5EUW50bTc4ZHJRTDRYTWZOOXVjQk9PTkhJWlEyZDRaTGxuam81dmEyNmFmcGhHSV9BUmhkZ3loREdFUGszVlFpLTN1SmJlTE5kVUY3a09qRHZOakF1RWtmbG8?oc=5\" target=\"_blank\" rel=\"nofollow noopener\">Gabrielsen: &#8211; Merket tidlig at det var mulighet til \u00e5 gj\u00f8re noe spesielt i \u00e5r<\/a>&nbsp;&nbsp;Norges Fotballforbund<\/li>\n<li><a href=\"https:\/\/news.google.com\/rss\/articles\/CBMijgFBVV95cUxPVHdITG84WnJrTjYzblRHcGM2RHktbWRQWEtISld1eUVhSGgtRm5abmFjY2dfRmFNelJSa1M5cV9pX1dCNXhudUxwWVhnQVBQbGxZbWx0NlNkNFZWTEZ0WnFHWkQxZ3ZiV3g5MUdlRHVTZ29MYUtOejVjS0J3ZW1idnJLakJVaWh0ZnVScTh3?oc=5\" target=\"_blank\" rel=\"nofollow noopener\">LSK, Fotball | Teller ned til cupfinalen: \u2013 Vi har hatt Batman-maraton<\/a>&nbsp;&nbsp;Romerikes Blad<\/li>\n<\/ol>\n","protected":false},"excerpt":{"rendered":"(+) Kan avslutte \u00abperfekt\u00bb sesong&nbsp;&nbsp;smp.no Endelig er ventetiden (snart) over: \u2013 Vi m\u00e5 bare stole p\u00e5 oss selv&hellip;\n","protected":false},"author":2,"featured_media":105441,"comment_status":"","ping_status":"","sticky":false,"template":"","format":"standard","meta":{"footnotes":""},"categories":[59],"tags":[1395,729,30,28,29,83,82,13204],"class_list":{"0":"post-105440","1":"post","2":"type-post","3":"status-publish","4":"format-standard","5":"has-post-thumbnail","7":"category-sport","8":"tag-cupfinale","9":"tag-lillestrom","10":"tag-no","11":"tag-norge","12":"tag-norway","13":"tag-sport","14":"tag-sports","15":"tag-vebjorn-hoff"},"share_on_mastodon":{"url":"https:\/\/pubeurope.com\/@no\/115669728190428428","error":""},"_links":{"self":[{"href":"https:\/\/www.europesays.com\/no\/wp-json\/wp\/v2\/posts\/105440","targetHints":{"allow":["GET"]}}],"collection":[{"href":"https:\/\/www.europesays.com\/no\/wp-json\/wp\/v2\/posts"}],"about":[{"href":"https:\/\/www.europesays.com\/no\/wp-json\/wp\/v2\/types\/post"}],"author":[{"embeddable":true,"href":"https:\/\/www.europesays.com\/no\/wp-json\/wp\/v2\/users\/2"}],"replies":[{"embeddable":true,"href":"https:\/\/www.europesays.com\/no\/wp-json\/wp\/v2\/comments?post=105440"}],"version-history":[{"count":0,"href":"https:\/\/www.europesays.com\/no\/wp-json\/wp\/v2\/posts\/105440\/revisions"}],"wp:featuredmedia":[{"embeddable":true,"href":"https:\/\/www.europesays.com\/no\/wp-json\/wp\/v2\/media\/105441"}],"wp:attachment":[{"href":"https:\/\/www.europesays.com\/no\/wp-json\/wp\/v2\/media?parent=105440"}],"wp:term":[{"taxonomy":"category","embeddable":true,"href":"https:\/\/www.europesays.com\/no\/wp-json\/wp\/v2\/categories?post=105440"},{"taxonomy":"post_tag","embeddable":true,"href":"https:\/\/www.europesays.com\/no\/wp-json\/wp\/v2\/tags?post=105440"}],"curies":[{"name":"wp","href":"https:\/\/api.w.org\/{rel}","templated":true}]}}