{"id":105444,"date":"2025-12-06T00:16:25","date_gmt":"2025-12-06T00:16:25","guid":{"rendered":"https:\/\/www.europesays.com\/no\/105444\/"},"modified":"2025-12-06T00:16:25","modified_gmt":"2025-12-06T00:16:25","slug":"saken-om-marius-borg-hoibys-bestemor-vekker-oppsikt-i-utlandet","status":"publish","type":"post","link":"https:\/\/www.europesays.com\/no\/105444\/","title":{"rendered":"Saken om Marius Borg H\u00f8ibys bestemor vekker oppsikt i utlandet"},"content":{"rendered":"<p class=\"kicker \" style=\"\">Marius Borg H\u00f8iby:<\/p>\n<p>  Det har vakt internasjonal oppsikt at Marit Tjessem har tatt regningen for sitt tiltalte barnebarn.<\/p>\n<p>\n    ENORM INTERESSE: 190 journalister har s\u00f8kt om akkreditering til straffesaken mot kronprinsesse Mette-Marits s\u00f8nn Marius Borg H\u00f8iby i Oslo tingrett. Allerede n\u00e5 er interessen rundt Marius skyh\u00f8y i utlandet. Foto: Tor Lindseth\n  <\/p>\n<p>Nyheten om at <a href=\"https:\/\/www.seher.no\/kongelig\/sjokkinntekt-avslort\/83926509\" rel=\"nofollow noopener\" target=\"_blank\">Marius Borg H\u00f8ibys (28)<\/a> bestemor, Marit Tjessem (88), har dekket saksomkostningene etter barnebarnets <a href=\"https:\/\/www.seher.no\/kongelig\/sitter-igjen-med-svarteper\/83852827\" rel=\"nofollow noopener\" target=\"_blank\">tapte rettssak<\/a>, har skapt stor oppmerksomhet b\u00e5de i Norge og internasjonalt.<\/p>\n<p class=\"font-weight-bold m-font-weight-bold\" data-lab-font_weight=\"font-weight-bold\">Flere utenlandske medier har omtalt saken, og detaljene om betalingen har blitt grundig gjengitt. Det har vakt oppsikt at 28-\u00e5ringen har f\u00e5tt hjelp av sin bestemor.<\/p>\n<p>De nyeste skattetallene viser at Marius ikke har penger til \u00e5 betale selv. For 2024 st\u00e5r han oppf\u00f8rt med <a href=\"https:\/\/www.seher.no\/kongelig\/sjokkinntekt-avslort\/83926509\" rel=\"nofollow noopener\" target=\"_blank\">48 065 kroner i inntekt<\/a>.<\/p>\n<p>        \u00abBlod er tykkere enn vann\u00bb<\/p>\n<p class=\"author \" style=\"\">Gala<\/p>\n<p>Bestemoren st\u00e5r oppf\u00f8rt med 2,7 millioner i formue for 2024, men de oppsparte midlene har trolig skrumpet etter at utgiftene til Marius-s\u00f8ksm\u00e5let er betalt.\u00a0<\/p>\n<p>    <a itemprop=\"url\" href=\"https:\/\/www.seher.no\/kongelig\/baerer-sorgemedaljong\/83938732\" rel=\"nofollow noopener\" target=\"_blank\"><\/p>\n<p>      <img loading=\"lazy\" decoding=\"async\" src=\"https:\/\/www.europesays.com\/no\/wp-content\/uploads\/2025\/12\/1764980176_316_83938746.webp\" width=\"147\" height=\"98\" title=\"B\u00e6rer s\u00f8rgemedaljong\" alt=\"\" class=\"lazyload\" style=\"--aspect-ratio-image: 1.50; \"\/><\/p>\n<p>        B\u00e6rer s\u00f8rgemedaljong<\/p>\n<p>    <\/a><\/p>\n<p>Mormoren har dekket kravet p\u00e5 til sammen 530 000 kroner. 460.000 kroner i sakskostnader til forlaget Aschehoug AS og 70 500 kroner til Den norske Forleggerforening.<\/p>\n<p>Tyske medier har fulgt saken rundt Marius tett. Ukemagasinet <a href=\"https:\/\/www.gala.de\/royals\/skandinavier\/marius-borg-h%C3%B8iby--mette-marits-mutter-uebernahm-prozesskosten-24499918.html\" rel=\"nofollow noopener\" target=\"_blank\">Gala<\/a> skriver at \u00abblod er tykkere enn vann &#8211; visstnok ogs\u00e5 i\u00a0Tjessem H\u00f8iby-familien\u00bb &#8211; og omtaler det \u00abjuridiske nederlaget\u00bb.<\/p>\n<p>          <img loading=\"lazy\" decoding=\"async\" src=\"https:\/\/www.europesays.com\/no\/wp-content\/uploads\/2025\/12\/83937189.webp\" width=\"686\" height=\"879\" title=\"GALA: Marius' tap i rettssaken har f\u00e5tt bred omtale. Det har ogs\u00e5 nyheten om at bestemor tar regningen. Foto: Skjermdump\/Gala\" alt=\"\" class=\"\" style=\"--aspect-ratio-image: 0.78; \"\/><\/p>\n<p>\n          GALA: Marius&#8217; tap i rettssaken har f\u00e5tt bred omtale. Det har ogs\u00e5 nyheten om at bestemor tar regningen. Foto: Skjermdump\/Gala\n      <\/p>\n<p>Den tyske tabloidavisen <a href=\"https:\/\/www.bild.de\/unterhaltung\/royals-adel\/marius-borg-hiby-oma-bezahlt-gerichtskosten-fuer-skandal-sohn-69301a0e8e5be81710cb8cd7\" rel=\"nofollow noopener\" target=\"_blank\">Bild<\/a> har ogs\u00e5 omtalt at kronprinsesse Mette-Marits mor har tatt regningen for Marius, som tapte i retten mot forlaget Aschehoug.<\/p>\n<p>          <img loading=\"lazy\" decoding=\"async\" src=\"https:\/\/www.europesays.com\/no\/wp-content\/uploads\/2025\/12\/83937191.webp\" width=\"686\" height=\"789\" title=\"MED JULIANE: Tyske Bild har brukt et bilde av Marius Borg H\u00f8iby sammen med bestemoren Marit Tjessem og eks-samboer Juliane Snekkestad p\u00e5 sin nettside i saken om bestemors pengeoverf\u00f8ring. Marius er ikke tiltalt for forhold som omhandler Juliane. Foto: Skjermdump \/ Bild\" alt=\"\" class=\"\" style=\"--aspect-ratio-image: 0.87; \"\/><\/p>\n<p>\n          MED JULIANE: Tyske Bild har brukt et bilde av Marius Borg H\u00f8iby sammen med bestemoren Marit Tjessem og eks-samboer Juliane Snekkestad p\u00e5 sin nettside i saken om bestemors pengeoverf\u00f8ring. Marius er ikke tiltalt for forhold som omhandler Juliane. Foto: Skjermdump \/ Bild\n      <\/p>\n<p>\u00a0<a href=\"https:\/\/www.bunte.de\/royals\/royals-weltweit\/marius-borg-hoibys-oma-zahlte-116-000-euro-prozesskosten_084e5406-c117-4e1a-ba80-4ca7798be900.html\" class=\"\" rel=\"nofollow noopener\" target=\"_blank\">Bunte<\/a>\u00a0har ogs\u00e5 omtalt saken, og fokusert p\u00e5 at det er Marius selv som skal ha \u00f8nsket at opplysningene om hvem som betalte ble kjent.<\/p>\n<p>        EKSKLUSIVT: Se og H\u00f8r har n\u00e5 f\u00e5tt tilgang til en video fra natten der Linni Meister skal ha blitt utsatt for et overgrep av Marius Borg H\u00f8iby.<\/p>\n<p>De har ogs\u00e5 sitert Marius&#8217; advokat Elias Christensens uttalelse til\u00a0<a href=\"https:\/\/www.tv2.no\/nyheter\/hoibys-mormor-har-betalt-over-500000-etter-boktapet\/18296680\/\" rel=\"nofollow noopener\" target=\"_blank\">TV 2<\/a>:<\/p>\n<p class=\"font-weight-bold m-font-weight-bold\" data-lab-font_weight=\"font-weight-bold\">\u00abDette er noe vi vanligvis ikke omtaler. Men i dette tilfellet har klienten p\u00e5 grunn av medietrykket bedt om at dette opplyses. Pengene er innbetalt til v\u00e5rt kontor fra klientens mormor. Utover dette har vi ingen kommentarer hva gjelder disse transaksjonene\u00bb.\u00a0<\/p>\n<p>          <img loading=\"lazy\" decoding=\"async\" src=\"https:\/\/www.europesays.com\/no\/wp-content\/uploads\/2025\/12\/83937192.webp\" width=\"686\" height=\"817\" title=\"FOKUS P\u00c5 MARIUS: Buntes artikkel omtaler at det var Marius Borg H\u00f8iby selv som \u00f8nsket at opplysningene om hvem som betalte ble kjent for pressen. Foto: Skjermdump\/Bunte\" alt=\"\" class=\"\" style=\"--aspect-ratio-image: 0.84; \"\/><\/p>\n<p>\n          FOKUS P\u00c5 MARIUS: Buntes artikkel omtaler at det var Marius Borg H\u00f8iby selv som \u00f8nsket at opplysningene om hvem som betalte ble kjent for pressen. Foto: Skjermdump\/Bunte\n      <\/p>\n<p>En av grunnene til at betalingen fra bestemoren har f\u00e5tt stor oppmerksomhet, kan v\u00e6re at den tydelig viser familiens engasjement og st\u00f8tte i saken.\u00a0<\/p>\n<p>          <img loading=\"lazy\" decoding=\"async\" src=\"https:\/\/www.europesays.com\/no\/wp-content\/uploads\/2025\/12\/1764980181_590_83927930.webp\" width=\"686\" height=\"995\" title=\"BESTEMOR: Her er Marit Tjessem og Marius Borg H\u00f8iby avbildet i forbindelse med en offisiell fotografering p\u00e5 Slottet. Foto: NTB\" alt=\"\" class=\"\" style=\"--aspect-ratio-image: 0.69; \"\/><\/p>\n<p>\n          BESTEMOR: Her er Marit Tjessem og Marius Borg H\u00f8iby avbildet i forbindelse med en offisiell fotografering p\u00e5 Slottet. Foto: NTB\n      <\/p>\n<p>I spanske <a href=\"https:\/\/www.hola.com\/realeza\/casa_noruega\/20251203870869\/quien-paga-las-costas-judiciales-de-marius-borg-se-desvela-el-secreto-mejor-guardado\/\" rel=\"nofollow noopener\" target=\"_blank\">Hola<\/a> trekker man ogs\u00e5 frem at Marius n\u00e5 <a href=\"https:\/\/www.seher.no\/kongelig\/avsloring-flyttet-fra-skaugumbor-i-luksusbolig-i-ambassadestrok\/83892431\" rel=\"nofollow noopener\" target=\"_blank\">har flyttet til en eksklusiv leilighet p\u00e5 Frogner i Oslo<\/a>, og sp\u00f8r hvem som betaler utgiftene.<\/p>\n<p>          <img loading=\"lazy\" decoding=\"async\" src=\"https:\/\/www.europesays.com\/no\/wp-content\/uploads\/2025\/12\/83937186.webp\" width=\"686\" height=\"858\" title=\"SPANIA: Gala skriver om H\u00f8ibys nye krypinn i saken om hvem som gjorde opp advokatregningen. Foto: Skjermdump\/Hola\" alt=\"\" class=\"\" style=\"--aspect-ratio-image: 0.80; \"\/><\/p>\n<p>\n          SPANIA: Gala skriver om H\u00f8ibys nye krypinn i saken om hvem som gjorde opp advokatregningen. Foto: Skjermdump\/Hola\n      <\/p>\n<p>        LUKSUS: Marius Borg H\u00f8iby skal n\u00e5 disponere en leilighet p\u00e5 beste Oslo vestkant. Men hvem tar regningen? Foto: Andreas Fadum \/ Tor Lindseth \/ @princerehan27 \/ Instagram \/ NTB \/\/ Reporter: Caroline Vagle \/\/ Klipp: Elise Violeta Ness Aksnes<\/p>\n<p>If\u00f8lge mediene er det ikke bare rettssaken i seg selv som tiltrekker seg internasjonal oppmerksomhet, men ogs\u00e5 hvem som finansierer kostnadene. <\/p>\n<p>          <img loading=\"lazy\" decoding=\"async\" src=\"https:\/\/www.europesays.com\/no\/wp-content\/uploads\/2025\/12\/1764980184_935_83927577.webp\" width=\"980\" height=\"980\" title=\"TETTE B\u00c5ND: Marit Tjessem omgitt av Marius, kronprinsesse Mette-Marit og kronprins Haakon. Marit har for \u00f8vrig l\u00e5nt Mette-Marits TSH-topp for anledningen. Foto: Skjermdump \/ Instagram\" alt=\"\" class=\"\" style=\"--aspect-ratio-image: 1.00; \"\/><\/p>\n<p>\n          TETTE B\u00c5ND: Marit Tjessem omgitt av Marius, kronprinsesse Mette-Marit og kronprins Haakon. Marit har for \u00f8vrig l\u00e5nt Mette-Marits TSH-topp for anledningen. Foto: Skjermdump \/ Instagram\n      <\/p>\n<p>    Marius Borg H\u00f8iby-saken<\/p>\n<p class=\"font-weight-light m-font-weight-light\" data-lab-font_weight=\"font-weight-light\">Dette er hovedpunktene i tiltalen mot Marius Borg H\u00f8iby:<\/p>\n<p class=\"font-weight-light m-font-weight-light\" data-lab-font_weight=\"font-weight-light\">\u25aa\ufe0fEtt tilfelle av mishandling i n\u00e6re relasjoner.\u00a0<\/p>\n<p>\u25aa\ufe0fFire voldtekter, tre uten samleie<\/p>\n<p>\u25aa\ufe0fEtt tilfelle av grov kroppskrenkelse.\u00a0<\/p>\n<p>\u25aa\ufe0fEtt tilfelle av kroppskrenkelse.\u00a0<\/p>\n<p>\u25aa\ufe0fEtt tilfelle av trusler.<\/p>\n<p>\u25aa\ufe0fFem tilfeller av hensynsl\u00f8s adferd.\u00a0<\/p>\n<p>\u25aa\ufe0fTo tilfeller av skadeverk.\u00a0<\/p>\n<p>\u25aa\ufe0fSeks tilfeller seksuelt krenkende adferd.\u00a0<\/p>\n<p>\u25aa\ufe0fFire brudd p\u00e5 kontaktforbud.\u00a0<\/p>\n<p>\u25aa\ufe0fEtt tilfelle av hindring av offentlig tjenesteperson.\u00a0<\/p>\n<p>\u25aa\ufe0fEtt tilfelle av brudd p\u00e5 identifikasjonsplikten.\u00a0<\/p>\n<p>\u25aa\ufe0fEtt tilfelle av \u00e5 ikke ha ferdes hensynsfullt med bil.\u00a0<\/p>\n<p>\u25aa\ufe0fTo tilfeller av \u00e5 ha kj\u00f8rt for fort.\u00a0<\/p>\n<p>\u25aa\ufe0fTo tilfeller av \u00e5 ha kj\u00f8rt uten gyldig f\u00f8rerkort.<\/p>\n<p>Se og H\u00f8r understreker at Marius Borg H\u00f8iby har krav p\u00e5 \u00e5 bli ansett som uskyldig frem til en rettskraftig dom eventuelt sier det motsatte.<\/p>\n<p>      Vis mer<br \/>\n      Vis mindre<\/p>\n<p>Den store interessen fra utlandet er trolig bare en liten forsmak for hva som kan komme. I november skrev <a href=\"https:\/\/www.tv2.no\/underholdning\/god-morgen-norge\/pressen-far-slippe-til-bak-lukkede-dorer-190-har-bedt-om-plass\/18261546\/\" rel=\"nofollow noopener\" target=\"_blank\">TV 2<\/a> at hele 190 journalister har s\u00f8kt om akkreditering til straffesaken mot kronprinsesse Mette-Marits (54) s\u00f8nn, som starter i Oslo tingrett i februar.<\/p>\n<p>Se og H\u00f8rs kongehusreporter Caroline Vagle f\u00f8lger saken tett.\u00a0<\/p>\n<p>        LOFOTEN: Under en privat reise med kronprins Haakon, skal en av voldtektene Marius Borg H\u00f8iby er tiltalt for skjedd. Video: NTB \/ Instagram: @friflytfilmtour \/\/ Foto: Markus Malmin \/ Lofotposten \/ NTB \/ Se og H\u00f8r \/ Privat \/ Instagram: @trevarefabrikken \/\/ Reporter: H\u00e5vard Bj\u00f8rnerem<\/p>\n<p class=\"font-weight-black m-font-weight-black\" data-lab-font_weight=\"font-weight-black\">&#8211; Denne saken er helt spesiell, og har hele tiden vekket stor oppmerksomhet b\u00e5de her til lands og i resten av verden. Og jeg tipper det bare er en forsmak p\u00e5 hva som vil komme n\u00e5r rettssaken setter i gang p\u00e5 ny\u00e5ret. Jeg er dog ikke overrasket over at saken har s\u00e5 stor nyhetsverdi, forteller hun.\u00a0<\/p>\n<p>          <img loading=\"lazy\" decoding=\"async\" src=\"https:\/\/www.europesays.com\/no\/wp-content\/uploads\/2025\/12\/83685951.webp\" width=\"686\" height=\"632\" title=\"STOR NYHETSVERDI: Se og H\u00f8rs kongehusekspert Caroline Vagle tror dette bare er en forsmak p\u00e5 hva som vil komme. Foto: Se og H\u00f8r\" alt=\"\" class=\"\" style=\"--aspect-ratio-image: 1.09; \"\/><\/p>\n<p>\n          STOR NYHETSVERDI: Se og H\u00f8rs kongehusekspert Caroline Vagle tror dette bare er en forsmak p\u00e5 hva som vil komme. Foto: Se og H\u00f8r\n      <\/p>\n<p class=\"font-weight-light m-font-weight-light\" data-lab-font_weight=\"font-weight-light\">&#8211; Det er tross alt snakk om Norges fremtidige dronnings s\u00f8nn, og vi kan potensielt komme i en situasjon hvor landet v\u00e5rt har en dronning med en s\u00f8nn i fengsel, legger hun til.\u00a0<\/p>\n<p class=\"font-weight-light m-font-weight-light\" data-lab-font_weight=\"font-weight-light\">Det er som nevnt 190 journalister fra inn- og utland som har f\u00e5tt akkreditering til \u00e5 dekke rettssaken. Fra utlandet kommer f\u00f8lgende medier:<\/p>\n<p>Fra Tyskland:\t<\/p>\n<ul>\n<li>Bild<\/li>\n<li>Bunte<\/li>\n<li>ARD German Radio &amp; TV<\/li>\n<li> Die Welt \/ Welt am Sonntag <\/li>\n<li>ZDF\u00a0<\/li>\n<li>RTL TV Germany<\/li>\n<li>Welt Fernsehen<\/li>\n<li>Stern Magazine \/ RTL\u00a0<\/li>\n<li>Freelance (Frankfurter Rundschau\/Tyskland, WeltTV)<\/li>\n<\/ul>\n<p>Fra Sverige:\t<\/p>\n<ul>\n<li>Aftonbladet<\/li>\n<li>Sveriges Radio<\/li>\n<\/ul>\n<p>Fra Danmark:\t<\/p>\n<ul>\n<li>Aller Media\/Se og H\u00f8r<\/li>\n<li>DR (Danmarks radio og TV)<\/li>\n<\/ul>\n<p>Fra Nederland:\t<\/p>\n<ul>\n<li>RTL Boulevard<\/li>\n<li>Freelance correspondent for The Netherlands &#8211; De Telegraaf<\/li>\n<\/ul>\n<ul>\n<li>Shownieuws &amp; Hart van Nederland\/Television<\/li>\n<\/ul>\n<p>Fra Spania:\t<\/p>\n<p>Fra USA:\t<\/p>\n<p>Fra Polen:\t<\/p>\n<p>Fra England:\t<\/p>\n","protected":false},"excerpt":{"rendered":"Marius Borg H\u00f8iby: Det har vakt internasjonal oppsikt at Marit Tjessem har tatt regningen for sitt tiltalte barnebarn.&hellip;\n","protected":false},"author":2,"featured_media":105445,"comment_status":"","ping_status":"","sticky":false,"template":"","format":"standard","meta":{"footnotes":""},"categories":[10],"tags":[13205,20,21,13207,2592,4104,24,25,12702,15,13206,76,1764,2293,22,23,13040,400,13,30,28,29,14,16,26,27],"class_list":{"0":"post-105444","1":"post","2":"type-post","3":"status-publish","4":"format-standard","5":"has-post-thumbnail","7":"category-norge","8":"tag-bild","9":"tag-breaking-news","10":"tag-breakingnews","11":"tag-bunte","12":"tag-den-norske-kongefamilien","13":"tag-eksklusivt","14":"tag-featured-news","15":"tag-featurednews","16":"tag-gala","17":"tag-headlines","18":"tag-hola","19":"tag-kongelig","20":"tag-kronprins-haakon","21":"tag-kronprinsesse-mette-marit","22":"tag-latest-news","23":"tag-latestnews","24":"tag-marit-tjessem","25":"tag-marius-borg-hoiby","26":"tag-news","27":"tag-no","28":"tag-norge","29":"tag-norway","30":"tag-nyheter","31":"tag-overskrifter","32":"tag-top-stories","33":"tag-topstories"},"share_on_mastodon":{"url":"https:\/\/pubeurope.com\/@no\/115669748113206946","error":""},"_links":{"self":[{"href":"https:\/\/www.europesays.com\/no\/wp-json\/wp\/v2\/posts\/105444","targetHints":{"allow":["GET"]}}],"collection":[{"href":"https:\/\/www.europesays.com\/no\/wp-json\/wp\/v2\/posts"}],"about":[{"href":"https:\/\/www.europesays.com\/no\/wp-json\/wp\/v2\/types\/post"}],"author":[{"embeddable":true,"href":"https:\/\/www.europesays.com\/no\/wp-json\/wp\/v2\/users\/2"}],"replies":[{"embeddable":true,"href":"https:\/\/www.europesays.com\/no\/wp-json\/wp\/v2\/comments?post=105444"}],"version-history":[{"count":0,"href":"https:\/\/www.europesays.com\/no\/wp-json\/wp\/v2\/posts\/105444\/revisions"}],"wp:featuredmedia":[{"embeddable":true,"href":"https:\/\/www.europesays.com\/no\/wp-json\/wp\/v2\/media\/105445"}],"wp:attachment":[{"href":"https:\/\/www.europesays.com\/no\/wp-json\/wp\/v2\/media?parent=105444"}],"wp:term":[{"taxonomy":"category","embeddable":true,"href":"https:\/\/www.europesays.com\/no\/wp-json\/wp\/v2\/categories?post=105444"},{"taxonomy":"post_tag","embeddable":true,"href":"https:\/\/www.europesays.com\/no\/wp-json\/wp\/v2\/tags?post=105444"}],"curies":[{"name":"wp","href":"https:\/\/api.w.org\/{rel}","templated":true}]}}