{"id":105452,"date":"2025-12-06T00:25:21","date_gmt":"2025-12-06T00:25:21","guid":{"rendered":"https:\/\/www.europesays.com\/no\/105452\/"},"modified":"2025-12-06T00:25:21","modified_gmt":"2025-12-06T00:25:21","slug":"krf-anklager-regjeringen-for-israel-allergi","status":"publish","type":"post","link":"https:\/\/www.europesays.com\/no\/105452\/","title":{"rendered":"KrF anklager regjeringen for Israel-allergi"},"content":{"rendered":"\n<p class=\"_lead_o9xde_2 _lead_xtcu6_50 layout-component text-serif-m layout-normal text-serif-l layout-component layout-wide layout-padded _wide_17hqh_1 layout-padded\">KrF advarer mot \u00e5 vrake en av v\u00e5re n\u00e6rmeste allierte i Europa n\u00e5r regjeringen skal velge leverand\u00f8r av langtrekkende artilleri. Forsvarsministeren avviser Israel-anklage. <\/p>\n<p><img alt=\"TAPT MULIGHET: Norge g\u00e5r glipp av en stor mulighet n\u00e5r den tyske leverand\u00f8ren vrakes, mener KrFs forsvarspolitiske talsperson,  Jonas Andersen Sayed..  Foto: Anne Sofie R\u00f8nnfeldt \/ VG\" class=\"_image_qp4xg_65 layout-component layout-wide\" data-fullscreen- data-track-element-type=\"Article image fullscreen\" data-track-name=\"ImageFullscreen\" fetchpriority=\"high\" decoding=\"sync\" loading=\"eager\" height=\"4038\" itemprop=\"image\"  src=\"https:\/\/www.europesays.com\/no\/wp-content\/uploads\/2025\/12\/7295ef9a-f20c-4e1c-ba3d-70999f25dbd4\"  style=\"object-position:0% 0%\" width=\"6052\"\/>TAPT MULIGHET: Norge g\u00e5r glipp av en stor mulighet n\u00e5r den tyske leverand\u00f8ren vrakes, mener KrFs forsvarspolitiske talsperson,  Jonas Andersen Sayed..  Foto: Anne Sofie R\u00f8nnfeldt \/ VG<\/p>\n<ul aria-hidden=\"true\" class=\"_images_ntbth_112\">\n<li><a class=\"_link_ntbth_117\" href=\"https:\/\/www.vg.no\/forfatter\/anne-sofie-roennfeldt\" style=\"z-index:2\" title=\"Anne Sofie R\u00f8nnfeldt\" rel=\"nofollow noopener\" target=\"_blank\"><img alt=\"Bilde av Anne Sofie R\u00f8nnfeldt\" class=\"_image_ntbth_93\" fetchpriority=\"low\" loading=\"lazy\" decoding=\"async\" itemprop=\"image\"  src=\"https:\/\/www.europesays.com\/no\/wp-content\/uploads\/2025\/12\/1764980717_460_4634311d-064a-4086-be75-18a6e8a88835\"  width=\"480\"\/><\/a><\/li>\n<li><a class=\"_link_ntbth_117\" href=\"https:\/\/www.vg.no\/forfatter\/alf-bjarne-johnsen\" style=\"z-index:1\" title=\"Alf Bjarne Johnsen\" rel=\"nofollow noopener\" target=\"_blank\"><img alt=\"Bilde av Alf Bjarne Johnsen\" class=\"_image_ntbth_93\" fetchpriority=\"low\" loading=\"lazy\" decoding=\"async\" itemprop=\"image\"  src=\"https:\/\/www.europesays.com\/no\/wp-content\/uploads\/2025\/12\/1764980718_943_a8952b63-f4d3-424e-ab5c-93e67076c9b0\"  width=\"480\"\/><\/a><\/li>\n<\/ul>\n<p>Rapporter fra Akershus festning Oppdatert fredag 5. desember kl. 17:14    <\/p>\n<ul class=\"_list_o9xde_3 _list_64s2r_85 _unordered_o9xde_106 text-sans-m\">\n<li class=\"_item_o9xde_30\">KrF advarer mot \u00e5 vrake Tyskland som leverand\u00f8r av langtrekkende artilleri, og anklager regjeringen for \u00e5 ha \u00abIsrael-allergi\u00bb.<\/li>\n<li class=\"_item_o9xde_30\">Forsvarsministeren avviser kritikken og sier tyske KNDS ikke oppfylte kriteriene i konkurransen.<\/li>\n<li class=\"_item_o9xde_30\">Regjeringen vurderer n\u00e5 leverand\u00f8rer fra USA og S\u00f8r-Korea.<\/li>\n<li class=\"_item_o9xde_30\">Forsvarsministeren understreker at tid er avgj\u00f8rende for \u00e5 skaffe det lange rekkevidde-artilleriet.<\/li>\n<\/ul>\n<p>Vis mer <\/p>\n<p class=\"_paragraph_o9xde_4 _paragraph_xtcu6_10 layout-component text-serif-m layout-normal text-serif-m layout-padded\">Norge skal kj\u00f8pe langtrekkende presisjonsildlangtrekkende presisjonsildbetegnelsen p\u00e5 v\u00e5pensystemer som kan avfyre missiler med lang rekkevidde og treffe m\u00e5l p\u00e5 store avstander. for 19 milliarder kroner. Men hvem leverand\u00f8ren er, er forel\u00f8pig ikke formelt avgjort, if\u00f8lge <a href=\"https:\/\/www.vg.no\/tag\/tore-o-sandvik?utm_source=vg-article&amp;utm_medium=auto-tagger&amp;utm_campaign=zOL7lw\" class=\"_link_o9xde_39\" rel=\"nofollow noopener\" target=\"_blank\">Tore O. Sandvik<\/a> (Ap).<\/p>\n<p class=\"_paragraph_o9xde_4 _paragraph_xtcu6_10 layout-component text-serif-m layout-normal text-serif-m layout-padded\">To alternativer gjenst\u00e5r:<\/p>\n<ul class=\"_list_o9xde_3 _list_xtcu6_9 _unordered_o9xde_106 layout-component text-serif-m layout-normal text-serif-m layout-padded\">\n<li class=\"_item_o9xde_30\">Himars. Fra amerikanske Lockheed Martin.<\/li>\n<li class=\"_item_o9xde_30\">Chunmoo. Fra s\u00f8rkoreanske Hanwha Aerospace.<\/li>\n<\/ul>\n<p class=\"_paragraph_o9xde_4 _paragraph_xtcu6_10 layout-component text-serif-m layout-normal text-serif-m layout-padded\">Fredag sa forsvarsminister Tore O. Sandvik (Ap) at den tyske leverand\u00f8ren KNDS er ute av konkurransen. <\/p>\n<p><img decoding=\"async\" alt=\"Bilde av Tore O. Sandvik\" class=\"_image_ygndg_42\" height=\"27\" itemprop=\"image\" loading=\"lazy\"  src=\"https:\/\/www.europesays.com\/no\/wp-content\/uploads\/2025\/12\/371f9955-7a00-4d6c-ba50-5f96b30cec2f\"  width=\"40\"\/><strong class=\"_name_ygndg_51 title-serif-xs\">Tore O. Sandvik<\/strong><\/p>\n<p class=\"_paragraph_o9xde_4 text-sans-m _description_ygndg_56\">Forsvarsminister (Ap)<\/p>\n<p class=\"_paragraph_o9xde_4 _paragraph_xtcu6_10 layout-component text-serif-m layout-normal text-serif-m layout-padded\">Det f\u00e5r KrF til \u00e5 reagere:<\/p>\n<p class=\"_paragraph_o9xde_4 _paragraph_xtcu6_10 layout-component text-serif-m layout-normal text-serif-m layout-padded\">\u2013 Det er for meg v\u00e6re helt uforst\u00e5elig at man ikke velger \u00e5 g\u00e5 for den tyske leverand\u00f8ren, sier KrFs forsvarspolitiske talsperson Jonas Andersen Sayed til VG. <\/p>\n<p><img alt=\"Foto: Anne Sofie R\u00f8nnfeldt \/ VG\" class=\"_image_qp4xg_65 layout-component layout-normal\" data-fullscreen- data-track-element-type=\"Article image fullscreen\" data-track-name=\"ImageFullscreen\" decoding=\"async\" loading=\"lazy\" height=\"4641\" itemprop=\"image\"  src=\"https:\/\/www.europesays.com\/no\/wp-content\/uploads\/2025\/12\/87ebc3e9-633a-4f14-ad96-f708bbaec946\"  style=\"object-position:0% 0%\" width=\"6955\"\/>Foto: Anne Sofie R\u00f8nnfeldt \/ VG<\/p>\n<p class=\"_paragraph_o9xde_4 _paragraph_xtcu6_10 layout-component text-serif-m layout-normal text-serif-m layout-padded\">\u2013 Her har vi et europeisk initiativ som fungerer, som andre allierte vil benytte seg av, som kan gi muligheter for norsk forsvarsindustri og styrke det bilaterale samarbeidet med Tyskland knyttet til missiler. <\/p>\n<p class=\"_paragraph_o9xde_4 _paragraph_xtcu6_10 layout-component text-serif-m layout-normal text-serif-m layout-padded\">Sayed mener regjeringen n\u00e5 g\u00e5r glipp av en stor mulighet.<\/p>\n<p class=\"_paragraph_o9xde_4 _paragraph_xtcu6_10 layout-component text-serif-m layout-normal text-serif-m layout-padded\">\u2013 Der Europa og Nato er n\u00e5, er det helt avgj\u00f8rende at vi lykkes med \u00e5 styrke europeisk forsvarsindustri. Det vil v\u00e6re en enormt stor tapt mulighet \u00e5 ikke v\u00e6re med p\u00e5 den utviklingen, sier han og legger til at b\u00e5de Tyskland og Nederland allerede har bestilt det tyske v\u00e5pensystemet. <\/p>\n<p> \u00abIsrael-allergi\u00bb<\/p>\n<p class=\"_paragraph_o9xde_4 _paragraph_xtcu6_10 layout-component text-serif-m layout-normal text-serif-m layout-padded\">Den tyske leverand\u00f8ren KNDS har hatt et tett teknologisk samarbeid med det omstridte israelske selskapet Elbit, skriver Teknisk Ukeblad.<\/p>\n<p class=\"_paragraph_o9xde_4 _paragraph_xtcu6_10 layout-component text-serif-m layout-normal text-serif-m layout-padded\">Sayed frykter at dette kan ha p\u00e5virket regjeringens valg av leverand\u00f8r. <\/p>\n<p class=\"_paragraph_o9xde_4 _paragraph_xtcu6_10 layout-component text-serif-m layout-normal text-serif-m layout-padded\">\u2013 Krig er ingen lek, og det blir utrolig dumt om v\u00e5re soldater ikke skal f\u00e5 det beste utstyret av ideologiske \u00e5rsaker. Det tyske v\u00e5pensystemet er et europeisk prosjekt og har utgangspunkt i enkelte israelske komponenter.<\/p>\n<p class=\"_paragraph_o9xde_4 _paragraph_xtcu6_10 layout-component text-serif-m layout-normal text-serif-m layout-padded\">\u2013 Jeg er bekymret for at regjeringens allergi mot det som har med Israel \u00e5 gj\u00f8re, har p\u00e5virket beslutningen fordi man er redd for \u00e5 f\u00e5 kritikk.<\/p>\n<p class=\"_paragraph_o9xde_4 _paragraph_xtcu6_10 layout-component text-serif-m layout-normal text-serif-m layout-padded\">Tidligere i \u00e5r kj\u00f8pte regjeringen <a href=\"https:\/\/www.vg.no\/nyheter\/i\/o35G3R\/stoere-om-fregattkjoepet-norge-skal-kjoepte-britiske-fregatter\" data-track-element-type=\"Link\" data-track-id=\"link:o35G3R\" class=\"_link_o9xde_39\" rel=\"nofollow noopener\" target=\"_blank\">britiske fregatter<\/a>, som ogs\u00e5 har israelske forsvarssystemer.<\/p>\n<p><img alt=\"BRITISKE FREGATTER: I august ble det klart at regjeringen kj\u00f8per britiske fregatter.  Foto: Rodrigo Freitas \/ NTB\" class=\"_image_qp4xg_65 layout-component layout-normal\" data-fullscreen- data-track-element-type=\"Article image fullscreen\" data-track-name=\"ImageFullscreen\" decoding=\"async\" loading=\"lazy\" height=\"5760\" itemprop=\"image\"  src=\"https:\/\/www.europesays.com\/no\/wp-content\/uploads\/2025\/12\/4e810d21-e9b0-4046-8e2a-54c39b24dfcb\"  style=\"object-position:0% 0%\" width=\"8640\"\/>BRITISKE FREGATTER: I august ble det klart at regjeringen kj\u00f8per britiske fregatter.  Foto: Rodrigo Freitas \/ NTB<\/p>\n<p class=\"_paragraph_o9xde_4 _paragraph_xtcu6_10 layout-component text-serif-m layout-normal text-serif-m layout-padded\">\u2013 Hvorfor mener du israelske komponenter har p\u00e5virket regjeringens avgj\u00f8relse i denne runden?<\/p>\n<p class=\"_paragraph_o9xde_4 _paragraph_xtcu6_10 layout-component text-serif-m layout-normal text-serif-m layout-padded\">\u2013 Jeg tror ikke regjeringen har tatt avgj\u00f8relsen alene basert p\u00e5 den israelske koblingen, men jeg er bekymret for at den har tippet beslutningen \u2013 og at man dermed velger bort strategisk samarbeid som opplagt tjener norske sikkerhetsinteresser best, svarer KrFs Sayed. <\/p>\n<p>Avviser KrF-kritikk<\/p>\n<p class=\"_paragraph_o9xde_4 _paragraph_xtcu6_10 layout-component text-serif-m layout-normal text-serif-m layout-padded\">\u2013 Det er ikke riktig, sier forsvarsminister Tore O. Sandvik (Ap) til VG. <\/p>\n<p class=\"_paragraph_o9xde_4 _paragraph_xtcu6_10 layout-component text-serif-m layout-normal text-serif-m layout-padded\">Forsvarsministeren avviser blankt at mulige israelske underleverand\u00f8rer var en del av vurderingen. <\/p>\n<p class=\"_paragraph_o9xde_4 _paragraph_xtcu6_10 layout-component text-serif-m layout-normal text-serif-m layout-padded\">\u2013 Det tyske tilbudet oppfylte ikke kriteriene, sier han.<\/p>\n<p><img alt=\"S\u00d8R-KOREA: Slik ser det koreanske v\u00e5pensystemet Chunmoo ut.  Foto: WILLIAM WEST \/ AFP\" class=\"_image_qp4xg_65 layout-component layout-normal\" data-fullscreen- data-track-element-type=\"Article image fullscreen\" data-track-name=\"ImageFullscreen\" decoding=\"async\" loading=\"lazy\" height=\"5089\" itemprop=\"image\"  src=\"https:\/\/www.europesays.com\/no\/wp-content\/uploads\/2025\/12\/d8d354d4-331c-4bb7-a22b-a99f9797d7c9\"  style=\"object-position:0% 0%\" width=\"7634\"\/>S\u00d8R-KOREA: Slik ser det koreanske v\u00e5pensystemet Chunmoo ut.  Foto: WILLIAM WEST \/ AFP<\/p>\n<p class=\"_paragraph_o9xde_4 _paragraph_xtcu6_10 layout-component text-serif-m layout-normal text-serif-m layout-padded\">\u2013 Vi skal bygge industrikapasiteten i Europa for \u00e5 ruste opp, men per n\u00e5 er ikke det p\u00e5 plass. Vi er avhengig av \u00e5 hente industrikapasitet fra n\u00e6re allierte andre steder. USA er helt \u00e5penbart og der er det fortsatt kapasitet, og S\u00f8r-Korea er et partnerland til Nato. Det er et land med industrikapasitet og har sv\u00e6rt god konvensjonell slagkraft. <\/p>\n<p class=\"_paragraph_o9xde_4 _paragraph_xtcu6_10 layout-component text-serif-m layout-normal text-serif-m layout-padded\">Forsvarsministeren understreker at tid er avgj\u00f8rende i valg av leverand\u00f8r. <\/p>\n<p class=\"_paragraph_o9xde_4 _paragraph_xtcu6_10 layout-component text-serif-m layout-normal text-serif-m layout-padded\">\u2013 Langtrekkende presisjonsild haster \u00e5 f\u00e5 p\u00e5 plass, for \u00e5 ha den avskrekkingsevnen knyttet til landmakt i Norge, sier han. <\/p>\n<p><img alt=\"V\u00c5PENKJ\u00d8P: Fredag ble det ogs\u00e5 klart at regjeringen kj\u00f8per ytterligere to ub\u00e5ter fra Tyskland.   Foto: G\u00f8ran Bohlin \/ VG\" class=\"_image_qp4xg_65 layout-component layout-normal\" data-fullscreen- data-track-element-type=\"Article image fullscreen\" data-track-name=\"ImageFullscreen\" decoding=\"async\" loading=\"lazy\" height=\"4096\" itemprop=\"image\"  src=\"https:\/\/www.europesays.com\/no\/wp-content\/uploads\/2025\/12\/36884efd-8220-4e7d-9ad8-ce980dd96525\"  style=\"object-position:0% 0%\" width=\"6144\"\/>V\u00c5PENKJ\u00d8P: Fredag ble det ogs\u00e5 klart at regjeringen kj\u00f8per ytterligere to ub\u00e5ter fra Tyskland.   Foto: G\u00f8ran Bohlin \/ VG<\/p>\n<p class=\"_paragraph_o9xde_4 _paragraph_xtcu6_10 layout-component text-serif-m layout-normal text-serif-m layout-padded\">\u2013 Kan Stortinget potensielt overpr\u00f8ve regjeringens valg av leverand\u00f8r? <\/p>\n<p class=\"_paragraph_o9xde_4 _paragraph_xtcu6_10 layout-component text-serif-m layout-normal text-serif-m layout-padded\">\u2013 Stortinget st\u00e5r fritt til \u00e5 fatte sine beslutninger. Vi har n\u00e5 invitert dem til \u00e5 ta en beslutning om \u00e5 sette av 19 milliarder kroner til kj\u00f8pe langtrekkende presisjonsild. Vi er tydelige p\u00e5 Forsvarssjefens bestilling, det er en rekkevidde p\u00e5 500 kilometer. Det er det som gir en ekstraevne, som erfaringer fra Ukraina viser oss.<\/p>\n","protected":false},"excerpt":{"rendered":"KrF advarer mot \u00e5 vrake en av v\u00e5re n\u00e6rmeste allierte i Europa n\u00e5r regjeringen skal velge leverand\u00f8r av&hellip;\n","protected":false},"author":2,"featured_media":105453,"comment_status":"","ping_status":"","sticky":false,"template":"","format":"standard","meta":{"footnotes":""},"categories":[10],"tags":[20,21,24,25,1903,15,13209,13208,22,23,13,30,28,29,14,16,26,27,1566],"class_list":{"0":"post-105452","1":"post","2":"type-post","3":"status-publish","4":"format-standard","5":"has-post-thumbnail","7":"category-norge","8":"tag-breaking-news","9":"tag-breakingnews","10":"tag-featured-news","11":"tag-featurednews","12":"tag-forsvaret","13":"tag-headlines","14":"tag-jonas-andersen-sayed","15":"tag-langtidsplan","16":"tag-latest-news","17":"tag-latestnews","18":"tag-news","19":"tag-no","20":"tag-norge","21":"tag-norway","22":"tag-nyheter","23":"tag-overskrifter","24":"tag-top-stories","25":"tag-topstories","26":"tag-tore-o-sandvik"},"share_on_mastodon":{"url":"https:\/\/pubeurope.com\/@no\/115669783473668579","error":""},"_links":{"self":[{"href":"https:\/\/www.europesays.com\/no\/wp-json\/wp\/v2\/posts\/105452","targetHints":{"allow":["GET"]}}],"collection":[{"href":"https:\/\/www.europesays.com\/no\/wp-json\/wp\/v2\/posts"}],"about":[{"href":"https:\/\/www.europesays.com\/no\/wp-json\/wp\/v2\/types\/post"}],"author":[{"embeddable":true,"href":"https:\/\/www.europesays.com\/no\/wp-json\/wp\/v2\/users\/2"}],"replies":[{"embeddable":true,"href":"https:\/\/www.europesays.com\/no\/wp-json\/wp\/v2\/comments?post=105452"}],"version-history":[{"count":0,"href":"https:\/\/www.europesays.com\/no\/wp-json\/wp\/v2\/posts\/105452\/revisions"}],"wp:featuredmedia":[{"embeddable":true,"href":"https:\/\/www.europesays.com\/no\/wp-json\/wp\/v2\/media\/105453"}],"wp:attachment":[{"href":"https:\/\/www.europesays.com\/no\/wp-json\/wp\/v2\/media?parent=105452"}],"wp:term":[{"taxonomy":"category","embeddable":true,"href":"https:\/\/www.europesays.com\/no\/wp-json\/wp\/v2\/categories?post=105452"},{"taxonomy":"post_tag","embeddable":true,"href":"https:\/\/www.europesays.com\/no\/wp-json\/wp\/v2\/tags?post=105452"}],"curies":[{"name":"wp","href":"https:\/\/api.w.org\/{rel}","templated":true}]}}