{"id":105462,"date":"2025-12-06T00:44:12","date_gmt":"2025-12-06T00:44:12","guid":{"rendered":"https:\/\/www.europesays.com\/no\/105462\/"},"modified":"2025-12-06T00:44:12","modified_gmt":"2025-12-06T00:44:12","slug":"ukrainske-byer-kan-falle-i-desember","status":"publish","type":"post","link":"https:\/\/www.europesays.com\/no\/105462\/","title":{"rendered":"Ukrainske byer kan falle i desember"},"content":{"rendered":"\n<p class=\"_lead_o9xde_2 _lead_xtcu6_50 layout-component text-serif-m layout-normal text-serif-l layout-component layout-wide layout-padded _wide_17hqh_1 layout-padded\">Ukrainske forsyningslinjer under press og d\u00e5rlig v\u00e6r gir de russiske soldatene og Putin overtaket.<\/p>\n<p><img alt=\"Ukrainsk soldat g\u00e5r gjennom ruinene i frontlinjebyen Kostjantynivka i Donetsk-regionen, midt i den russiske invasjonen av Ukraina. Foto: OLEG PETRASIUK \/ AFP \/ NTB\" class=\"_image_qp4xg_65 layout-component layout-wide\" data-fullscreen- data-track-element-type=\"Article image fullscreen\" data-track-name=\"ImageFullscreen\" fetchpriority=\"high\" decoding=\"sync\" loading=\"eager\" height=\"3648\" itemprop=\"image\"  src=\"https:\/\/www.europesays.com\/no\/wp-content\/uploads\/2025\/12\/65c9aefd-49ad-499d-8856-8bc4c66c9cb4\"  style=\"object-position:0% 0%\" width=\"5472\"\/>Ukrainsk soldat g\u00e5r gjennom ruinene i frontlinjebyen Kostjantynivka i Donetsk-regionen, midt i den russiske invasjonen av Ukraina. Foto: OLEG PETRASIUK \/ AFP \/ NTB<\/p>\n<ul aria-hidden=\"true\" class=\"_images_ntbth_112\">\n<li><a class=\"_link_ntbth_117\" href=\"https:\/\/www.vg.no\/forfatter\/isak-loeve-pilskog-loe\" style=\"z-index:1\" title=\"Isak L\u00f8ve Pilskog Loe\" rel=\"nofollow noopener\" target=\"_blank\"><img alt=\"Bilde av Isak L\u00f8ve Pilskog Loe\" class=\"_image_ntbth_93\" fetchpriority=\"low\" loading=\"lazy\" decoding=\"async\" itemprop=\"image\"  src=\"https:\/\/www.europesays.com\/no\/wp-content\/uploads\/2025\/12\/1764981850_809_8b0354e3-bf53-460c-9c1c-790321a0c923\"  width=\"480\"\/><\/a><\/li>\n<\/ul>\n<p> Oppdatert l\u00f8rdag 6. desember kl. 01:21    <\/p>\n<ul class=\"_list_o9xde_3 _list_64s2r_85 _unordered_o9xde_106 text-sans-m\">\n<li class=\"_item_o9xde_30\">To viktige ukrainske byer kan falle til russiske styrker i desember if\u00f8lge estiske myndigheter.<\/li>\n<li class=\"_item_o9xde_30\">Ukrainske forsyningslinjer er under press, og d\u00e5rlig v\u00e6r favoriserer Russland, advarer de.<\/li>\n<li class=\"_item_o9xde_30\">Samtidig intensiverer Russland angrep p\u00e5 Ukrainas energinett, og millioner risikerer str\u00f8m- og varmetap.<\/li>\n<li class=\"_item_o9xde_30\">Ukraina har begynt \u00e5 bruke raketter mot m\u00e5l dypere inne i Russland.<\/li>\n<\/ul>\n<p>Vis mer <\/p>\n<p class=\"_paragraph_o9xde_4 _paragraph_xtcu6_10 layout-component text-serif-m layout-normal text-serif-m layout-padded\">To strategisk viktige byer i \u00d8st-Ukraina st\u00e5r i fare for \u00e5 falle til russiske styrker i l\u00f8pet av desember, if\u00f8lge estiske milit\u00e6reksperter.<\/p>\n<p class=\"_paragraph_o9xde_4 _paragraph_xtcu6_10 layout-component text-serif-m layout-normal text-serif-m layout-padded\">Byene Pokrovsk og Mirnograd er i stor grad under russiske v\u00e6pnede styrkers \u00abdirekte eller indirekte kontroll\u00bb, if\u00f8lge Gert Kaju. Han er leder for forsvarsdepartementets beredskapsavdeling i Estland.<\/p>\n<p class=\"_paragraph_o9xde_4 _paragraph_xtcu6_10 layout-component text-serif-m layout-normal text-serif-m layout-padded\">Han presiserer at det enn\u00e5 ikke har kommet konkrete rapporter om at byene er g\u00e5tt tapt for Ukraina, men:<\/p>\n<p class=\"_paragraph_o9xde_4 _paragraph_xtcu6_10 layout-component text-serif-m layout-normal text-serif-m layout-padded\"><strong class=\"_strong_o9xde_25\">\u2013 Det er sv\u00e6rt sannsynlig at begge byene faller under russisk kontroll i desember, sa Kaju nylig under en pressekonferanse.<\/strong><\/p>\n<p><img alt=\"Dette bildet ble sluppet av det russiske forsvarsdepartementet sent 1. desember, og skal angivelig vise to russiske soldater som holder opp det russiske flagget i Pokrovsk.  Foto: AP \/ NTB\" class=\"_image_qp4xg_65 layout-component layout-normal\" data-fullscreen- data-track-element-type=\"Article image fullscreen\" data-track-name=\"ImageFullscreen\" decoding=\"async\" loading=\"lazy\" height=\"2720\" itemprop=\"image\"  src=\"https:\/\/www.europesays.com\/no\/wp-content\/uploads\/2025\/12\/b6b33fe8-9eed-4c90-b0f3-117d8d243e7c\"  style=\"object-position:0% 0%\" width=\"4080\"\/>Dette bildet ble sluppet av det russiske forsvarsdepartementet sent 1. desember, og skal angivelig vise to russiske soldater som holder opp det russiske flagget i Pokrovsk.  Foto: AP \/ NTBDerfor er Pokrovsk viktig<\/p>\n<p class=\"_paragraph_o9xde_4 _paragraph_xtcu6_10 _paragraph_16v91_10 layout-component text-serif-m layout-normal text-sans-m layout-padded\">Gjennom Pokrovsk g\u00e5r to store hovedfarts\u00e5rer og en viktig jernbanelinje. Veiene fungerer som hovedpuls\u00e5rer som pumper livsviktig materiell, ammunisjon og soldater til forsvarslinjen.<\/p>\n<p class=\"_paragraph_o9xde_4 _paragraph_xtcu6_10 _paragraph_16v91_10 layout-component text-serif-m layout-normal text-sans-m layout-padded\">Hvis Ukraina mister byen til Russland, vil det v\u00e6re et tilbakeslag for \u00e5 f\u00e5 forsyninger frem til de ukrainske soldatene som ligger i skyttergravene langs \u00f8stfronten.<\/p>\n<p>Vis merForsyningslinjene under press<\/p>\n<p class=\"_paragraph_o9xde_4 _paragraph_xtcu6_10 layout-component text-serif-m layout-normal text-serif-m layout-padded\">Situasjonen rundt Pokrovsk har blitt kritisk. Den viktige byen, som ligger i Donetsk-regionen, er nesten helt omringet av russiske styrker.<\/p>\n<p class=\"_paragraph_o9xde_4 _paragraph_xtcu6_10 layout-component text-serif-m layout-normal text-serif-m layout-padded\">\u2013 Forsyningslinjene til de ukrainske styrkene er under sterkt press, og det er umulig \u00e5 holde disse byene lenge under slike forhold, sier oberst Ants Kiviselg, sjef for Estlands etterretningssenter, sitert av <a href=\"https:\/\/rus.err.ee\/1609877734\/kiviselg-bez-proryva-na-peregovorah-situacija-na-fronte-ostanetsja-tjazheloj-dlja-ukrainy\" class=\"_link_o9xde_39\" rel=\"nofollow noopener\" target=\"_blank\">ERR<\/a>.<\/p>\n<p><img decoding=\"async\" alt=\"Bilde av Ants Kiviselg\" class=\"_image_ygndg_42\" height=\"60\" itemprop=\"image\" loading=\"lazy\"  src=\"https:\/\/www.europesays.com\/no\/wp-content\/uploads\/2025\/12\/3118e99e-fb36-46d6-8940-6e63ae32a7cc\"  width=\"40\"\/><strong class=\"_name_ygndg_51 title-serif-xs\">Ants Kiviselg<\/strong><\/p>\n<p class=\"_paragraph_o9xde_4 text-sans-m _description_ygndg_56\">Oberst <\/p>\n<p class=\"_paragraph_o9xde_4 _paragraph_xtcu6_10 layout-component text-serif-m layout-normal text-serif-m layout-padded\">Ukrainske enheter f\u00e5r n\u00e5 mye av forsyningene sine via lufttransport, ettersom de vanlige transportrutene er blitt for farlige \u00e5 bruke.<\/p>\n<p class=\"_paragraph_o9xde_4 _paragraph_xtcu6_10 layout-component text-serif-m layout-normal text-serif-m layout-padded\">Russiske styrker har ogs\u00e5 intensivert angrepene sine i flere andre omr\u00e5der. Forrige uke \u00f8kte aktiviteten i Kharkiv-regionen, rundt Vovchansk og Kupjansk, samt i Donetsk-regionen ved Siversk og i Zaporizjzja-regionen n\u00e6r Huliaipole, if\u00f8lge estiske myndigheter.<\/p>\n<p>   D\u00e5rlig v\u00e6r hjelper Russland<\/p>\n<p class=\"_paragraph_o9xde_4 _paragraph_xtcu6_10 layout-component text-serif-m layout-normal text-serif-m layout-padded\">De forverrede v\u00e6rforholdene spiller russerne i hendene, forklarer Kiviselg.<\/p>\n<p class=\"_paragraph_o9xde_4 _paragraph_xtcu6_10 layout-component text-serif-m layout-normal text-serif-m layout-padded\">\u2013 Droner spiller en n\u00f8kkelrolle i ukrainsk forsvar, og d\u00e5rlig sikt reduserer deres effektivitet betydelig. Som resultat er ukrainske styrker under sterkt press, og Russland har klart \u00e5 oppn\u00e5 lokale taktiske fremskritt, sier han.<\/p>\n<p><img alt=\"D\u00e5rlig v\u00e6r er d\u00e5rlig nytt for de ukrainske droneoperat\u00f8rene, advarer estiske forsvarsmyndigheter.  Foto: OLEG PETRASIUK \/ AFP \/ NTB\" class=\"_image_qp4xg_65 layout-component layout-normal\" data-fullscreen- data-track-element-type=\"Article image fullscreen\" data-track-name=\"ImageFullscreen\" decoding=\"async\" loading=\"lazy\" height=\"2179\" itemprop=\"image\"  src=\"https:\/\/www.europesays.com\/no\/wp-content\/uploads\/2025\/12\/015cbb50-e084-454c-bb23-937b085ad595\"  style=\"object-position:0% 0%\" width=\"3268\"\/>D\u00e5rlig v\u00e6r er d\u00e5rlig nytt for de ukrainske droneoperat\u00f8rene, advarer estiske forsvarsmyndigheter.  Foto: OLEG PETRASIUK \/ AFP \/ NTB<\/p>\n<p class=\"_paragraph_o9xde_4 _paragraph_xtcu6_10 layout-component text-serif-m layout-normal text-serif-m layout-padded\">Samtidig understreker den estiske obersten at Russland fortsatt har overtaket n\u00e5r det gjelder antall soldater, artilleri, ammunisjon og utstyr.<\/p>\n<p>Frykter ytterligere angrep p\u00e5 energinettet<\/p>\n<p class=\"_paragraph_o9xde_4 _paragraph_xtcu6_10 layout-component text-serif-m layout-normal text-serif-m layout-padded\">Ekspertene advarer om at Russland trolig vil trappe opp angrepene p\u00e5 Ukrainas energiinfrastruktur i vinter.<\/p>\n<p class=\"_paragraph_o9xde_4 _paragraph_xtcu6_10 layout-component text-serif-m layout-normal text-serif-m layout-padded\">Ukraina st\u00e5r overfor en energikrise som kan f\u00f8re til omfattende str\u00f8mbrudd i desember.<\/p>\n<p>Foto: SERGEI GAPON \/ AFP \/ NTB<\/p>\n<p class=\"_paragraph_o9xde_4 _paragraph_xtcu6_10 layout-component text-serif-m layout-normal text-serif-m layout-padded\"><strong class=\"_strong_o9xde_25\">Millioner av ukrainere risikerer \u00e5 g\u00e5 uten b\u00e5de str\u00f8m og varme n\u00e5r vinteren setter inn for fullt, har FNs utviklingssjef Auke Lootsma sagt til <a href=\"https:\/\/www.vg.no\/nyheter\/i\/JOWWyb\/ukraina-gaar-tom-for-stroem-rett-og-slett-daarlig-stilt\" data-track-element-type=\"Link\" data-track-id=\"link:JOWWyb\" class=\"_link_o9xde_39\" rel=\"nofollow noopener\" target=\"_blank\">VG<\/a>.<\/strong><\/p>\n<p class=\"_paragraph_o9xde_4 _paragraph_xtcu6_10 layout-component text-serif-m layout-normal text-serif-m layout-padded\">\u2013 I andre halvdel av november ble alle store varme- og vannkraftverk i Ukraina skadet, sier Kiviselg.<\/p>\n<p>   Ukraina fortsetter angrep p\u00e5 russisk territorium<\/p>\n<p class=\"_paragraph_o9xde_4 _paragraph_xtcu6_10 layout-component text-serif-m layout-normal text-serif-m layout-padded\">Samtidig fortsetter Ukraina \u00e5 sl\u00e5 til mot m\u00e5l inne i Russland. 17. november angrep ukrainske styrker Voronezj-regionen med ATACMS-raketter \u2013 rundt 250 kilometer fra frontlinjen.<\/p>\n<p class=\"_paragraph_o9xde_4 _paragraph_xtcu6_10 layout-component text-serif-m layout-normal text-serif-m layout-padded\">\u2013 Ukraina har ikke brukt raketter mot russisk territorium tidligere. Angrepet viser landets evne til \u00e5 ramme langt dypere i Russland, if\u00f8lge Kaju.<\/p>\n<p><img alt=\"Ukrainske soldater er under stort press for opprettholde forsvarslinjen. Samtidig rapporteres det om store tap blant russerne som i liten grad har klart \u00e5 rykke vestover det siste \u00e5ret.  Foto: SERGEY SHESTAK \/ EPA \/ NTB\" class=\"_image_qp4xg_65 layout-component layout-normal\" data-fullscreen- data-track-element-type=\"Article image fullscreen\" data-track-name=\"ImageFullscreen\" decoding=\"async\" loading=\"lazy\" height=\"2477\" itemprop=\"image\"  src=\"https:\/\/www.europesays.com\/no\/wp-content\/uploads\/2025\/12\/6d82c9b3-7bd8-45fa-8714-ec792b2c90a8\"  style=\"object-position:0% 0%\" width=\"3690\"\/>Ukrainske soldater er under stort press for opprettholde forsvarslinjen. Samtidig rapporteres det om store tap blant russerne som i liten grad har klart \u00e5 rykke vestover det siste \u00e5ret.  Foto: SERGEY SHESTAK \/ EPA \/ NTB<\/p>\n<p class=\"_paragraph_o9xde_4 _paragraph_xtcu6_10 layout-component text-serif-m layout-normal text-serif-m layout-padded\">Blant Ukrainas prioriterte m\u00e5l p\u00e5 russisk side er oljeraffinerier, kraftanlegg samt tidlige varslings- og luftvernsystemer.<\/p>\n<p class=\"_paragraph_o9xde_4 _paragraph_xtcu6_10 layout-component text-serif-m layout-normal text-serif-m layout-padded\">Til tross for en krevende situasjon mener eksperter at ingen av partene har oppn\u00e5dd st\u00f8rre fremgang de siste m\u00e5nedene. Fronten preges av sm\u00e5 erobringer og tap i en kontinuerlig fram og tilbake-bevegelse.<\/p>\n","protected":false},"excerpt":{"rendered":"Ukrainske forsyningslinjer under press og d\u00e5rlig v\u00e6r gir de russiske soldatene og Putin overtaket. Ukrainsk soldat g\u00e5r gjennom&hellip;\n","protected":false},"author":2,"featured_media":105463,"comment_status":"","ping_status":"","sticky":false,"template":"","format":"standard","meta":{"footnotes":""},"categories":[12],"tags":[20,21,24,25,15,179,22,23,13,30,28,29,14,16,26,27,42,43,44,45],"class_list":{"0":"post-105462","1":"post","2":"type-post","3":"status-publish","4":"format-standard","5":"has-post-thumbnail","7":"category-verden","8":"tag-breaking-news","9":"tag-breakingnews","10":"tag-featured-news","11":"tag-featurednews","12":"tag-headlines","13":"tag-krigen-i-ukraina","14":"tag-latest-news","15":"tag-latestnews","16":"tag-news","17":"tag-no","18":"tag-norge","19":"tag-norway","20":"tag-nyheter","21":"tag-overskrifter","22":"tag-top-stories","23":"tag-topstories","24":"tag-verden","25":"tag-world","26":"tag-world-news","27":"tag-worldnews"},"share_on_mastodon":{"url":"https:\/\/pubeurope.com\/@no\/115669858418538754","error":""},"_links":{"self":[{"href":"https:\/\/www.europesays.com\/no\/wp-json\/wp\/v2\/posts\/105462","targetHints":{"allow":["GET"]}}],"collection":[{"href":"https:\/\/www.europesays.com\/no\/wp-json\/wp\/v2\/posts"}],"about":[{"href":"https:\/\/www.europesays.com\/no\/wp-json\/wp\/v2\/types\/post"}],"author":[{"embeddable":true,"href":"https:\/\/www.europesays.com\/no\/wp-json\/wp\/v2\/users\/2"}],"replies":[{"embeddable":true,"href":"https:\/\/www.europesays.com\/no\/wp-json\/wp\/v2\/comments?post=105462"}],"version-history":[{"count":0,"href":"https:\/\/www.europesays.com\/no\/wp-json\/wp\/v2\/posts\/105462\/revisions"}],"wp:featuredmedia":[{"embeddable":true,"href":"https:\/\/www.europesays.com\/no\/wp-json\/wp\/v2\/media\/105463"}],"wp:attachment":[{"href":"https:\/\/www.europesays.com\/no\/wp-json\/wp\/v2\/media?parent=105462"}],"wp:term":[{"taxonomy":"category","embeddable":true,"href":"https:\/\/www.europesays.com\/no\/wp-json\/wp\/v2\/categories?post=105462"},{"taxonomy":"post_tag","embeddable":true,"href":"https:\/\/www.europesays.com\/no\/wp-json\/wp\/v2\/tags?post=105462"}],"curies":[{"name":"wp","href":"https:\/\/api.w.org\/{rel}","templated":true}]}}