{"id":105464,"date":"2025-12-06T00:45:34","date_gmt":"2025-12-06T00:45:34","guid":{"rendered":"https:\/\/www.europesays.com\/no\/105464\/"},"modified":"2025-12-06T00:45:34","modified_gmt":"2025-12-06T00:45:34","slug":"toffe-tider-i-byggebransjen-det-er-stusslig-a-ga-hjemme-uten-arbeid-innherred-no","status":"publish","type":"post","link":"https:\/\/www.europesays.com\/no\/105464\/","title":{"rendered":"T\u00f8ffe tider i byggebransjen: \u2013 Det er stusslig \u00e5 g\u00e5 hjemme uten arbeid &#8211; innherred.no"},"content":{"rendered":"<ol>\n<li><a href=\"https:\/\/news.google.com\/rss\/articles\/CBMisgFBVV95cUxPUEtyNzAzY3NrbXE2V3ZMMUlkWk96NkE2MWZZWk9zajRIQ1JHbzFHbjJ1VHM4TjFIcDZxMExwTGxPUzd5eDB4TzB0TkdUbm9JcjNud3RuQnRDU28xV0ZsdVNnQ1liWkdSOHdqNW1YT1E2ZDhnT2xidlJyS2JLTE1mdVlfRGR3X0RyUGNHVUlkQXJkdFpGVXp4QmIyMnlPU0FIRVc1U0ViQkZMdHJUazhSUldB?oc=5\" target=\"_blank\" rel=\"nofollow noopener\">T\u00f8ffe tider i byggebransjen: \u2013 Det er stusslig \u00e5 g\u00e5 hjemme uten arbeid<\/a>&nbsp;&nbsp;innherred.no<\/li>\n<li><a href=\"https:\/\/news.google.com\/rss\/articles\/CBMifkFVX3lxTFBPMzc3eWVJXzhoNTFIQVpYdzdXaUpvVEpJNXFlajZkTmJ1cDdxaG9DMUFWcnJQLU5SRU5PM3BaODcxZVU0YW9jVVVyeUFIODdGT2hsZUh5YXpDenFMV3U3Uy1aRnE1dk55U0RZV1A5SzYzaWdfeHRBb2lwRTJ3dw?oc=5\" target=\"_blank\" rel=\"nofollow noopener\">&#8211; Laveste niv\u00e5 p\u00e5 nesten to \u00e5r<\/a>&nbsp;&nbsp;Dagbladet<\/li>\n<li><a href=\"https:\/\/news.google.com\/rss\/articles\/CBMiqAFBVV95cUxNTmVMd2xKSV9MTE8yeXRsY05yRkFEVXNyRkhzbXE2UDRSZnNMNEZWY0RSTjBmOVh1ck15eUVwQTFQY1RZMERGWV9ZY2xpOEZyZnp2ZWdFcm1LcDZHYUJQOFBOYmw0NkhCQlBLX3BJaUtOS256WU5nMmN0RFVRRjB3LVA0QndKRDdGY3hPaTYyMnhWRHRqVzg2eXJ4VzlyWDlET1MxRFF2ZGk?oc=5\" target=\"_blank\" rel=\"nofollow noopener\">NHO: \u00c9n av fire norske bedrifter venter d\u00e5rligere tider<\/a>&nbsp;&nbsp;adressa.no<\/li>\n<li><a href=\"https:\/\/news.google.com\/rss\/articles\/CBMimgFBVV95cUxOSWFJX1VvZ25qcDdoai1nWXpUQmk3aEdudDZZT1VaemNJS3FJeFY3NVdOb3JQYnJJRy1qSzZiZWlMWHd1VC0ySTVQN2otVEo2cDM5ai1HZ3hLSm11Y3Q0T1FOQlhVY251THZVTmZrZy00elNYRTlRWXRwajhPY0NZTEkxVVloMHpwcGM0a3lzcHR1TG44eFZBNUl3?oc=5\" target=\"_blank\" rel=\"nofollow noopener\">D\u00f8rum: \u2013 Bekreftet at skattene ikke skal ned<\/a>&nbsp;&nbsp;Finansavisen<\/li>\n<li><a href=\"https:\/\/news.google.com\/rss\/articles\/CBMigwFBVV95cUxObHlkVkRVX1lCa2dBVGlodElpU196VGFtUlIzQjdfMHBYd29Kd2FCT2dJVDNoWDRVNXU3dlppRTUydEJjSS13QUJ0Mk03bnRxa2QycUxnTzU0WHZkbjlEeXZYZmI1WUVZVk4zWkRlVnVXUzBZSmdOemxFeVdhZUNVb1BEYw?oc=5\" target=\"_blank\" rel=\"nofollow noopener\">\u00d8konomi og n\u00e6ringliv, Politikk | N\u00e5r vi mister dem som bygger Norge<\/a>&nbsp;&nbsp;\u00d8stlendingen<\/li>\n<\/ol>\n","protected":false},"excerpt":{"rendered":"T\u00f8ffe tider i byggebransjen: \u2013 Det er stusslig \u00e5 g\u00e5 hjemme uten arbeid&nbsp;&nbsp;innherred.no &#8211; Laveste niv\u00e5 p\u00e5 nesten&hellip;\n","protected":false},"author":2,"featured_media":105465,"comment_status":"","ping_status":"","sticky":false,"template":"","format":"standard","meta":{"footnotes":""},"categories":[10],"tags":[20,21,24,25,15,22,23,13,30,28,29,14,16,26,27],"class_list":{"0":"post-105464","1":"post","2":"type-post","3":"status-publish","4":"format-standard","5":"has-post-thumbnail","7":"category-norge","8":"tag-breaking-news","9":"tag-breakingnews","10":"tag-featured-news","11":"tag-featurednews","12":"tag-headlines","13":"tag-latest-news","14":"tag-latestnews","15":"tag-news","16":"tag-no","17":"tag-norge","18":"tag-norway","19":"tag-nyheter","20":"tag-overskrifter","21":"tag-top-stories","22":"tag-topstories"},"share_on_mastodon":{"url":"https:\/\/pubeurope.com\/@no\/115669861943035804","error":""},"_links":{"self":[{"href":"https:\/\/www.europesays.com\/no\/wp-json\/wp\/v2\/posts\/105464","targetHints":{"allow":["GET"]}}],"collection":[{"href":"https:\/\/www.europesays.com\/no\/wp-json\/wp\/v2\/posts"}],"about":[{"href":"https:\/\/www.europesays.com\/no\/wp-json\/wp\/v2\/types\/post"}],"author":[{"embeddable":true,"href":"https:\/\/www.europesays.com\/no\/wp-json\/wp\/v2\/users\/2"}],"replies":[{"embeddable":true,"href":"https:\/\/www.europesays.com\/no\/wp-json\/wp\/v2\/comments?post=105464"}],"version-history":[{"count":0,"href":"https:\/\/www.europesays.com\/no\/wp-json\/wp\/v2\/posts\/105464\/revisions"}],"wp:featuredmedia":[{"embeddable":true,"href":"https:\/\/www.europesays.com\/no\/wp-json\/wp\/v2\/media\/105465"}],"wp:attachment":[{"href":"https:\/\/www.europesays.com\/no\/wp-json\/wp\/v2\/media?parent=105464"}],"wp:term":[{"taxonomy":"category","embeddable":true,"href":"https:\/\/www.europesays.com\/no\/wp-json\/wp\/v2\/categories?post=105464"},{"taxonomy":"post_tag","embeddable":true,"href":"https:\/\/www.europesays.com\/no\/wp-json\/wp\/v2\/tags?post=105464"}],"curies":[{"name":"wp","href":"https:\/\/api.w.org\/{rel}","templated":true}]}}