{"id":105466,"date":"2025-12-06T00:46:08","date_gmt":"2025-12-06T00:46:08","guid":{"rendered":"https:\/\/www.europesays.com\/no\/105466\/"},"modified":"2025-12-06T00:46:08","modified_gmt":"2025-12-06T00:46:08","slug":"netflix-storhandel-usikkerhet-om-sammenslaing-nettavisen","status":"publish","type":"post","link":"https:\/\/www.europesays.com\/no\/105466\/","title":{"rendered":"Netflix, Storhandel | Usikkerhet om sammensl\u00e5ing &#8211; Nettavisen"},"content":{"rendered":"<ol>\n<li><a href=\"https:\/\/news.google.com\/rss\/articles\/CBMimwFBVV95cUxQSTdTdXJhLUpOVkoxRnlzZmJhcmNaQVd6TjZVQmx1aExoUUZOc3VhREVESEpzTEo2SllLSm5nU0QyUDQ4WWhVajBsZnMxYk5TcWVkaWllSUNkRTN6VkZRUWJBaDJCUTdxNWZNb0pMOWJVdzhRaUE1SF9MRDNFQTVTRDF1RlRmWlhzZkd6cUQwX3EyWkpwOGVXa3FqTQ?oc=5\" target=\"_blank\" rel=\"nofollow noopener\">Netflix, Storhandel | Usikkerhet om sammensl\u00e5ing<\/a>&nbsp;&nbsp;Nettavisen<\/li>\n<li><a href=\"https:\/\/news.google.com\/rss\/articles\/CBMickFVX3lxTE0xblBZT0NvQW9HbkhzVzRtQjM3bzNORHgwUmlTX21JMUVmOFFTel9RS0dKZjJ1Rnh1VHZIWjZJakNGUm4zeGVFUWpDU1VsV0Y5NUxxTkl5dU5IZ0R3LXdabmxQMUVnNDhWaXNaVXVXWlZfdw?oc=5\" target=\"_blank\" rel=\"nofollow noopener\">Netflix kj\u00f8per Warner Bros \u2013 Siste nytt<\/a>&nbsp;&nbsp;NRK<\/li>\n<li><a href=\"https:\/\/news.google.com\/rss\/articles\/CBMi0AFBVV95cUxQRlBjZEZ6UVN3LWQ2OURFMDZGQlJzZHZ0MXVRczM1RnhxbXBndjlaUTVwNHBkWVhWaFR2VWxPWDNoSnczcGR1NmE1Ui13WVlpNmp3dURjeGpET3hoRDVGUmhrV1M3RzJjSkltNVZuclktSjd5UUpVYXFRYXJtVVp1a1VqY0xfWU03Z2U2QXJUSU1zZWlXdTBTbXRRaEdSdzdPcWhIckFacUoxTGpvVFNUcE0zbkhYd3VRM0twZmpPTjZRVklhV2hpRDJoYVBDQWZy?oc=5\" target=\"_blank\" rel=\"nofollow noopener\">Medier: USA pr\u00f8ver \u00e5 overtale EU til ikke \u00e5 bruke fryste russiske midler til Ukraina-hjelp<\/a>&nbsp;&nbsp;Aftenposten<\/li>\n<li><a href=\"https:\/\/news.google.com\/rss\/articles\/CBMimwFBVV95cUxOdE9NZm5YLUI0dHFwR1FSc296Vk9heVlxUXF6VFNSbkV5bWtubGJlZ194dm1XdkdmNmNvSEdEN01VYXR3dEhoRmhuQlNlOEhTal9LbF9jV0Nuak1rRllVajdfR2otcVFYQ0F3amtFVGhsbG03dEhkNHU0VzJCUHQ0MF93MXJYRTNVU0pCNDhEelVpYkVJTFlHLTdEYw?oc=5\" target=\"_blank\" rel=\"nofollow noopener\">Medier: Netflix vil kj\u00f8pe HBO Max \u2013 har startet forhandlinger<\/a>&nbsp;&nbsp;VG<\/li>\n<li><a href=\"https:\/\/news.google.com\/rss\/articles\/CBMixAFBVV95cUxOeWlFeFhPU05KUlE1N2NFVVhpdkF4ZVdvY25rOVJDS1Z6TTZjT0czNENxM3JnYnhxU3Y2Y2ItcUJKXzRhODRVRU1ra0x1LXl6QjZhakJUcmNab05rUTc4SjRqSzRrWllHRHBmZndVbmFBX09Qa2VQVlUwbUxldm1pYzQtZnBqdFJlcVBLQ2xRUWhWdGtBaDZKU2s5VVc1WTczNjB1a195aHZPUWE4OEZKMHgwLWZHdE1KWkd4LVFUQzNkS2lX?oc=5\" target=\"_blank\" rel=\"nofollow noopener\">Svak oppgang p\u00e5 Wall Street \u2013 Netflix senkes fem prosent etter gigantoppkj\u00f8p<\/a>&nbsp;&nbsp;Dagens N\u00e6ringsliv<\/li>\n<\/ol>\n","protected":false},"excerpt":{"rendered":"Netflix, Storhandel | Usikkerhet om sammensl\u00e5ing&nbsp;&nbsp;Nettavisen Netflix kj\u00f8per Warner Bros \u2013 Siste nytt&nbsp;&nbsp;NRK Medier: USA pr\u00f8ver \u00e5 overtale&hellip;\n","protected":false},"author":2,"featured_media":105467,"comment_status":"","ping_status":"","sticky":false,"template":"","format":"standard","meta":{"footnotes":""},"categories":[5],"tags":[20,21,24,25,15,19,22,23,17,18,13,30,28,29,14,16,26,27],"class_list":{"0":"post-105466","1":"post","2":"type-post","3":"status-publish","4":"format-standard","5":"has-post-thumbnail","7":"category-overskrifter","8":"tag-breaking-news","9":"tag-breakingnews","10":"tag-featured-news","11":"tag-featurednews","12":"tag-headlines","13":"tag-hovedoppslag","14":"tag-latest-news","15":"tag-latestnews","16":"tag-main-news","17":"tag-mainnews","18":"tag-news","19":"tag-no","20":"tag-norge","21":"tag-norway","22":"tag-nyheter","23":"tag-overskrifter","24":"tag-top-stories","25":"tag-topstories"},"share_on_mastodon":{"url":"https:\/\/pubeurope.com\/@no\/115669865818900628","error":""},"_links":{"self":[{"href":"https:\/\/www.europesays.com\/no\/wp-json\/wp\/v2\/posts\/105466","targetHints":{"allow":["GET"]}}],"collection":[{"href":"https:\/\/www.europesays.com\/no\/wp-json\/wp\/v2\/posts"}],"about":[{"href":"https:\/\/www.europesays.com\/no\/wp-json\/wp\/v2\/types\/post"}],"author":[{"embeddable":true,"href":"https:\/\/www.europesays.com\/no\/wp-json\/wp\/v2\/users\/2"}],"replies":[{"embeddable":true,"href":"https:\/\/www.europesays.com\/no\/wp-json\/wp\/v2\/comments?post=105466"}],"version-history":[{"count":0,"href":"https:\/\/www.europesays.com\/no\/wp-json\/wp\/v2\/posts\/105466\/revisions"}],"wp:featuredmedia":[{"embeddable":true,"href":"https:\/\/www.europesays.com\/no\/wp-json\/wp\/v2\/media\/105467"}],"wp:attachment":[{"href":"https:\/\/www.europesays.com\/no\/wp-json\/wp\/v2\/media?parent=105466"}],"wp:term":[{"taxonomy":"category","embeddable":true,"href":"https:\/\/www.europesays.com\/no\/wp-json\/wp\/v2\/categories?post=105466"},{"taxonomy":"post_tag","embeddable":true,"href":"https:\/\/www.europesays.com\/no\/wp-json\/wp\/v2\/tags?post=105466"}],"curies":[{"name":"wp","href":"https:\/\/api.w.org\/{rel}","templated":true}]}}