{"id":105470,"date":"2025-12-06T00:52:10","date_gmt":"2025-12-06T00:52:10","guid":{"rendered":"https:\/\/www.europesays.com\/no\/105470\/"},"modified":"2025-12-06T00:52:10","modified_gmt":"2025-12-06T00:52:10","slug":"etterforsker-dodsfall-ved-hustad-fengsel-dagbladet","status":"publish","type":"post","link":"https:\/\/www.europesays.com\/no\/105470\/","title":{"rendered":"Etterforsker d\u00f8dsfall ved Hustad fengsel &#8211; Dagbladet"},"content":{"rendered":"<ol>\n<li><a href=\"https:\/\/news.google.com\/rss\/articles\/CBMiigFBVV95cUxOS0VVQ2Y1Q29zLUNGMFQ0c1gtVkg2SWJqMmZGMGh0akd2djNRb3RYeTJDRktPOUExSEs4dFNITFEyMmlteWNZamx4MjUtZndQWHAzeHgtbnNOYUxZYk02NVhKcWZ0NWN6blNPc3dFazg3dXNVMUt3SGdEZUp2bTJVMnFFNkdmWjlvbHc?oc=5\" target=\"_blank\" rel=\"nofollow noopener\">Etterforsker d\u00f8dsfall ved Hustad fengsel<\/a>&nbsp;&nbsp;Dagbladet<\/li>\n<li><a href=\"https:\/\/news.google.com\/rss\/articles\/CBMilwFBVV95cUxPRGdRZTVEYUVlWWRGNU5wcWF0YTQyczFlRVdRaUtwck9ITXNrMi11TXZnVjlWSnpyUVZybjZwY1BrVml2N0dBZUtta0IwZmhWNndaSVV1cDdDNmlTcERobm16STRibU82RzJOSUlFaDY2RzkxUDdDZXJESEZMMDN5Um00cXVwdi1DMkFSM1pfczdDeHNQWEVR?oc=5\" target=\"_blank\" rel=\"nofollow noopener\">Etter\u00adlatte vurderer s\u00f8ksm\u00e5l etter d\u00f8dsfall i Hustad fengsel<\/a>&nbsp;&nbsp;NRK<\/li>\n<li><a href=\"https:\/\/news.google.com\/rss\/articles\/CBMiiwFBVV95cUxOMU80TWsxZDdNRHlkRmdTdG9TRkxEd01OdzVhX2ZsX0xKbFBUZ0NCR1R6cTAyOExuYXV4elhURXZYQXJDR3BPVGZqUUIyM2JWX0VkaFVxaGRBaVNkRkZzNnNnWWg5OFR0bmh5R28wSkJvaFA4ZFBkUlE5aERRLWVhd1RnV0dCWUgxelBV?oc=5\" target=\"_blank\" rel=\"nofollow noopener\">Etterforsker nytt d\u00f8dsfall i Hustad fengsel<\/a>&nbsp;&nbsp;rbnett.no<\/li>\n<li><a href=\"https:\/\/news.google.com\/rss\/articles\/CBMivgFBVV95cUxNSDVHZFJhaFF3NHpHZkR5OXNrZ2o5aUlLYURjUWdNQ2tGa0E4OFZiQ3BQTnJGR0o2ekNzSkpScnF5QnhpTF9VNXNCd3V5eDEyN3U5ZkdGTzBuQzQ3WWh2dThMb1B0ZVQ1WUJJUDNQTWxkaHVmNEx4WlZraVVGc1NjQjZ0dXN4RlNJX21kbjFUWGJvUVVuOTQxUDI3N3J0TjhueW9mUlhha05TZ0h6ZkM1dVNnaXF2S2x4YlpNS25n?oc=5\" target=\"_blank\" rel=\"nofollow noopener\">Etterforsker d\u00f8dsfall i Hustad fengsel: \u2013 Det var ikke et naturlig d\u00f8dsfall<\/a>&nbsp;&nbsp;Nettavisen<\/li>\n<li><a href=\"https:\/\/news.google.com\/rss\/articles\/CBMid0FVX3lxTE5wN3Jrcy1ZRjRTR3dNam1lTE5mZ3VOMGVISUVFdnhlY2xLVjdZampmRDFlQ0l2cndLV1hwcEdoNU03TzFlaS04V0JyVTFCbkcyVXlIcjR3Q3BDUXJuUFpJMm9kZHkxdUs4NFp3NkdETXVlaXRpNFQw?oc=5\" target=\"_blank\" rel=\"nofollow noopener\">(+) Etterforsker d\u00f8dsfall i fengsel<\/a>&nbsp;&nbsp;smp.no<\/li>\n<\/ol>\n","protected":false},"excerpt":{"rendered":"Etterforsker d\u00f8dsfall ved Hustad fengsel&nbsp;&nbsp;Dagbladet Etter\u00adlatte vurderer s\u00f8ksm\u00e5l etter d\u00f8dsfall i Hustad fengsel&nbsp;&nbsp;NRK Etterforsker nytt d\u00f8dsfall i Hustad&hellip;\n","protected":false},"author":2,"featured_media":105471,"comment_status":"","ping_status":"","sticky":false,"template":"","format":"standard","meta":{"footnotes":""},"categories":[10],"tags":[20,21,24,25,15,2539,22,23,13,30,28,29,14,16,26,27],"class_list":{"0":"post-105470","1":"post","2":"type-post","3":"status-publish","4":"format-standard","5":"has-post-thumbnail","7":"category-norge","8":"tag-breaking-news","9":"tag-breakingnews","10":"tag-featured-news","11":"tag-featurednews","12":"tag-headlines","13":"tag-innenriks","14":"tag-latest-news","15":"tag-latestnews","16":"tag-news","17":"tag-no","18":"tag-norge","19":"tag-norway","20":"tag-nyheter","21":"tag-overskrifter","22":"tag-top-stories","23":"tag-topstories"},"share_on_mastodon":{"url":"https:\/\/pubeurope.com\/@no\/115669889518460175","error":""},"_links":{"self":[{"href":"https:\/\/www.europesays.com\/no\/wp-json\/wp\/v2\/posts\/105470","targetHints":{"allow":["GET"]}}],"collection":[{"href":"https:\/\/www.europesays.com\/no\/wp-json\/wp\/v2\/posts"}],"about":[{"href":"https:\/\/www.europesays.com\/no\/wp-json\/wp\/v2\/types\/post"}],"author":[{"embeddable":true,"href":"https:\/\/www.europesays.com\/no\/wp-json\/wp\/v2\/users\/2"}],"replies":[{"embeddable":true,"href":"https:\/\/www.europesays.com\/no\/wp-json\/wp\/v2\/comments?post=105470"}],"version-history":[{"count":0,"href":"https:\/\/www.europesays.com\/no\/wp-json\/wp\/v2\/posts\/105470\/revisions"}],"wp:featuredmedia":[{"embeddable":true,"href":"https:\/\/www.europesays.com\/no\/wp-json\/wp\/v2\/media\/105471"}],"wp:attachment":[{"href":"https:\/\/www.europesays.com\/no\/wp-json\/wp\/v2\/media?parent=105470"}],"wp:term":[{"taxonomy":"category","embeddable":true,"href":"https:\/\/www.europesays.com\/no\/wp-json\/wp\/v2\/categories?post=105470"},{"taxonomy":"post_tag","embeddable":true,"href":"https:\/\/www.europesays.com\/no\/wp-json\/wp\/v2\/tags?post=105470"}],"curies":[{"name":"wp","href":"https:\/\/api.w.org\/{rel}","templated":true}]}}