{"id":105472,"date":"2025-12-06T00:58:39","date_gmt":"2025-12-06T00:58:39","guid":{"rendered":"https:\/\/www.europesays.com\/no\/105472\/"},"modified":"2025-12-06T00:58:39","modified_gmt":"2025-12-06T00:58:39","slug":"litauen-vil-erklaere-nasjonal-krise","status":"publish","type":"post","link":"https:\/\/www.europesays.com\/no\/105472\/","title":{"rendered":"Litauen vil erkl\u00e6re nasjonal krise"},"content":{"rendered":"<p>  Litauen vil erkl\u00e6re nasjonal krisetilstand p\u00e5 grunn av smuglerballonger fra Belarus som har krenket litauisk luftrom over tid og f\u00f8rt til stengte flyplasser.<\/p>\n<p>\n    En litauisk grensevakt inspiserer en ballong som er brukt til \u00e5 smugle sigaretter inn i landet fra Belarus. Foto: AP \/ NTB\n  <\/p>\n<p>\u2013 Vi forbereder n\u00e5 det juridiske grunnlaget og dokumentene, sier statsminister Inga Ruginiene.<\/p>\n<p>Hun kaller kriseerkl\u00e6ring \u00abden beste l\u00f8sningen akkurat n\u00e5\u00bb.<\/p>\n<p>En erkl\u00e6ring en nasjonal krise gj\u00f8r det mulig for regjeringen og lokale myndigheter \u00e5 sette inn ekstra ressurser for \u00e5 bekjempe ballongene.<\/p>\n<p>\u2013 Vi utelukker ikke \u00e5 g\u00e5 lenger, sier Ruginiene.<\/p>\n<p>\u00c5 erkl\u00e6re unntakstilstand er et mulig sterkere tiltak.<\/p>\n<p>    <a itemprop=\"url\" href=\"https:\/\/sol.no\/nyheter\/medier-norge-kjoper-to-nye-ubater-og-flere-raketter\/83942733\" rel=\"nofollow noopener\" target=\"_blank\"><\/p>\n<p>      <img loading=\"lazy\" decoding=\"async\" src=\"https:\/\/www.europesays.com\/no\/wp-content\/uploads\/2025\/12\/83942763.webp\" width=\"980\" height=\"441\" title=\"Medier: Norge kj\u00f8per to nye ub\u00e5ter og flere raketter\" alt=\"\" class=\"lazyload\" style=\"--aspect-ratio-image: 2.22; \"\/><\/p>\n<p>        Medier: Norge kj\u00f8per to nye ub\u00e5ter og flere raketter<\/p>\n<p>sol.no<\/p>\n<p>    <\/a><\/p>\n<p>Som f\u00f8lge av smuglerballongene har Litauens to st\u00f8rste flyplasser, i Vilnius og Kaunas, ved flere anledninger blitt tvunget til \u00e5 stanse flytrafikken. Onsdag ble flyplassen i hovedstaden Vilnius stengt p\u00e5 grunn av mistanke om ballonger i luftrommet.<\/p>\n<p>Litauiske myndigheter sier at ballongene, som flyr opptil ti kilometer h\u00f8yt, bevisst sendes opp n\u00e6r flyplassene. De mener det utgj\u00f8r et angrep p\u00e5 landets sivile luftfart.<\/p>\n<p>Selv om ballongene, som inneholder sigaretter, lenge har blitt brukt av smuglere, har de f\u00f8rst de siste m\u00e5nedene f\u00f8rt til stenging av flyplasser.<\/p>\n<p>Baltikum-staten, som er medlem av Nato og EU, har lenge anklaget Belarus for \u00e5 drive \u00abhybrid krigf\u00f8ring\u00bb. Aktiviteten \u00f8kte i oktober og f\u00f8rte til at Litauen stengte sine to grenseoverganger til Belarus i slutten av m\u00e5neden.<\/p>\n<p>EU vurderer \u00e5 innf\u00f8re sanksjoner mot Belarus p\u00e5 grunn av ballongene.<\/p>\n","protected":false},"excerpt":{"rendered":"Litauen vil erkl\u00e6re nasjonal krisetilstand p\u00e5 grunn av smuglerballonger fra Belarus som har krenket litauisk luftrom over tid&hellip;\n","protected":false},"author":2,"featured_media":105473,"comment_status":"","ping_status":"","sticky":false,"template":"","format":"standard","meta":{"footnotes":""},"categories":[12],"tags":[1065,20,21,24,25,15,148,22,23,8156,13,30,28,29,14,16,26,27,42,43,44,45],"class_list":{"0":"post-105472","1":"post","2":"type-post","3":"status-publish","4":"format-standard","5":"has-post-thumbnail","7":"category-verden","8":"tag-belarus","9":"tag-breaking-news","10":"tag-breakingnews","11":"tag-featured-news","12":"tag-featurednews","13":"tag-headlines","14":"tag-kriminalitet","15":"tag-latest-news","16":"tag-latestnews","17":"tag-litauen","18":"tag-news","19":"tag-no","20":"tag-norge","21":"tag-norway","22":"tag-nyheter","23":"tag-overskrifter","24":"tag-top-stories","25":"tag-topstories","26":"tag-verden","27":"tag-world","28":"tag-world-news","29":"tag-worldnews"},"share_on_mastodon":{"url":"https:\/\/pubeurope.com\/@no\/115669913239836209","error":""},"_links":{"self":[{"href":"https:\/\/www.europesays.com\/no\/wp-json\/wp\/v2\/posts\/105472","targetHints":{"allow":["GET"]}}],"collection":[{"href":"https:\/\/www.europesays.com\/no\/wp-json\/wp\/v2\/posts"}],"about":[{"href":"https:\/\/www.europesays.com\/no\/wp-json\/wp\/v2\/types\/post"}],"author":[{"embeddable":true,"href":"https:\/\/www.europesays.com\/no\/wp-json\/wp\/v2\/users\/2"}],"replies":[{"embeddable":true,"href":"https:\/\/www.europesays.com\/no\/wp-json\/wp\/v2\/comments?post=105472"}],"version-history":[{"count":0,"href":"https:\/\/www.europesays.com\/no\/wp-json\/wp\/v2\/posts\/105472\/revisions"}],"wp:featuredmedia":[{"embeddable":true,"href":"https:\/\/www.europesays.com\/no\/wp-json\/wp\/v2\/media\/105473"}],"wp:attachment":[{"href":"https:\/\/www.europesays.com\/no\/wp-json\/wp\/v2\/media?parent=105472"}],"wp:term":[{"taxonomy":"category","embeddable":true,"href":"https:\/\/www.europesays.com\/no\/wp-json\/wp\/v2\/categories?post=105472"},{"taxonomy":"post_tag","embeddable":true,"href":"https:\/\/www.europesays.com\/no\/wp-json\/wp\/v2\/tags?post=105472"}],"curies":[{"name":"wp","href":"https:\/\/api.w.org\/{rel}","templated":true}]}}