{"id":105478,"date":"2025-12-06T01:12:50","date_gmt":"2025-12-06T01:12:50","guid":{"rendered":"https:\/\/www.europesays.com\/no\/105478\/"},"modified":"2025-12-06T01:12:50","modified_gmt":"2025-12-06T01:12:50","slug":"teori-vekker-oppsikt","status":"publish","type":"post","link":"https:\/\/www.europesays.com\/no\/105478\/","title":{"rendered":"Teori vekker oppsikt"},"content":{"rendered":"<p class=\"kicker \" style=\"\">Dramatisk stup<\/p>\n<p>  Ekspert mener en hendelse i verdensrommet for flere millioner \u00e5r siden kan v\u00e6re grunnen til en dramatisk situasjon med et passasjerfly nylig.<\/p>\n<p>\n    30. oktober falt et JetBlue-fly br\u00e5tt flere tusen fot. Flere teorier har versert om \u00e5rsaken. Foto: Nicolas Economou \/ NurPhoto \/ Shutterstock \/ NTB\n  <\/p>\n<p>30. oktober ble det drama i lufta da et Airbus A320-fly fra JetBlue plutselig stupte flere tusen fot.<\/p>\n<p>Flyet var p\u00e5 vei fra Mexico til New Jersey, men m\u00e5tte n\u00f8dlande i Tampa i Florida. 15-20 personer ble sendt til sykehus. Enkelte hadde bl\u00f8dende hodeskader, if\u00f8lge <a href=\"https:\/\/nypost.com\/2025\/12\/04\/us-news\/nj-bound-plane-that-plunged-and-injured-15-was-likely-hit-by-cosmic-rays-from-exploding-star\/\" rel=\"nofollow noopener\" target=\"_blank\">New York Post<\/a>. Ingen ble livstruende skadet, if\u00f8lge flere medier.<\/p>\n<p>Massiv tilbakekalling\t<\/p>\n<p>Hendelsen fikk alarmen til \u00e5 g\u00e5 i Airbus, som gjennomf\u00f8rte en historisk stor tilbakekalling.<\/p>\n<p>Nesten alle selskapets rundt 6000\u00a0fly\u00a0av modell A320 ble ber\u00f8rt, og luftfartsmyndigheter rundt om i verden stanset all bruk av denne modellen inntil problemet var l\u00f8st.<\/p>\n<p>    <a itemprop=\"url\" href=\"https:\/\/sol.no\/nyheter\/medier-norge-kjoper-to-nye-ubater-og-flere-raketter\/83942733\" rel=\"nofollow noopener\" target=\"_blank\"><\/p>\n<p>      <img loading=\"lazy\" decoding=\"async\" src=\"https:\/\/www.europesays.com\/no\/wp-content\/uploads\/2025\/12\/1764983568_424_83942763.webp\" width=\"980\" height=\"441\" title=\"Medier: Norge kj\u00f8per to nye ub\u00e5ter og flere raketter\" alt=\"\" class=\"lazyload\" style=\"--aspect-ratio-image: 2.22; \"\/><\/p>\n<p>        Medier: Norge kj\u00f8per to nye ub\u00e5ter og flere raketter<\/p>\n<p>sol.no<\/p>\n<p>    <\/a><\/p>\n<p> Modell A320 er arbeidshesten til Airbus og er solgt til selskaper over hele verden. Flyet brukes blant andre av SAS, skriver NTB.<\/p>\n<p>Airbus meldte denne uka at nesten alle de 6000 flyene n\u00e5 har f\u00e5tt den n\u00f8dvendige oppdateringen.<\/p>\n<p>S\u00e5r tvil om Airbus-utsagn\t<\/p>\n<p>Selskapet sa i en <a href=\"https:\/\/www.airbus.com\/sites\/g\/files\/jlcbta136\/files\/2025-11\/airbus_update_on_a320_family_precautionary_fleet_action.pdf\" rel=\"nofollow noopener\" target=\"_blank\">pressemelding<\/a> denne uka at intens solstr\u00e5ling kan ha \u00f8delagt eller forstyrret \u00abdata som er kritiske for at flykontrollsystemene skal fungere\u00bb.<\/p>\n<p>Clive Dyer, en ekspert p\u00e5 romv\u00e6r og str\u00e5ling ved universitetet i Surrey, mener derimot at kosmisk str\u00e5ling kan ha v\u00e6rt \u00e5rsaken til hendelsen.\u00a0<\/p>\n<p>    <a itemprop=\"url\" href=\"https:\/\/sol.no\/nyheter\/dette-er-favorittene\/83941935\" rel=\"nofollow noopener\" target=\"_blank\"><\/p>\n<p>      <img loading=\"lazy\" decoding=\"async\" src=\"https:\/\/www.europesays.com\/no\/wp-content\/uploads\/2025\/12\/83941944.webp\" width=\"980\" height=\"441\" title=\"Dette er favorittene\" alt=\"\" class=\"lazyload\" style=\"--aspect-ratio-image: 2.22; \"\/><\/p>\n<p>        Dette er favorittene<\/p>\n<p>sol.no<\/p>\n<p>    <\/a><\/p>\n<p>Mer spesifikt tror han at h\u00f8yenergi-partikler fra en supernova, som har reist gjennom rommet i millioner av \u00e5r, rammet flyet.<\/p>\n<p>&#8211; Kosmiske str\u00e5ler kan p\u00e5virke moderne mikroelektronikk og endre tilstanden i en krets, sier han til <a href=\"https:\/\/www.space.com\/technology\/aerospace\/cosmic-ray-forces-airliner-emergency-landing\" rel=\"nofollow noopener\" target=\"_blank\">Space.com<\/a>.<\/p>\n<p>Dyers teori er ogs\u00e5 omtalt av <a href=\"https:\/\/people.com\/expert-says-cosmic-rays-caused-jetblue-flight-s-sudden-drop-not-solar-radiation-11862010\" rel=\"nofollow noopener\" target=\"_blank\">People<\/a> og <a href=\"https:\/\/nypost.com\/2025\/12\/04\/us-news\/nj-bound-plane-that-plunged-and-injured-15-was-likely-hit-by-cosmic-rays-from-exploding-star\/\" rel=\"nofollow noopener\" target=\"_blank\">New York Post<\/a>. Verken Airbus eller JetBlue har besvart Peoples henvendelser. <\/p>\n<p> Kosmisk str\u00e5ling skapes n\u00e5r enorme stjerner eksploderer ved slutten av sin levetid, som skyter partikler gjennom universet i lysets hastighet, skriver New York Post. <\/p>\n<p>&#8211; Mange fly kan f\u00e5 problemer\t<\/p>\n<p>Eksperten tviler p\u00e5 at solstr\u00e5ling var \u00e5rsaken, som Airbus oppgir, ettersom solstr\u00e5lingsniv\u00e5ene angivelig ikke var i n\u00e6rheten av h\u00f8ye nok den aktuelle dagen til \u00e5 for\u00e5rsake en slik forstyrrelse.<\/p>\n<p>    <a itemprop=\"url\" href=\"https:\/\/sol.no\/nyheter\/onlyfans-modell-domt-for-nav-svindel\/83941424\" rel=\"nofollow noopener\" target=\"_blank\"><\/p>\n<p>      <img loading=\"lazy\" decoding=\"async\" src=\"https:\/\/www.europesays.com\/no\/wp-content\/uploads\/2025\/12\/83941429.webp\" width=\"980\" height=\"441\" title=\"OnlyFans-modell d\u00f8mt for Nav-svindel\" alt=\"\" class=\"lazyload\" style=\"--aspect-ratio-image: 2.22; \"\/><\/p>\n<p>        OnlyFans-modell d\u00f8mt for Nav-svindel<\/p>\n<p>sol.no<\/p>\n<p>    <\/a><\/p>\n<p>Selv om solstr\u00e5lingen ikke var h\u00f8y 30. oktober, var den p\u00e5 et risikabelt h\u00f8yt niv\u00e5 to uker senere. Oppdateringen til Airbus gir s\u00e5nn sett mening, if\u00f8lge Dyer. Med en sol som har v\u00e6rt mer aktiv i det siste, \u00f8ker risikoen for alvorlige hendelser som f\u00f8lge av solstr\u00e5ling, if\u00f8lge Space.com<\/p>\n<p>&#8211; Du kan f\u00e5 store \u00f8kninger i partikkel-str\u00e5ling fra sola. De kan v\u00e6re tusen ganger sterkere enn kosmisk str\u00e5ling, og da kan mange fly f\u00e5 problemer, sier eksperten.<\/p>\n","protected":false},"excerpt":{"rendered":"Dramatisk stup Ekspert mener en hendelse i verdensrommet for flere millioner \u00e5r siden kan v\u00e6re grunnen til en&hellip;\n","protected":false},"author":2,"featured_media":105479,"comment_status":"","ping_status":"","sticky":false,"template":"","format":"standard","meta":{"footnotes":""},"categories":[12],"tags":[7649,20,21,24,25,5634,15,13212,22,23,301,13,30,28,29,14,16,26,27,42,43,44,45],"class_list":{"0":"post-105478","1":"post","2":"type-post","3":"status-publish","4":"format-standard","5":"has-post-thumbnail","7":"category-verden","8":"tag-airbus","9":"tag-breaking-news","10":"tag-breakingnews","11":"tag-featured-news","12":"tag-featurednews","13":"tag-flysikkerhet","14":"tag-headlines","15":"tag-jetblue","16":"tag-latest-news","17":"tag-latestnews","18":"tag-luftfart","19":"tag-news","20":"tag-no","21":"tag-norge","22":"tag-norway","23":"tag-nyheter","24":"tag-overskrifter","25":"tag-top-stories","26":"tag-topstories","27":"tag-verden","28":"tag-world","29":"tag-world-news","30":"tag-worldnews"},"share_on_mastodon":{"url":"https:\/\/pubeurope.com\/@no\/115669972220274119","error":""},"_links":{"self":[{"href":"https:\/\/www.europesays.com\/no\/wp-json\/wp\/v2\/posts\/105478","targetHints":{"allow":["GET"]}}],"collection":[{"href":"https:\/\/www.europesays.com\/no\/wp-json\/wp\/v2\/posts"}],"about":[{"href":"https:\/\/www.europesays.com\/no\/wp-json\/wp\/v2\/types\/post"}],"author":[{"embeddable":true,"href":"https:\/\/www.europesays.com\/no\/wp-json\/wp\/v2\/users\/2"}],"replies":[{"embeddable":true,"href":"https:\/\/www.europesays.com\/no\/wp-json\/wp\/v2\/comments?post=105478"}],"version-history":[{"count":0,"href":"https:\/\/www.europesays.com\/no\/wp-json\/wp\/v2\/posts\/105478\/revisions"}],"wp:featuredmedia":[{"embeddable":true,"href":"https:\/\/www.europesays.com\/no\/wp-json\/wp\/v2\/media\/105479"}],"wp:attachment":[{"href":"https:\/\/www.europesays.com\/no\/wp-json\/wp\/v2\/media?parent=105478"}],"wp:term":[{"taxonomy":"category","embeddable":true,"href":"https:\/\/www.europesays.com\/no\/wp-json\/wp\/v2\/categories?post=105478"},{"taxonomy":"post_tag","embeddable":true,"href":"https:\/\/www.europesays.com\/no\/wp-json\/wp\/v2\/tags?post=105478"}],"curies":[{"name":"wp","href":"https:\/\/api.w.org\/{rel}","templated":true}]}}