{"id":105480,"date":"2025-12-06T02:24:08","date_gmt":"2025-12-06T02:24:08","guid":{"rendered":"https:\/\/www.europesays.com\/no\/105480\/"},"modified":"2025-12-06T02:24:08","modified_gmt":"2025-12-06T02:24:08","slug":"vefsn-ulykker-bil-med-fem-personer-rullet-rundt-og-havnet-pa-taket","status":"publish","type":"post","link":"https:\/\/www.europesays.com\/no\/105480\/","title":{"rendered":"Vefsn, Ulykker | Bil med fem personer rullet rundt og havnet p\u00e5 taket"},"content":{"rendered":"\n<p>Klokken 23.33 fredag kveld melder politiet i Nordland i sin logg at det er utrykking til Hjart\u00e5sen tunnel i Vefsn, om lag 6,2 kilometer fra Mosj\u00f8en p\u00e5 f.v 78. <\/p>\n<p>\u2013 Det er en singelulykke med fem personer involvert, opplyser Ina Kristin Selfors ved operasjonssentralen.<\/p>\n<p><b>Det er ikke meldt om personskader.<\/b><\/p>\n<p>Bilen ligger utenfor veibanen. Den har rullet rundt og ligger p\u00e5 taket. <\/p>\n<p>Klokken 23.39 melder politiet at alle fem har kommet seg ut av bilen. <\/p>\n<p>\u2013 De er v\u00e5kne og snakker. Tre personer klager p\u00e5 smerter i nakke og rygg, opplyser Ina Kristin Selfors. <\/p>\n<p>Alle fem ble kj\u00f8rt til legevakt for sjekk. <\/p>\n<p>Det ble tatt midlertidig beslag i f\u00f8rerkortet til sj\u00e5f\u00f8ren. Politiet oppretter sak og vil etterforske \u00e5rsaken til ulykken.<\/p>\n<p>Bilberger kom til stedet og startet berging av bilen. <\/p>\n","protected":false},"excerpt":{"rendered":"Klokken 23.33 fredag kveld melder politiet i Nordland i sin logg at det er utrykking til Hjart\u00e5sen tunnel&hellip;\n","protected":false},"author":2,"featured_media":105481,"comment_status":"","ping_status":"","sticky":false,"template":"","format":"standard","meta":{"footnotes":""},"categories":[10],"tags":[36,20,21,24,25,15,22,23,13,30,28,29,14,16,1510,26,27,224,1204,1203],"class_list":{"0":"post-105480","1":"post","2":"type-post","3":"status-publish","4":"format-standard","5":"has-post-thumbnail","7":"category-norge","8":"tag-art","9":"tag-breaking-news","10":"tag-breakingnews","11":"tag-featured-news","12":"tag-featurednews","13":"tag-headlines","14":"tag-latest-news","15":"tag-latestnews","16":"tag-news","17":"tag-no","18":"tag-norge","19":"tag-norway","20":"tag-nyheter","21":"tag-overskrifter","22":"tag-story","23":"tag-top-stories","24":"tag-topstories","25":"tag-trafikk","26":"tag-ulykker","27":"tag-vefsn"},"share_on_mastodon":{"url":"https:\/\/pubeurope.com\/@no\/115670251235611183","error":""},"_links":{"self":[{"href":"https:\/\/www.europesays.com\/no\/wp-json\/wp\/v2\/posts\/105480","targetHints":{"allow":["GET"]}}],"collection":[{"href":"https:\/\/www.europesays.com\/no\/wp-json\/wp\/v2\/posts"}],"about":[{"href":"https:\/\/www.europesays.com\/no\/wp-json\/wp\/v2\/types\/post"}],"author":[{"embeddable":true,"href":"https:\/\/www.europesays.com\/no\/wp-json\/wp\/v2\/users\/2"}],"replies":[{"embeddable":true,"href":"https:\/\/www.europesays.com\/no\/wp-json\/wp\/v2\/comments?post=105480"}],"version-history":[{"count":0,"href":"https:\/\/www.europesays.com\/no\/wp-json\/wp\/v2\/posts\/105480\/revisions"}],"wp:featuredmedia":[{"embeddable":true,"href":"https:\/\/www.europesays.com\/no\/wp-json\/wp\/v2\/media\/105481"}],"wp:attachment":[{"href":"https:\/\/www.europesays.com\/no\/wp-json\/wp\/v2\/media?parent=105480"}],"wp:term":[{"taxonomy":"category","embeddable":true,"href":"https:\/\/www.europesays.com\/no\/wp-json\/wp\/v2\/categories?post=105480"},{"taxonomy":"post_tag","embeddable":true,"href":"https:\/\/www.europesays.com\/no\/wp-json\/wp\/v2\/tags?post=105480"}],"curies":[{"name":"wp","href":"https:\/\/api.w.org\/{rel}","templated":true}]}}