{"id":105496,"date":"2025-12-06T03:58:11","date_gmt":"2025-12-06T03:58:11","guid":{"rendered":"https:\/\/www.europesays.com\/no\/105496\/"},"modified":"2025-12-06T03:58:11","modified_gmt":"2025-12-06T03:58:11","slug":"meghan-tok-kontakt-med-faren-etter-amputasjon","status":"publish","type":"post","link":"https:\/\/www.europesays.com\/no\/105496\/","title":{"rendered":"Meghan tok kontakt med faren etter amputasjon"},"content":{"rendered":"\n<p class=\"_lead_o9xde_2 _lead_xtcu6_50 layout-component text-serif-m layout-normal text-serif-l layout-component layout-wide layout-padded _wide_17hqh_1 layout-padded\">Thomas Markle skal ha f\u00e5tt amputert benet i Filippinene.<\/p>\n<p><img alt=\" Foto: Jordan Strauss \/ AP \/ NTB\" class=\"_image_qp4xg_65 layout-component layout-wide\" data-fullscreen- data-track-element-type=\"Article image fullscreen\" data-track-name=\"ImageFullscreen\" fetchpriority=\"high\" decoding=\"sync\" loading=\"eager\" height=\"1866\" itemprop=\"image\"  src=\"https:\/\/www.europesays.com\/no\/wp-content\/uploads\/2025\/12\/ceb700b4-09f8-4c0b-8b6d-c4a61b5e61a5\"  style=\"object-position:0% 0%\" width=\"2988\"\/> Foto: Jordan Strauss \/ AP \/ NTB<\/p>\n<ul aria-hidden=\"true\" class=\"_images_ntbth_112\">\n<li><a class=\"_link_ntbth_117\" href=\"https:\/\/www.vg.no\/forfatter\/hege-varsi\" style=\"z-index:1\" title=\"Hege Varsi\" rel=\"nofollow noopener\" target=\"_blank\"><img alt=\"Bilde av Hege Varsi\" class=\"_image_ntbth_93\" fetchpriority=\"low\" loading=\"lazy\" decoding=\"async\" itemprop=\"image\"  src=\"https:\/\/www.europesays.com\/no\/wp-content\/uploads\/2025\/12\/1764993490_285_d48c09ee-ae08-4a71-8e5b-8db7c6b4f37d\"  width=\"480\"\/><\/a><\/li>\n<\/ul>\n<p> Oppdatert l\u00f8rdag 6. desember kl. 03:39     <\/p>\n<p class=\"_paragraph_o9xde_4 _paragraph_xtcu6_10 layout-component text-serif-m layout-normal text-serif-m layout-padded\"><a href=\"https:\/\/www.vg.no\/tag\/hertuginne-meghan?utm_source=vg-article&amp;utm_medium=auto-tagger&amp;utm_campaign=WvL07K\" class=\"_link_o9xde_39\" rel=\"nofollow noopener\" target=\"_blank\">Hertuginne Meghan<\/a> har fors\u00f8kt \u00e5 ta kontakt med sin far Thomas Markle, som er alvorlig syk, innlagt ved et sykehus i Filippinene, melder <a href=\"https:\/\/www.bbc.com\/news\/articles\/c0je4v8j0vzo\" class=\"_link_o9xde_39\" rel=\"nofollow noopener\" target=\"_blank\">BBC<\/a>.<\/p>\n<p class=\"_paragraph_o9xde_4 _paragraph_xtcu6_10 layout-component text-serif-m layout-normal text-serif-m layout-padded\">\u2013 Jeg kan bekrefte at hun har tatt kontakt med faren sin, sier en talsperson for Meghan.<\/p>\n<p class=\"_paragraph_o9xde_4 _paragraph_xtcu6_10 layout-component text-serif-m layout-normal text-serif-m layout-padded\">Thomas Markle skal if\u00f8lge rapporter ha f\u00e5tt amputert benet under en operasjon. <\/p>\n<p class=\"_paragraph_o9xde_4 _paragraph_xtcu6_10 layout-component text-serif-m layout-normal text-serif-m layout-padded\">If\u00f8lge BBC skal Meghan ha fors\u00f8kt \u00e5 f\u00e5 kontakt med sin far fredag norsk tid, men det er uklart om fors\u00f8ket var vellykket.<\/p>\n<p class=\"_paragraph_o9xde_4 _paragraph_xtcu6_10 layout-component text-serif-m layout-normal text-serif-m layout-padded\">Forholdet mellom Meghan og faren br\u00f8t sammen i forkant av <a href=\"https:\/\/www.vg.no\/rampelys\/i\/Ql05Aq\/stormende-jubel-for-brudeparet-i-windsors-gater\" data-track-element-type=\"Link\" data-track-id=\"link:Ql05Aq\" class=\"_link_o9xde_39\" rel=\"nofollow noopener\" target=\"_blank\">bryllupet hennes med prins Harry i 2018<\/a>. Thomas Markle ble da avsl\u00f8rt for \u00e5 ha samarbeidet med fotografer som <a href=\"https:\/\/www.vg.no\/rampelys\/i\/7dBXeo\/hertuginne-meghans-far-til-sak-etter-samarbeid-om-falske-paparazzi-bilder\" data-track-element-type=\"Link\" data-track-id=\"link:7dBXeo\" class=\"_link_o9xde_39\" rel=\"nofollow noopener\" target=\"_blank\">betalte ham for bilder<\/a> som skulle vise brudgommens far forberede seg til bryllupet.<\/p>\n<p class=\"_paragraph_o9xde_4 _paragraph_xtcu6_10 layout-component text-serif-m layout-normal text-serif-m layout-padded\">Som f\u00f8lge av skandalen trakk han seg fra datterens bryllup bare dager f\u00f8r seremonien i Windsor. Kong Charles, som da var prins av Wales, fulgte i stedet Meghan opp kirkegulvet.<\/p>\n<p><img alt=\"Hertuginne Meghan med ektemannen, prins Harry.   Foto: FACUNDO ARRIZABALAGA \/ EPA \/ NTB\" class=\"_image_qp4xg_65 layout-component layout-normal\" data-fullscreen- data-track-element-type=\"Article image fullscreen\" data-track-name=\"ImageFullscreen\" decoding=\"async\" loading=\"lazy\" height=\"2524\" itemprop=\"image\"  src=\"https:\/\/www.europesays.com\/no\/wp-content\/uploads\/2025\/12\/3212cb1a-ead6-4294-ae61-699ae2ec180d\"  style=\"object-position:0% 0%\" width=\"3543\"\/>Hertuginne Meghan med ektemannen, prins Harry.   Foto: FACUNDO ARRIZABALAGA \/ EPA \/ NTB<\/p>\n<p class=\"_paragraph_o9xde_4 _paragraph_xtcu6_10 layout-component text-serif-m layout-normal text-serif-m layout-padded\">If\u00f8lge BBC skal Thomas Markle aldri ha m\u00f8tt Harry og Meghans barn, prins Archie og prinsesse Lilibet. Markle <a href=\"https:\/\/www.vg.no\/rampelys\/i\/nwrEVL\/meghan-markles-far-truer-datteren-med-soeksmaal\" data-track-element-type=\"Link\" data-track-id=\"link:nwrEVL\" class=\"_link_o9xde_39\" rel=\"nofollow noopener\" target=\"_blank\">truet p\u00e5 et tidspunkt med s\u00f8ksm\u00e5l<\/a> mot datteren og prins Harry for \u00e5 f\u00e5 treffe barnebarna sine. <\/p>\n<p class=\"_paragraph_o9xde_4 _paragraph_xtcu6_10 layout-component text-serif-m layout-normal text-serif-m layout-padded\">Han har tidligere kritisert datterens og svigers\u00f8nnens beslutning om \u00e5 trekke seg tilbake fra kongelige plikter.<\/p>\n<p class=\"_paragraph_o9xde_4 _paragraph_xtcu6_10 layout-component text-serif-m layout-normal text-serif-m layout-padded\">\u2013 Jeg tror de begge holder p\u00e5 \u00e5 bli fortapte sjeler, sa han blant i et intervju, if\u00f8lge BBC.<\/p>\n","protected":false},"excerpt":{"rendered":"Thomas Markle skal ha f\u00e5tt amputert benet i Filippinene. Foto: Jordan Strauss \/ AP \/ NTB Oppdatert l\u00f8rdag&hellip;\n","protected":false},"author":2,"featured_media":105497,"comment_status":"","ping_status":"","sticky":false,"template":"","format":"standard","meta":{"footnotes":""},"categories":[58],"tags":[71,1299,76,30,28,29,72,46],"class_list":{"0":"post-105496","1":"post","2":"type-post","3":"status-publish","4":"format-standard","5":"has-post-thumbnail","7":"category-underholdning","8":"tag-entertainment","9":"tag-hertuginne-meghan","10":"tag-kongelig","11":"tag-no","12":"tag-norge","13":"tag-norway","14":"tag-underholdning","15":"tag-vgai"},"share_on_mastodon":{"url":"https:\/\/pubeurope.com\/@no\/115670620908613432","error":""},"_links":{"self":[{"href":"https:\/\/www.europesays.com\/no\/wp-json\/wp\/v2\/posts\/105496","targetHints":{"allow":["GET"]}}],"collection":[{"href":"https:\/\/www.europesays.com\/no\/wp-json\/wp\/v2\/posts"}],"about":[{"href":"https:\/\/www.europesays.com\/no\/wp-json\/wp\/v2\/types\/post"}],"author":[{"embeddable":true,"href":"https:\/\/www.europesays.com\/no\/wp-json\/wp\/v2\/users\/2"}],"replies":[{"embeddable":true,"href":"https:\/\/www.europesays.com\/no\/wp-json\/wp\/v2\/comments?post=105496"}],"version-history":[{"count":0,"href":"https:\/\/www.europesays.com\/no\/wp-json\/wp\/v2\/posts\/105496\/revisions"}],"wp:featuredmedia":[{"embeddable":true,"href":"https:\/\/www.europesays.com\/no\/wp-json\/wp\/v2\/media\/105497"}],"wp:attachment":[{"href":"https:\/\/www.europesays.com\/no\/wp-json\/wp\/v2\/media?parent=105496"}],"wp:term":[{"taxonomy":"category","embeddable":true,"href":"https:\/\/www.europesays.com\/no\/wp-json\/wp\/v2\/categories?post=105496"},{"taxonomy":"post_tag","embeddable":true,"href":"https:\/\/www.europesays.com\/no\/wp-json\/wp\/v2\/tags?post=105496"}],"curies":[{"name":"wp","href":"https:\/\/api.w.org\/{rel}","templated":true}]}}