{"id":105499,"date":"2025-12-06T04:06:11","date_gmt":"2025-12-06T04:06:11","guid":{"rendered":"https:\/\/www.europesays.com\/no\/105499\/"},"modified":"2025-12-06T04:06:11","modified_gmt":"2025-12-06T04:06:11","slug":"livsstil-kjendis-aurora-gude-etter-bruddet-det-er-hardt","status":"publish","type":"post","link":"https:\/\/www.europesays.com\/no\/105499\/","title":{"rendered":"Livsstil, Kjendis | Aurora Gude etter bruddet: \u2013 Det er hardt"},"content":{"rendered":"\n<p>(<a href=\"https:\/\/www.nettavisen.no\/kjendis\/aurora-gude-etter-bruddet-forlovet-med-meg-selv\/s\/5-95-2763827?fbclid=IwY2xjawOflzZleHRuA2FlbQIxMABicmlkETE5aTNJS3kzZWRjMkU4c1ZEc3J0YwZhcHBfaWQQMjIyMDM5MTc4ODIwMDg5MgABHpBxxRLdL-FnQUkvHv5cjiAFqPlIteqg7dvQ7wjIivsrVfge4LU27hkHBi2u_aem_eLn5xO1DPt-UM3bWI9FZQg\" rel=\"Follow nofollow noopener\" target=\"_blank\">Nettavisen<\/a>) Influenser og TV-profil Aurora Gude (33) avsl\u00f8rte tidligere i \u00e5r at <a rel=\"Follow nofollow noopener\" href=\"https:\/\/www.nettavisen.no\/kjendis\/aurora-gude-folte-seg-presset-av-vg-om-kjareste-veldig-dumt\/s\/5-95-2382017\" target=\"_blank\">hun hadde funnet tonen med en fyr <\/a>hun holdt hemmelig.<\/p>\n<p>I oktober bekreftet hun til Nettavisen at <a rel=\"Follow nofollow noopener\" href=\"https:\/\/www.nettavisen.no\/kjendis\/aurora-gude-roper-brudd\/s\/5-95-2684813\" target=\"_blank\">forholdet hadde tatt slutt. <\/a><\/p>\n<p>\u2013 Jeg har knapt rukket \u00e5 kjenne p\u00e5 hvordan det er, men det er veldig tungt. Det er brutalt fordi man er med et menneske s\u00e5 mye og s\u00e5 skal man ikke v\u00e6re det, sa hun den gang.<\/p>\n<p><b><a rel=\"Follow nofollow noopener\" href=\"https:\/\/www.nettavisen.no\/kjendis\/bearbeidet-tanken-pa-a-selge-i-ett-ar-som-a-komme-over-en-eks\/s\/5-95-2733000\" target=\"_blank\">Les ogs\u00e5: Aurora Gude flytter: \u2013 Som \u00e5 komme over en eks<\/a><\/b><\/p>\n<p>Da Nettavisen m\u00f8tte Gude under Viaplays v\u00e5rlansering, delte hun \u00e5pent om det nylige bruddet.<\/p>\n<p>\u2013 En prosess<\/p>\n<p>Overfor Nettavisen forteller Gude, som bor i Lier, at den siste tiden har v\u00e6rt krevende, men at hun n\u00e5 st\u00e5r midt i en omfattende prosess med \u00e5 kj\u00f8pe en ny bolig \u2013 noe som gir henne glede i hverdagen.<\/p>\n<p>\u2013 Jeg st\u00e5r oppreist. Jeg skulle noen ganger \u00f8nske man bare kunne spole over og bli ferdig, men alt er en prosess. Jeg har satt livet litt i sving. Jeg selger og kj\u00f8per ny bolig, jeg har f\u00e5tt ny valp, s\u00e5 jeg jobber for \u00e5 f\u00e5 ny inspirasjon og glede, sier 33-\u00e5ringen til Nettavisen.<\/p>\n<p>Hun sier videre at hun fors\u00f8ker \u00e5 prioritere seg selv, og fokusere p\u00e5 de positive tingene i livet.<\/p>\n<p>\u2013 Det er hardt. I slike situasjoner m\u00e5 man velge seg selv, men det er ikke alltid like lett. Man m\u00e5 gj\u00f8re det som gj\u00f8r en selv bra og godt. Men det g\u00e5r fremover, og jeg ser veldig fram til jul.<\/p>\n<p>    Vil du se neste video?<\/p>\n<p>    <a href=\"https:\/\/www.dt.no\/klarer-eline-og-arild-oppkjoringen\/v\/5-57-2524846\" class=\"recommend-poster\" data-adp-clicklabel=\"video-recommend\" data-adp-clickvalue=\"poster\" rel=\"nofollow noopener\" target=\"_blank\"><br \/>\n      <img decoding=\"async\" width=\"200\" height=\"200\" loading=\"lazy\" src=\"https:\/\/www.europesays.com\/no\/wp-content\/uploads\/2025\/12\/Titler.00_00_00_04.Still397.png\" alt=\"\" class=\"brick-c-cFOWSL\" style=\"--brick-image-ratio: 200 \/ 200;\"\/><\/p>\n<p>Klarer Eline og Arild oppkj\u00f8ringen?2:59<\/p>\n<p>    <\/a><\/p>\n<p>Ikke klar for dating<\/p>\n<p>33-\u00e5ringen har forel\u00f8pig ikke tatt steget ut p\u00e5 datingmarkedet, noe hun synes virker skummelt.<\/p>\n<p>\u2013 Nei, jeg har ikke startet med dating enda. Det er litt skummelt og. Jeg har ikke \u00e5pnet hjertet mitt enda. Jeg er forlovet med meg selv akkurat n\u00e5. Det er personen jeg stoler p\u00e5 og er knyttet til, sier Gude til Nettavisen. <\/p>\n<p><b>Les ogs\u00e5: <a rel=\"Follow nofollow noopener\" href=\"https:\/\/www.nettavisen.no\/kjendis\/silje-nordnes-deler-redd-for-a-bli-saret\/s\/5-95-2761867\" target=\"_blank\">Silje Nordnes \u00e5pner opp: \u2013 Har ikke mer \u00e5 gi<\/a><\/b><\/p>\n<p>Gude har flere krav til en framtidig partner, men understreker at det viktigste er \u00e5 finne noen som kan gi henne ekte kj\u00e6rlighet.<\/p>\n<p>\u2013 Jeg trenger en som er der for meg. Er det en ting jeg ser etter, s\u00e5 er det ubetinget kj\u00e6rlighet. Jeg \u00f8nsker ren kj\u00e6rlighet. Ikke fordi du n\u00f8dvendigvis skal ha noe tilbake selv. Og en som er her for meg, uansett hva, sier hun og avslutter:<\/p>\n<p>\u2013 Jeg har vokst opp med kj\u00e6rlighet der man er der for hverandre uansett hva som skjer. S\u00e5nn har vi alltid hatt det i min familie. Ingen som d\u00f8mmer eller blir sure om man gj\u00f8r en feil. Jeg trenger at noen sier at det g\u00e5r fint, og er her.<\/p>\n","protected":false},"excerpt":{"rendered":"(Nettavisen) Influenser og TV-profil Aurora Gude (33) avsl\u00f8rte tidligere i \u00e5r at hun hadde funnet tonen med en&hellip;\n","protected":false},"author":2,"featured_media":105500,"comment_status":"","ping_status":"","sticky":false,"template":"","format":"standard","meta":{"footnotes":""},"categories":[58],"tags":[36,71,479,5523,724,30,28,29,1510,72],"class_list":{"0":"post-105499","1":"post","2":"type-post","3":"status-publish","4":"format-standard","5":"has-post-thumbnail","7":"category-underholdning","8":"tag-art","9":"tag-entertainment","10":"tag-kjendis","11":"tag-lier","12":"tag-livsstil","13":"tag-no","14":"tag-norge","15":"tag-norway","16":"tag-story","17":"tag-underholdning"},"share_on_mastodon":{"url":"https:\/\/pubeurope.com\/@no\/115670652387962877","error":""},"_links":{"self":[{"href":"https:\/\/www.europesays.com\/no\/wp-json\/wp\/v2\/posts\/105499","targetHints":{"allow":["GET"]}}],"collection":[{"href":"https:\/\/www.europesays.com\/no\/wp-json\/wp\/v2\/posts"}],"about":[{"href":"https:\/\/www.europesays.com\/no\/wp-json\/wp\/v2\/types\/post"}],"author":[{"embeddable":true,"href":"https:\/\/www.europesays.com\/no\/wp-json\/wp\/v2\/users\/2"}],"replies":[{"embeddable":true,"href":"https:\/\/www.europesays.com\/no\/wp-json\/wp\/v2\/comments?post=105499"}],"version-history":[{"count":0,"href":"https:\/\/www.europesays.com\/no\/wp-json\/wp\/v2\/posts\/105499\/revisions"}],"wp:featuredmedia":[{"embeddable":true,"href":"https:\/\/www.europesays.com\/no\/wp-json\/wp\/v2\/media\/105500"}],"wp:attachment":[{"href":"https:\/\/www.europesays.com\/no\/wp-json\/wp\/v2\/media?parent=105499"}],"wp:term":[{"taxonomy":"category","embeddable":true,"href":"https:\/\/www.europesays.com\/no\/wp-json\/wp\/v2\/categories?post=105499"},{"taxonomy":"post_tag","embeddable":true,"href":"https:\/\/www.europesays.com\/no\/wp-json\/wp\/v2\/tags?post=105499"}],"curies":[{"name":"wp","href":"https:\/\/api.w.org\/{rel}","templated":true}]}}