{"id":105509,"date":"2025-12-06T04:39:18","date_gmt":"2025-12-06T04:39:18","guid":{"rendered":"https:\/\/www.europesays.com\/no\/105509\/"},"modified":"2025-12-06T04:39:18","modified_gmt":"2025-12-06T04:39:18","slug":"ntnu-og-sintef-avduket-mikroskop-til-60-millioner","status":"publish","type":"post","link":"https:\/\/www.europesays.com\/no\/105509\/","title":{"rendered":"NTNU og Sintef avduket mikroskop til 60 millioner"},"content":{"rendered":"<p>    &#8211; Forplikter fagmilj\u00f8ene til \u00e5 v\u00e6re i forskningsfronten, sier rektor Tor Grande.<\/p>\n<p>\n        Forskningssjef Rudie Spooren, rektor Tor Grande, og professor Randi Holmestad i forkant av avdukingen<br \/>\n        Foto: Kristoffer Rams\u00f8y Fredriksen\n    <\/p>\n<p>&#8211; Dette instrumentet er et samarbeid mellom Sintef og NTNU. Det er en del av det som kalles NORTEM, satt sammen av tre partnere: UiO, Sintef og NTNU, sier professor ved Institutt for fysikk, Randi Holmestad. <\/p>\n<p class=\"italic m-italic\" data-lab-italic=\"italic\">&#8211; Det har kommet veldig mange folk? <\/p>\n<p>&#8211; Det viser at vi blir lagt merke til, og det er kjempebra, sier hun. <\/p>\n<p> Mikroskopet, av typen JEOL GrandARM, er et transmisjonselektronmikroskop, alts\u00e5 et mikroskop som bruker elektroner i stedet for lys for \u00e5 lage bilder.\u00a0<\/p>\n<p>Holmestad gj\u00f8r et \u00e6rlig fors\u00f8k p\u00e5 \u00e5 forklare for en lekmann hvorfor dette er s\u00e5 spennende. <\/p>\n<p>&#8211; Du kan se avstanden mellom atomene, sier hun entusiastisk.<\/p>\n<p> Hun forteller at de allerede har et mikroskop for dette form\u00e5let, men at det n\u00e5 er utdatert. <\/p>\n<p>&#8211; Du kj\u00f8per ikke en bil fra 2011 hvis du skal konkurrere i et mesterskap, sier hun. <\/p>\n<p>Gir et klarere bilde av atomenes verden<\/p>\n<p>Hun sier mikroskopet har en spesiell funksjon.<\/p>\n<p>&#8211; Det gj\u00f8r at man kan energifiltrere diffraksjonsbilder. Da kan vi fjerne alle elektroner som er spredt, slik at vi kan gj\u00f8re simuleringer og sammenligne med eksperimenter.<\/p>\n<p>&#8211; S\u00e5 bildet blir klarere?<\/p>\n<p>&#8211; Ja, eller du ser ting du ellers ikke ville sett. En atomisk verden.\u00a0<\/p>\n<p>                <img decoding=\"async\" src=\"https:\/\/www.europesays.com\/no\/wp-content\/uploads\/2025\/12\/424593.webp\" width=\"480\" height=\"274\" title=\"- Det er et instrument for de, i positiv forstand, \u00abnerdete\u00bb, sier Tor Grande.\" alt=\"\" loading=\"lazy\" style=\"\"\/><\/p>\n<p>\n            &#8211; Det er et instrument for de, i positiv forstand, \u00abnerdete\u00bb, sier Tor Grande.<br \/>\n            Foto: Benedikt Erikstad Javorovic\n        <\/p>\n<p> Rektor ved Tor Grande er storforn\u00f8yd med innkj\u00f8pet, og har tro p\u00e5 at fagmilj\u00f8et ved NTNU vil klare \u00e5 utnytte potensialet i mikroskopet. <\/p>\n<p>&#8211; Et slikt instrument forplikter fagmilj\u00f8ene til \u00e5 v\u00e6re i forskningsfronten, sier han.<\/p>\n<p> Dette er fagmilj\u00f8er som spenner fra ren kjemi og fysikk til utvikling av batteriteknologi og nye resirkulerbare legeringer. <\/p>\n<p class=\"italic m-italic\" data-lab-italic=\"italic\">&#8211; Det h\u00f8res ut som et instrument som hjelper NTNU med arbeidet med det gr\u00f8nne skiftet?<\/p>\n<p>&#8211; Absolutt, svarer Grande kontant.<\/p>\n<p>Anerkjennelse av fagmilj\u00f8et<\/p>\n<p> &#8211; F\u00f8rst og fremst er dette en anerkjennelse av fagmilj\u00f8et her ved NTNU. Dette er ikke det f\u00f8rste instrumentet som er kj\u00f8pt gjennom NORTEM-konsortiet, sier Grande. <\/p>\n<p>&#8211; Det er det fjerde, skyter Holmestad inn.<\/p>\n<p> NTNU har som m\u00e5l \u00e5 v\u00e6re en attraktiv arbeidsgiver for internasjonale forskere og medarbeidere, og samtidig tiltrekke seg h\u00f8yt kvalifiserte internasjonale studenter. Investeringer som dette bidrar til \u00e5 n\u00e5 disse m\u00e5lene, sier Grande. <\/p>\n<p>&#8211; \u00c5 ha et s\u00e5 avansert instrument gj\u00f8r oss konkurransedyktige. Det er heller ikke \u00e5 legge skjul p\u00e5 at det koster noen kroner.<\/p>\n<p>Kronene det kostet teller rundt 60 millioner. Selve instrumentet er finansiert av Norges forskningsr\u00e5d gjennom den nasjonale infrastrukturordningen, mens den spesialbygde laben er planlagt og finansiert av NTNU.<\/p>\n<p>&#8211; Det er brukt masse ressurser p\u00e5 \u00e5 bygge det rommet. For \u00e5 f\u00e5 dette til m\u00e5 vi ha stabil temperatur og stabil mekanikk. Vi har skjermet for alle typer felt som kommer inn. Der inne fungerer for eksempel ikke telefonen min, forklarer Holmestad. <\/p>\n<p>Viktig ogs\u00e5 for n\u00e6ringslivet<\/p>\n<p>                <img decoding=\"async\" src=\"https:\/\/www.europesays.com\/no\/wp-content\/uploads\/2025\/12\/445277.webp\" width=\"480\" height=\"557\" title=\"Forskningssjef Rudie Spooren forteller at dette mikroskopet lar dem se dypere enn noen gang f\u00f8r.\" alt=\"\" loading=\"lazy\" style=\"\"\/><\/p>\n<p>\n            Forskningssjef Rudie Spooren forteller at dette mikroskopet lar dem se dypere enn noen gang f\u00f8r.<br \/>\n            Foto: Sintef\n        <\/p>\n<p> Forskningssjef i Sintef, Rudie Spooren, er veldig forn\u00f8yd. Han forteller at instrumentet betyr mye; b\u00e5de for fagmilj\u00f8et, for forskerne og for n\u00e6ringslivet. <\/p>\n<p>&#8211; Det er et veldig kraftfullt instrument. Det \u00e5 kunne se de aller minste detaljene, som likevel har innvirkning p\u00e5 alt vi omgir oss med, er nettopp det dette instrumentet tillater oss. <\/p>\n<p> Han forklarer at for \u00e5 forst\u00e5 hvordan et produkt fungerer \u2013 for eksempel en st\u00f8tfanger p\u00e5 en bil \u2013 m\u00e5 du forst\u00e5 hvordan materialet i st\u00f8tfangeren fungerer. <\/p>\n<p>&#8211; For \u00e5 kunne gj\u00f8re det, m\u00e5 du se inn i materialet med den oppl\u00f8sningen vi jobber med her, sier han. <\/p>\n<p> N\u00e5r de har mulighet til det, kan de gjennomf\u00f8re sm\u00e5 endringer som betyr mye for resultatet. <\/p>\n<p>&#8211; Vi manipulerer materialet helt nede p\u00e5 atomskala for \u00e5 p\u00e5virke egenskapene til sluttproduktet. <\/p>\n<p class=\"italic m-italic\" data-lab-italic=\"italic\">&#8211; Jeg regner med det er viktig for NTNUs posisjon i m\u00f8te med n\u00e6ringslivet?<\/p>\n<p>&#8211; Ja, jeg tror for eksempel ikke at et selskap som Hydro Aluminium hadde v\u00e6rt det selskapet det er i dag uten denne typen instrumenter. De er blant de virkelig store brukerne av resultatene vi f\u00e5r ut av slike mikroskop. <\/p>\n<p>F\u00f8lg UA p\u00e5 <a href=\"https:\/\/www.facebook.com\/Universitetsavisa\" target=\"_blank\" rel=\"nofollow noopener\">Facebook<\/a> og <a href=\"https:\/\/www.instagram.com\/universitetsavisa\/\" target=\"_blank\" rel=\"nofollow noopener\">Instagram<\/a>.<\/p>\n<p><script async src=\"\/\/www.instagram.com\/embed.js\"><\/script><\/p>\n","protected":false},"excerpt":{"rendered":"&#8211; Forplikter fagmilj\u00f8ene til \u00e5 v\u00e6re i forskningsfronten, sier rektor Tor Grande. Forskningssjef Rudie Spooren, rektor Tor Grande,&hellip;\n","protected":false},"author":2,"featured_media":105510,"comment_status":"","ping_status":"","sticky":false,"template":"","format":"standard","meta":{"footnotes":""},"categories":[10],"tags":[20,21,24,25,15,22,23,13,30,28,29,14,16,26,27],"class_list":{"0":"post-105509","1":"post","2":"type-post","3":"status-publish","4":"format-standard","5":"has-post-thumbnail","7":"category-norge","8":"tag-breaking-news","9":"tag-breakingnews","10":"tag-featured-news","11":"tag-featurednews","12":"tag-headlines","13":"tag-latest-news","14":"tag-latestnews","15":"tag-news","16":"tag-no","17":"tag-norge","18":"tag-norway","19":"tag-nyheter","20":"tag-overskrifter","21":"tag-top-stories","22":"tag-topstories"},"share_on_mastodon":{"url":"https:\/\/pubeurope.com\/@no\/115670782314297312","error":""},"_links":{"self":[{"href":"https:\/\/www.europesays.com\/no\/wp-json\/wp\/v2\/posts\/105509","targetHints":{"allow":["GET"]}}],"collection":[{"href":"https:\/\/www.europesays.com\/no\/wp-json\/wp\/v2\/posts"}],"about":[{"href":"https:\/\/www.europesays.com\/no\/wp-json\/wp\/v2\/types\/post"}],"author":[{"embeddable":true,"href":"https:\/\/www.europesays.com\/no\/wp-json\/wp\/v2\/users\/2"}],"replies":[{"embeddable":true,"href":"https:\/\/www.europesays.com\/no\/wp-json\/wp\/v2\/comments?post=105509"}],"version-history":[{"count":0,"href":"https:\/\/www.europesays.com\/no\/wp-json\/wp\/v2\/posts\/105509\/revisions"}],"wp:featuredmedia":[{"embeddable":true,"href":"https:\/\/www.europesays.com\/no\/wp-json\/wp\/v2\/media\/105510"}],"wp:attachment":[{"href":"https:\/\/www.europesays.com\/no\/wp-json\/wp\/v2\/media?parent=105509"}],"wp:term":[{"taxonomy":"category","embeddable":true,"href":"https:\/\/www.europesays.com\/no\/wp-json\/wp\/v2\/categories?post=105509"},{"taxonomy":"post_tag","embeddable":true,"href":"https:\/\/www.europesays.com\/no\/wp-json\/wp\/v2\/tags?post=105509"}],"curies":[{"name":"wp","href":"https:\/\/api.w.org\/{rel}","templated":true}]}}