{"id":10551,"date":"2025-08-17T14:47:22","date_gmt":"2025-08-17T14:47:22","guid":{"rendered":"https:\/\/www.europesays.com\/no\/10551\/"},"modified":"2025-08-17T14:47:22","modified_gmt":"2025-08-17T14:47:22","slug":"kommentar-matpriser-matpriser-gar-i-taket-og-alle-toer-sine-hender","status":"publish","type":"post","link":"https:\/\/www.europesays.com\/no\/10551\/","title":{"rendered":"Kommentar, Matpriser | Matpriser g\u00e5r i taket, og alle toer sine hender"},"content":{"rendered":"\n<p>Og da snakker vi ikke s\u00e5nn revet ost. Eller ost i skiver. Neida, helt alminnelig murstein som du m\u00e5 rive og h\u00f8vle sj\u00f8l.<\/p>\n<p>Da er du ikke alene.<\/p>\n<p>I en sp\u00f8rreunders\u00f8kelse som Infact nylig gjorde for Nordlys sier 75 prosent at prisene er en utfordring for deres privat\u00f8konomi. 55 prosent av de spurte sier at de har kuttet kos-innkj\u00f8p p\u00e5 matbutikken for at pengene skal strekke til.<\/p>\n<p>S\u00e5 kan man kanskje p\u00e5st\u00e5 at i en verden der sult og elendighet r\u00e5r fra Sudan til Gaza, har nordmenn lite \u00e5 klage p\u00e5. Og at vi har godt av \u00e5 kaste mindre mat i dette landet.<\/p>\n<p>Men det vil v\u00e6re dumt. I alle fall hvis du er politiker som pr\u00f8ver \u00e5 vinne makt i h\u00f8st. Veldig mange f\u00f8lger lommebokas logikk n\u00e5r de stemmer.<\/p>\n<p>For 28 prosent av respondentene i Nordlys-m\u00e5lingen er personlig \u00f8konomi den viktigste saken for valget. Tett fulgt av helse og omsorg, og med skole og oppvekst p\u00e5 tredjeplass.<\/p>\n<p><b>Matvarepriser som g\u00e5r i taket er ingenting \u00e5 kimse av. Ikke engang komikere gidder \u00e5 le av dem.<\/b><\/p>\n<p>\u2013 Jeg var i butikken og s\u00e5 at en pakke salami kostet 64 kroner. Og det var \u00abtilbud\u00bb p\u00e5 bl\u00e5b\u00e6r. 60 kroner! Hva er det som skjer? sa Trine Lise Olsen til Nettavisen tidligere denne uken.<\/p>\n<p>Hun sitter med inntrykket av at matvarebaronene mesker seg p\u00e5 toppen med sin store fortjeneste. Mens politikerne innkaller dem til nye m\u00f8ter. For \u00e5 snakke litt strengt til dem, og s\u00e5nn.<\/p>\n<p>Det er et inntrykk som mange sitter igjen med. If\u00f8lge min egen svogerforskning i en tilfeldig samling av middelklassefolk, s\u00e5 er folk oppriktig forbannet.<\/p>\n<p><b>Og de vet ikke hvem de skal v\u00e6re forbannet p\u00e5.<\/b><\/p>\n<p>Er det St\u00f8re eller Reitan? Er det landbruksoppgj\u00f8ret eller den svake norske krona? Er det Norgesgruppen eller Coop? Er det Putin eller EU?<\/p>\n<p>Det er litt av alt. Men det blir jo litt komplisert \u00e5 tenke p\u00e5 den store helheten, n\u00e5r man ser p\u00e5 prisene i fiskedisken og lurer p\u00e5 om man heller skulle dorge etter fisken sj\u00f8l.<\/p>\n<p><b>Fisk er nemlig en av de varene, sammen med kakao, kaffe og frukt, som driver prisveksten historisk h\u00f8yt opp i juli. <\/b><\/p>\n<p><b>Det er tragikomisk i en kystnasjon, med lange og stolte fiskeritradisjoner.<\/b><\/p>\n<p>Siden \u00e5r 2000 er det kun \u00e9n gang prisveksten p\u00e5 mat har v\u00e6rt kraftigere i juli enn det vi har sett i sommer. P\u00e5 kun en m\u00e5ned har <a href=\"https:\/\/www.nettavisen.no\/okonomi\/ekstreme-prisokninger-skylder-pa-kiwi-og-rema\/s\/5-95-2560109\" rel=\"nofollow noopener\" target=\"_blank\">prisene \u00f8kt med 4,4 prosent.<\/a><\/p>\n<p>Siden i fjor har prisene \u00f8kt 5,6 prosent.<\/p>\n<p>Det er betydelig mer enn prisveksten som Ida Wolden Bache holder hellig. Den er p\u00e5 to prosent.<\/p>\n<p>F\u00e5r vi ikke den totale prisveksten ned til to prosent, blir boligl\u00e5net ditt heller ikke noe s\u00e6rlig billigere.<\/p>\n<p>Og det blir folk b\u00e5de fortvilt og forbannet av. Den fortvilelsen har tendens til \u00e5 f\u00e5 kraftige utslag i fav\u00f8r enten h\u00f8yre- eller venstrepopulister.<\/p>\n<p><b>Inflasjon beveger flere stemmer enn Israel. <\/b><\/p>\n<p>Det verste er at politikere fremst\u00e5r som handlingslammet n\u00e5r det gjelder matvarepriser.<\/p>\n<p>Formueskatt? Det har alle politikere en mengde av l\u00f8sninger for. Sp\u00f8r \u00e9n noenlunde oppmerksom velger om hva R\u00f8dt og Frp mener om formueskatt, s\u00e5 f\u00e5r du et noenlunde opplyst svar.<\/p>\n<p>De fleste har til og med f\u00e5tt med seg den store vekkelsen i KrF om formueskatt. Dag Inge Ulstein snakker lite om br\u00f8d og fisk, men d\u00e6ven han er fyrt om formueskatt.<\/p>\n<p>Vi har debattert formueskatt i m\u00e5nedsvis i dette landet n\u00e5. Dette er en skatt som ang\u00e5r en liten andel av oss, og utgj\u00f8r en relativt liten andel av den totale skattekaken i Norge.<\/p>\n<p><b>H\u00f8yre har satset alt p\u00e5 at formueskatt er en vinnersak for dem, og har styr debatten dit. H\u00f8yre har historisk svake m\u00e5linger. <\/b><\/p>\n<p>Objektivt sett p\u00e5virker matvarepriser en betydelig st\u00f8rre andel mennesker enn formueskatt.<\/p>\n<p><b>Objektivt sett burde prisen p\u00e5 en murstein med ost, og en flaske med First Price-saft, v\u00e6rt en av de viktigste sakene i valget 2025.<\/b><\/p>\n<p>Det er oppsiktsvekkende at det ikke er det.<\/p>\n","protected":false},"excerpt":{"rendered":"Og da snakker vi ikke s\u00e5nn revet ost. Eller ost i skiver. Neida, helt alminnelig murstein som du&hellip;\n","protected":false},"author":2,"featured_media":10552,"comment_status":"","ping_status":"","sticky":false,"template":"","format":"standard","meta":{"footnotes":""},"categories":[5],"tags":[36,20,21,2190,24,25,15,19,2191,266,22,23,17,18,1229,13,30,28,29,14,1533,16,26,27],"class_list":{"0":"post-10551","1":"post","2":"type-post","3":"status-publish","4":"format-standard","5":"has-post-thumbnail","7":"category-overskrifter","8":"tag-art","9":"tag-breaking-news","10":"tag-breakingnews","11":"tag-dyrtid","12":"tag-featured-news","13":"tag-featurednews","14":"tag-headlines","15":"tag-hovedoppslag","16":"tag-inflasjon","17":"tag-kommentar","18":"tag-latest-news","19":"tag-latestnews","20":"tag-main-news","21":"tag-mainnews","22":"tag-matpriser","23":"tag-news","24":"tag-no","25":"tag-norge","26":"tag-norway","27":"tag-nyheter","28":"tag-opinion","29":"tag-overskrifter","30":"tag-top-stories","31":"tag-topstories"},"share_on_mastodon":{"url":"","error":""},"_links":{"self":[{"href":"https:\/\/www.europesays.com\/no\/wp-json\/wp\/v2\/posts\/10551","targetHints":{"allow":["GET"]}}],"collection":[{"href":"https:\/\/www.europesays.com\/no\/wp-json\/wp\/v2\/posts"}],"about":[{"href":"https:\/\/www.europesays.com\/no\/wp-json\/wp\/v2\/types\/post"}],"author":[{"embeddable":true,"href":"https:\/\/www.europesays.com\/no\/wp-json\/wp\/v2\/users\/2"}],"replies":[{"embeddable":true,"href":"https:\/\/www.europesays.com\/no\/wp-json\/wp\/v2\/comments?post=10551"}],"version-history":[{"count":0,"href":"https:\/\/www.europesays.com\/no\/wp-json\/wp\/v2\/posts\/10551\/revisions"}],"wp:featuredmedia":[{"embeddable":true,"href":"https:\/\/www.europesays.com\/no\/wp-json\/wp\/v2\/media\/10552"}],"wp:attachment":[{"href":"https:\/\/www.europesays.com\/no\/wp-json\/wp\/v2\/media?parent=10551"}],"wp:term":[{"taxonomy":"category","embeddable":true,"href":"https:\/\/www.europesays.com\/no\/wp-json\/wp\/v2\/categories?post=10551"},{"taxonomy":"post_tag","embeddable":true,"href":"https:\/\/www.europesays.com\/no\/wp-json\/wp\/v2\/tags?post=10551"}],"curies":[{"name":"wp","href":"https:\/\/api.w.org\/{rel}","templated":true}]}}