{"id":105511,"date":"2025-12-06T04:46:13","date_gmt":"2025-12-06T04:46:13","guid":{"rendered":"https:\/\/www.europesays.com\/no\/105511\/"},"modified":"2025-12-06T04:46:13","modified_gmt":"2025-12-06T04:46:13","slug":"kostbare-ubater-vi-ma-ha-en-rebalansering-av-langtidsplanen-teknisk-ukeblad","status":"publish","type":"post","link":"https:\/\/www.europesays.com\/no\/105511\/","title":{"rendered":"Kostbare ub\u00e5ter: \u2013 Vi m\u00e5 ha en rebalansering av langtidsplanen &#8211; Teknisk Ukeblad"},"content":{"rendered":"<ol>\n<li><a href=\"https:\/\/news.google.com\/rss\/articles\/CBMimAFBVV95cUxPY0swNTJ0RV8tRXVSV2ZLNEhObnF5VnhKSjRwellyVzQ3RmRRMnpVdnNCNWR0OVRzR1NjZTRBSHZ5MkhDV2lXR2J6dUZHLWxZRG1vOXZCNkxsbGdpSjBZNVBoZFJTV2Nhc0otOWdGNk43N0owOGlFTXJDVEFSZVk3WnoybFI5eWFsd2U1cGt2ZEU4OU1yQ0l4Rw?oc=5\" target=\"_blank\" rel=\"nofollow noopener\">Kostbare ub\u00e5ter: \u2013 Vi m\u00e5 ha en rebalansering av langtidsplanen<\/a>&nbsp;&nbsp;Teknisk Ukeblad<\/li>\n<li><a href=\"https:\/\/news.google.com\/rss\/articles\/CBMiqgFBVV95cUxNREdSbHlZenBlQXJOeVViYUw5TUh5SnNidE5VZ3dCNlVKOTR6YjBHdmMtYXdUZkRMelQ4bmxLUmo5V1R4NnFaUXVtOVlfSG5KNjZUU1hlQ2VYV0N5anhkeDBPLWFvZXpXTXdEMXFqdi1ENFRIaXBVQXFiX0txSzFFam12cVNTNjB5aGs4ZWhkWFRPdUQzWWN0cnljLVBERFk0TU1JNjZwcEdJQQ?oc=5\" target=\"_blank\" rel=\"nofollow noopener\">Milliard\u00adinvesteringer: Regjeringen kj\u00f8per ub\u00e5ter og langtrekkende missiler<\/a>&nbsp;&nbsp;VG<\/li>\n<li><a href=\"https:\/\/news.google.com\/rss\/articles\/CBMiugFBVV95cUxNYjJBeDR3eWJPb1lRRFFqcFQ1TXlVUG1udTNBZk5rSkQ2b0hMekFlMlJ0dktDSGdTbUxqbVRTRkZkVVBFTVdPd1l1MmVhTFRaaFZRTWk4anZCSzhKSVlrcEhrdDVVU0FyNVdFNURhZk5ibTZHUlFHQXRVakpCVThBMjE2NnQ1WDFXQnRadmp5MkdHZlR6YmZ5UlZFYVJsN1BaOUN3ZkhWVllhYXlsaXJQdXY5eWx3U3FDa0E?oc=5\" target=\"_blank\" rel=\"nofollow noopener\">Investerer 19 milliarder p\u00e5 Forsvaret: Vil kj\u00f8pe langtrekkende artilleri<\/a>&nbsp;&nbsp;NRK<\/li>\n<li><a href=\"https:\/\/news.google.com\/rss\/articles\/CBMiqAFBVV95cUxQblo1ZExpNjF5cEN3X2JGZ041MjJFNFV4aV9ZUFRwYVFvSXlfaUZfOWpMamFzZDg4NkhFRWpncU5tUkxCVjBzazNySGlhOHViZ21rR1FUMEZkYmI2Tnk5V1FwRlBoS1pOTGM4UkxvUU9sejBsZGd3aUxJZEFFZTlCTEVqMUU4ckl4YXBIZ1Z6ZDI0WXJUWWN3M0hERmF1LXRjSW5CeUNBUjI?oc=5\" target=\"_blank\" rel=\"nofollow noopener\">Norges ub\u00e5tkj\u00f8p nesten like dyrt som kj\u00f8pet av F-35<\/a>&nbsp;&nbsp;Aftenposten<\/li>\n<li><a href=\"https:\/\/news.google.com\/rss\/articles\/CBMiogFBVV95cUxPOWljVkdiM1ZxTzZFWEhzb2NSTnBIeVptaUZidldBbXp2V2hBY3hOdzBjVDRudlFNejdYUVdNYzhKdEhGMzJERXZKZDVaTWpxdmVfNUtweVRYX1RnX1N1SU1Lc05WNkxSZ0czVkFOLVVST0FuOGRrRmVFTjZreGJ6cHM1Q0dzNzVmcU1SblFHVGxPY0RRRkRhS29fbmJDT2RYaEE?oc=5\" target=\"_blank\" rel=\"nofollow noopener\">V\u00e5penet som skal skremme Putin (+)<\/a>&nbsp;&nbsp;Dagens N\u00e6ringsliv<\/li>\n<\/ol>\n","protected":false},"excerpt":{"rendered":"Kostbare ub\u00e5ter: \u2013 Vi m\u00e5 ha en rebalansering av langtidsplanen&nbsp;&nbsp;Teknisk Ukeblad Milliard\u00adinvesteringer: Regjeringen kj\u00f8per ub\u00e5ter og langtrekkende missiler&nbsp;&nbsp;VG&hellip;\n","protected":false},"author":2,"featured_media":105512,"comment_status":"","ping_status":"","sticky":false,"template":"","format":"standard","meta":{"footnotes":""},"categories":[10],"tags":[20,21,24,25,226,15,22,23,13,30,28,29,14,16,26,27,13214],"class_list":{"0":"post-105511","1":"post","2":"type-post","3":"status-publish","4":"format-standard","5":"has-post-thumbnail","7":"category-norge","8":"tag-breaking-news","9":"tag-breakingnews","10":"tag-featured-news","11":"tag-featurednews","12":"tag-forsvar","13":"tag-headlines","14":"tag-latest-news","15":"tag-latestnews","16":"tag-news","17":"tag-no","18":"tag-norge","19":"tag-norway","20":"tag-nyheter","21":"tag-overskrifter","22":"tag-top-stories","23":"tag-topstories","24":"tag-ubatanskaffelser"},"share_on_mastodon":{"url":"https:\/\/pubeurope.com\/@no\/115670809497100215","error":""},"_links":{"self":[{"href":"https:\/\/www.europesays.com\/no\/wp-json\/wp\/v2\/posts\/105511","targetHints":{"allow":["GET"]}}],"collection":[{"href":"https:\/\/www.europesays.com\/no\/wp-json\/wp\/v2\/posts"}],"about":[{"href":"https:\/\/www.europesays.com\/no\/wp-json\/wp\/v2\/types\/post"}],"author":[{"embeddable":true,"href":"https:\/\/www.europesays.com\/no\/wp-json\/wp\/v2\/users\/2"}],"replies":[{"embeddable":true,"href":"https:\/\/www.europesays.com\/no\/wp-json\/wp\/v2\/comments?post=105511"}],"version-history":[{"count":0,"href":"https:\/\/www.europesays.com\/no\/wp-json\/wp\/v2\/posts\/105511\/revisions"}],"wp:featuredmedia":[{"embeddable":true,"href":"https:\/\/www.europesays.com\/no\/wp-json\/wp\/v2\/media\/105512"}],"wp:attachment":[{"href":"https:\/\/www.europesays.com\/no\/wp-json\/wp\/v2\/media?parent=105511"}],"wp:term":[{"taxonomy":"category","embeddable":true,"href":"https:\/\/www.europesays.com\/no\/wp-json\/wp\/v2\/categories?post=105511"},{"taxonomy":"post_tag","embeddable":true,"href":"https:\/\/www.europesays.com\/no\/wp-json\/wp\/v2\/tags?post=105511"}],"curies":[{"name":"wp","href":"https:\/\/api.w.org\/{rel}","templated":true}]}}