{"id":105513,"date":"2025-12-06T05:15:46","date_gmt":"2025-12-06T05:15:46","guid":{"rendered":"https:\/\/www.europesays.com\/no\/105513\/"},"modified":"2025-12-06T05:15:46","modified_gmt":"2025-12-06T05:15:46","slug":"ny-pris-for-ubatene-naer-99-milliarder-teknisk-ukeblad","status":"publish","type":"post","link":"https:\/\/www.europesays.com\/no\/105513\/","title":{"rendered":"Ny pris for ub\u00e5tene: N\u00e6r 99 milliarder &#8211; Teknisk Ukeblad"},"content":{"rendered":"<ol>\n<li><a href=\"https:\/\/news.google.com\/rss\/articles\/CBMidkFVX3lxTFBMdGllUFhnYVlORU1CR0ZENm1tNkMxbklGbV9ZcFptNnZtdldYOHpLQ3MzVThodGY5ZUFPMnhGZ2kzUm5XM2VFSFJQa0tqQkxQaGhsLWZDb3RtQWY4ZGNJendmb1lGVGdJMTVYbmtWU0o5R0Y1emc?oc=5\" target=\"_blank\" rel=\"nofollow noopener\">Ny pris for ub\u00e5tene: N\u00e6r 99 milliarder<\/a>&nbsp;&nbsp;Teknisk Ukeblad<\/li>\n<li><a href=\"https:\/\/news.google.com\/rss\/articles\/CBMiqgFBVV95cUxNREdSbHlZenBlQXJOeVViYUw5TUh5SnNidE5VZ3dCNlVKOTR6YjBHdmMtYXdUZkRMelQ4bmxLUmo5V1R4NnFaUXVtOVlfSG5KNjZUU1hlQ2VYV0N5anhkeDBPLWFvZXpXTXdEMXFqdi1ENFRIaXBVQXFiX0txSzFFam12cVNTNjB5aGs4ZWhkWFRPdUQzWWN0cnljLVBERFk0TU1JNjZwcEdJQQ?oc=5\" target=\"_blank\" rel=\"nofollow noopener\">Milliard\u00adinvesteringer: Regjeringen kj\u00f8per ub\u00e5ter og langtrekkende missiler<\/a>&nbsp;&nbsp;VG<\/li>\n<li><a href=\"https:\/\/news.google.com\/rss\/articles\/CBMiugFBVV95cUxNYjJBeDR3eWJPb1lRRFFqcFQ1TXlVUG1udTNBZk5rSkQ2b0hMekFlMlJ0dktDSGdTbUxqbVRTRkZkVVBFTVdPd1l1MmVhTFRaaFZRTWk4anZCSzhKSVlrcEhrdDVVU0FyNVdFNURhZk5ibTZHUlFHQXRVakpCVThBMjE2NnQ1WDFXQnRadmp5MkdHZlR6YmZ5UlZFYVJsN1BaOUN3ZkhWVllhYXlsaXJQdXY5eWx3U3FDa0E?oc=5\" target=\"_blank\" rel=\"nofollow noopener\">Investerer 19 milliarder p\u00e5 Forsvaret: Vil kj\u00f8pe langtrekkende artilleri<\/a>&nbsp;&nbsp;NRK<\/li>\n<li><a href=\"https:\/\/news.google.com\/rss\/articles\/CBMiqAFBVV95cUxQblo1ZExpNjF5cEN3X2JGZ041MjJFNFV4aV9ZUFRwYVFvSXlfaUZfOWpMamFzZDg4NkhFRWpncU5tUkxCVjBzazNySGlhOHViZ21rR1FUMEZkYmI2Tnk5V1FwRlBoS1pOTGM4UkxvUU9sejBsZGd3aUxJZEFFZTlCTEVqMUU4ckl4YXBIZ1Z6ZDI0WXJUWWN3M0hERmF1LXRjSW5CeUNBUjI?oc=5\" target=\"_blank\" rel=\"nofollow noopener\">Norges ub\u00e5tkj\u00f8p nesten like dyrt som kj\u00f8pet av F-35<\/a>&nbsp;&nbsp;Aftenposten<\/li>\n<li><a href=\"https:\/\/news.google.com\/rss\/articles\/CBMiogFBVV95cUxPOWljVkdiM1ZxTzZFWEhzb2NSTnBIeVptaUZidldBbXp2V2hBY3hOdzBjVDRudlFNejdYUVdNYzhKdEhGMzJERXZKZDVaTWpxdmVfNUtweVRYX1RnX1N1SU1Lc05WNkxSZ0czVkFOLVVST0FuOGRrRmVFTjZreGJ6cHM1Q0dzNzVmcU1SblFHVGxPY0RRRkRhS29fbmJDT2RYaEE?oc=5\" target=\"_blank\" rel=\"nofollow noopener\">V\u00e5penet som skal skremme Putin (+)<\/a>&nbsp;&nbsp;Dagens N\u00e6ringsliv<\/li>\n<\/ol>\n","protected":false},"excerpt":{"rendered":"Ny pris for ub\u00e5tene: N\u00e6r 99 milliarder&nbsp;&nbsp;Teknisk Ukeblad Milliard\u00adinvesteringer: Regjeringen kj\u00f8per ub\u00e5ter og langtrekkende missiler&nbsp;&nbsp;VG Investerer 19 milliarder&hellip;\n","protected":false},"author":2,"featured_media":105514,"comment_status":"","ping_status":"","sticky":false,"template":"","format":"standard","meta":{"footnotes":""},"categories":[5],"tags":[20,21,24,25,226,15,19,22,23,17,18,13,30,28,29,14,16,26,27],"class_list":{"0":"post-105513","1":"post","2":"type-post","3":"status-publish","4":"format-standard","5":"has-post-thumbnail","7":"category-overskrifter","8":"tag-breaking-news","9":"tag-breakingnews","10":"tag-featured-news","11":"tag-featurednews","12":"tag-forsvar","13":"tag-headlines","14":"tag-hovedoppslag","15":"tag-latest-news","16":"tag-latestnews","17":"tag-main-news","18":"tag-mainnews","19":"tag-news","20":"tag-no","21":"tag-norge","22":"tag-norway","23":"tag-nyheter","24":"tag-overskrifter","25":"tag-top-stories","26":"tag-topstories"},"share_on_mastodon":{"url":"https:\/\/pubeurope.com\/@no\/115670927455906861","error":""},"_links":{"self":[{"href":"https:\/\/www.europesays.com\/no\/wp-json\/wp\/v2\/posts\/105513","targetHints":{"allow":["GET"]}}],"collection":[{"href":"https:\/\/www.europesays.com\/no\/wp-json\/wp\/v2\/posts"}],"about":[{"href":"https:\/\/www.europesays.com\/no\/wp-json\/wp\/v2\/types\/post"}],"author":[{"embeddable":true,"href":"https:\/\/www.europesays.com\/no\/wp-json\/wp\/v2\/users\/2"}],"replies":[{"embeddable":true,"href":"https:\/\/www.europesays.com\/no\/wp-json\/wp\/v2\/comments?post=105513"}],"version-history":[{"count":0,"href":"https:\/\/www.europesays.com\/no\/wp-json\/wp\/v2\/posts\/105513\/revisions"}],"wp:featuredmedia":[{"embeddable":true,"href":"https:\/\/www.europesays.com\/no\/wp-json\/wp\/v2\/media\/105514"}],"wp:attachment":[{"href":"https:\/\/www.europesays.com\/no\/wp-json\/wp\/v2\/media?parent=105513"}],"wp:term":[{"taxonomy":"category","embeddable":true,"href":"https:\/\/www.europesays.com\/no\/wp-json\/wp\/v2\/categories?post=105513"},{"taxonomy":"post_tag","embeddable":true,"href":"https:\/\/www.europesays.com\/no\/wp-json\/wp\/v2\/tags?post=105513"}],"curies":[{"name":"wp","href":"https:\/\/api.w.org\/{rel}","templated":true}]}}