{"id":105517,"date":"2025-12-06T05:36:10","date_gmt":"2025-12-06T05:36:10","guid":{"rendered":"https:\/\/www.europesays.com\/no\/105517\/"},"modified":"2025-12-06T05:36:10","modified_gmt":"2025-12-06T05:36:10","slug":"knivstikking-skien-skal-ha-knivskadet-ungdommer","status":"publish","type":"post","link":"https:\/\/www.europesays.com\/no\/105517\/","title":{"rendered":"Knivstikking, Skien | Skal ha knivskadet ungdommer"},"content":{"rendered":"\n<p>De to skal i f\u00f8lge politiet v\u00e6re p\u00e5f\u00f8rt kuttskader i armer og ben. Hendelsen skjedde innend\u00f8rs i en bolig nord i Skien kommune.<\/p>\n<p>Politiet fikk melding om hendelsen klokken 02.25, men meldte f\u00f8rst om den klokken 05.25.<\/p>\n<p>&#8211; Klokken 02.25 rykket vi ut til en voldshendelse utend\u00f8rs med kniv involvert. To menn i slutten av ten\u00e5rene er kj\u00f8rt sykehus med kuttskader i henholdsvis arm og ben, sier operasjonsleder Marius Daffinrud Fosvold. <\/p>\n<p>Politiet har p\u00e5grepet en mann i slutten av ten\u00e5rene som anmeldes for voldshandlingen. <\/p>\n<p>&#8211; Vi har gjort en rekke etterforskningsskritt i saken og vil etterforske hendelsen utover dagen, sier han. <\/p>\n","protected":false},"excerpt":{"rendered":"De to skal i f\u00f8lge politiet v\u00e6re p\u00e5f\u00f8rt kuttskader i armer og ben. Hendelsen skjedde innend\u00f8rs i en&hellip;\n","protected":false},"author":2,"featured_media":3844,"comment_status":"","ping_status":"","sticky":false,"template":"","format":"standard","meta":{"footnotes":""},"categories":[5],"tags":[20,21,24,25,15,19,22,23,17,18,13,30,28,29,14,16,26,27],"class_list":{"0":"post-105517","1":"post","2":"type-post","3":"status-publish","4":"format-standard","5":"has-post-thumbnail","7":"category-overskrifter","8":"tag-breaking-news","9":"tag-breakingnews","10":"tag-featured-news","11":"tag-featurednews","12":"tag-headlines","13":"tag-hovedoppslag","14":"tag-latest-news","15":"tag-latestnews","16":"tag-main-news","17":"tag-mainnews","18":"tag-news","19":"tag-no","20":"tag-norge","21":"tag-norway","22":"tag-nyheter","23":"tag-overskrifter","24":"tag-top-stories","25":"tag-topstories"},"share_on_mastodon":{"url":"https:\/\/pubeurope.com\/@no\/115671006139606735","error":""},"_links":{"self":[{"href":"https:\/\/www.europesays.com\/no\/wp-json\/wp\/v2\/posts\/105517","targetHints":{"allow":["GET"]}}],"collection":[{"href":"https:\/\/www.europesays.com\/no\/wp-json\/wp\/v2\/posts"}],"about":[{"href":"https:\/\/www.europesays.com\/no\/wp-json\/wp\/v2\/types\/post"}],"author":[{"embeddable":true,"href":"https:\/\/www.europesays.com\/no\/wp-json\/wp\/v2\/users\/2"}],"replies":[{"embeddable":true,"href":"https:\/\/www.europesays.com\/no\/wp-json\/wp\/v2\/comments?post=105517"}],"version-history":[{"count":0,"href":"https:\/\/www.europesays.com\/no\/wp-json\/wp\/v2\/posts\/105517\/revisions"}],"wp:featuredmedia":[{"embeddable":true,"href":"https:\/\/www.europesays.com\/no\/wp-json\/wp\/v2\/media\/3844"}],"wp:attachment":[{"href":"https:\/\/www.europesays.com\/no\/wp-json\/wp\/v2\/media?parent=105517"}],"wp:term":[{"taxonomy":"category","embeddable":true,"href":"https:\/\/www.europesays.com\/no\/wp-json\/wp\/v2\/categories?post=105517"},{"taxonomy":"post_tag","embeddable":true,"href":"https:\/\/www.europesays.com\/no\/wp-json\/wp\/v2\/tags?post=105517"}],"curies":[{"name":"wp","href":"https:\/\/api.w.org\/{rel}","templated":true}]}}