{"id":105521,"date":"2025-12-06T05:42:09","date_gmt":"2025-12-06T05:42:09","guid":{"rendered":"https:\/\/www.europesays.com\/no\/105521\/"},"modified":"2025-12-06T05:42:09","modified_gmt":"2025-12-06T05:42:09","slug":"politiet-etterforsker-dodsfall-ved-hustad-fengsel","status":"publish","type":"post","link":"https:\/\/www.europesays.com\/no\/105521\/","title":{"rendered":"Politiet etterforsker d\u00f8dsfall ved Hustad fengsel"},"content":{"rendered":"\n<p class=\"_lead_o9xde_2 _lead_xtcu6_50 layout-component text-serif-m layout-normal text-serif-l layout-component layout-wide layout-padded _wide_17hqh_1 layout-padded\">Politiet har startet etterforskning etter at en innsatt d\u00f8de i Hustad fengsel denne uken. Dette er det tredje d\u00f8dsfallet i fengselet siden 2024. <\/p>\n<ul aria-hidden=\"true\" class=\"_images_ntbth_112\">\n<li><a class=\"_link_ntbth_117\" href=\"https:\/\/www.vg.no\/forfatter\/ntb\" style=\"z-index:1\" title=\"NTB\" rel=\"nofollow noopener\" target=\"_blank\"><img alt=\"Bilde av NTB\" class=\"_image_ntbth_93\" fetchpriority=\"low\" loading=\"lazy\" decoding=\"async\" itemprop=\"image\"  src=\"https:\/\/www.europesays.com\/no\/wp-content\/uploads\/2025\/12\/1764999729_499_c33980b0-5d07-4027-84a1-813f90a7c8d6\"  width=\"480\"\/><\/a><\/li>\n<\/ul>\n<p> Oppdatert fredag 5. desember kl. 22:43     <\/p>\n<p class=\"_paragraph_o9xde_4 _paragraph_xtcu6_10 layout-component text-serif-m layout-normal text-serif-m layout-padded\"> Det var <a href=\"https:\/\/www.nrk.no\/mr\/etterforsker-nytt-dodsfall-i-hustad-fengsel-1.17680831\" class=\"_link_o9xde_39\" rel=\"nofollow noopener\" target=\"_blank\">Sunnm\u00f8rsposten<\/a> som meldte om d\u00f8dsfallet f\u00f8rst.<\/p>\n<p class=\"_paragraph_o9xde_4 _paragraph_xtcu6_10 layout-component text-serif-m layout-normal text-serif-m layout-padded\"> Overfor <a href=\"https:\/\/www.nrk.no\/mr\/etterforsker-nytt-dodsfall-i-hustad-fengsel-1.17680831\" class=\"_link_o9xde_39\" rel=\"nofollow noopener\" target=\"_blank\">NRK<\/a> bekrefter fengselsleder Ane Skorpen-Tr\u00f8en i Hustad fengsel at det har v\u00e6rt et d\u00f8dsfall.<\/p>\n<p class=\"_paragraph_o9xde_4 _paragraph_xtcu6_10 layout-component text-serif-m layout-normal text-serif-m layout-padded\">\u2013 V\u00e5rt fokus n\u00e5 er ivaretagelse av v\u00e5re innsatte og ansatte, opplyser hun.<\/p>\n<p class=\"_paragraph_o9xde_4 _paragraph_xtcu6_10 layout-component text-serif-m layout-normal text-serif-m layout-padded\">Omstendighetene rundt d\u00f8dsfallet er ikke kjent, men den innsatte skal ha v\u00e6rt alene p\u00e5 cellen.<\/p>\n<p class=\"_paragraph_o9xde_4 _paragraph_xtcu6_10 layout-component text-serif-m layout-normal text-serif-m layout-padded\">\u2013 Jeg kan bekrefte at det ikke er et naturlig d\u00f8dsfall, sier p\u00e5taleansvarlig Lena Romestrand. <\/p>\n<p class=\"_paragraph_o9xde_4 _paragraph_xtcu6_10 layout-component text-serif-m layout-normal text-serif-m layout-padded\">Politiet jobber fortsatt med \u00e5 etterforske omstendighetene rundt saken og Helsetilsynet er varslet. <\/p>\n<p class=\"_paragraph_o9xde_4 _paragraph_xtcu6_10 layout-component text-serif-m layout-normal text-serif-m layout-padded\">\u2013 Vi har mottatt et varsel og holder p\u00e5 med en innledende unders\u00f8kelse. Noe mer enn dette kan ikke vi si p\u00e5 dette tidspunktet, sier underdirekt\u00f8r Morten Venberget i Statens helsetilsyn.<\/p>\n<p class=\"_paragraph_o9xde_4 _paragraph_xtcu6_10 layout-component text-serif-m layout-normal text-serif-m layout-padded\">Dette er det tredje d\u00f8dsfallet i Hustad fengsel siden 2024. En person tok livet sitt i 2024, og en i 2025. En rapport fra tilsynsr\u00e5det etter selvmordet i 2025 p\u00e5pekte flere mangler ved fengselet sine rutiner, if\u00f8lge NRK.<\/p>\n","protected":false},"excerpt":{"rendered":"Politiet har startet etterforskning etter at en innsatt d\u00f8de i Hustad fengsel denne uken. Dette er det tredje&hellip;\n","protected":false},"author":2,"featured_media":105522,"comment_status":"","ping_status":"","sticky":false,"template":"","format":"standard","meta":{"footnotes":""},"categories":[10],"tags":[20,21,24,25,15,22,23,13,30,28,29,14,16,26,27],"class_list":{"0":"post-105521","1":"post","2":"type-post","3":"status-publish","4":"format-standard","5":"has-post-thumbnail","7":"category-norge","8":"tag-breaking-news","9":"tag-breakingnews","10":"tag-featured-news","11":"tag-featurednews","12":"tag-headlines","13":"tag-latest-news","14":"tag-latestnews","15":"tag-news","16":"tag-no","17":"tag-norge","18":"tag-norway","19":"tag-nyheter","20":"tag-overskrifter","21":"tag-top-stories","22":"tag-topstories"},"share_on_mastodon":{"url":"https:\/\/pubeurope.com\/@no\/115671029889354307","error":""},"_links":{"self":[{"href":"https:\/\/www.europesays.com\/no\/wp-json\/wp\/v2\/posts\/105521","targetHints":{"allow":["GET"]}}],"collection":[{"href":"https:\/\/www.europesays.com\/no\/wp-json\/wp\/v2\/posts"}],"about":[{"href":"https:\/\/www.europesays.com\/no\/wp-json\/wp\/v2\/types\/post"}],"author":[{"embeddable":true,"href":"https:\/\/www.europesays.com\/no\/wp-json\/wp\/v2\/users\/2"}],"replies":[{"embeddable":true,"href":"https:\/\/www.europesays.com\/no\/wp-json\/wp\/v2\/comments?post=105521"}],"version-history":[{"count":0,"href":"https:\/\/www.europesays.com\/no\/wp-json\/wp\/v2\/posts\/105521\/revisions"}],"wp:featuredmedia":[{"embeddable":true,"href":"https:\/\/www.europesays.com\/no\/wp-json\/wp\/v2\/media\/105522"}],"wp:attachment":[{"href":"https:\/\/www.europesays.com\/no\/wp-json\/wp\/v2\/media?parent=105521"}],"wp:term":[{"taxonomy":"category","embeddable":true,"href":"https:\/\/www.europesays.com\/no\/wp-json\/wp\/v2\/categories?post=105521"},{"taxonomy":"post_tag","embeddable":true,"href":"https:\/\/www.europesays.com\/no\/wp-json\/wp\/v2\/tags?post=105521"}],"curies":[{"name":"wp","href":"https:\/\/api.w.org\/{rel}","templated":true}]}}