{"id":105527,"date":"2025-12-06T05:52:07","date_gmt":"2025-12-06T05:52:07","guid":{"rendered":"https:\/\/www.europesays.com\/no\/105527\/"},"modified":"2025-12-06T05:52:07","modified_gmt":"2025-12-06T05:52:07","slug":"nyheter-fotball-slik-spilles-3-divisjon-i-fotball-i-2026-sjekk-oppsettet","status":"publish","type":"post","link":"https:\/\/www.europesays.com\/no\/105527\/","title":{"rendered":"Nyheter, Fotball | Slik spilles 3. divisjon i fotball i 2026 \u2013 sjekk oppsettet"},"content":{"rendered":"\n<p>I 3. divisjon er de 64 lagene som vanlig delt inn i seks avdelinger. R\u00e5de har havnet i avdeling 6.<\/p>\n<p>\u2013 Det blir et gjensyn med lag vi har m\u00f8tt flere ganger tidligere, og noen helt nye. \u00c9n ting er sikkert: Her blir det mange spennende kamper! skriver R\u00e5de IL fotball p\u00e5 sine nettsider.<\/p>\n<p><b>Oppsettet for avdeling 6:<\/b><\/p>\n<p>Fram Larvik<br \/>\u00d8rn Horten<br \/>R\u00e6lingen<br \/>R\u00e5de<br \/>Sarpsborg 08 2<br \/>Dr\u00f8bak-Frogn<br \/>Bj\u00f8rkelangen<br \/>Brumunddal<br \/>Elverum <br \/>Gj\u00f8vik-Lyn<br \/>Lillehammer<br \/>Lyn 2<br \/>Oppsal<br \/>Sandefjord 2<\/p>\n<p>Slik ser oppsettet for resten av 3. divisjon ut:<\/p>\n<p><b>Avdeling 1:<\/b><\/p>\n<p>Gamle Oslo, Ullern, KFUM 2, Nordstrand, V\u00e5lerenga 2, Konnerud, Lokomotiv Oslo, Grei, Frigg, B\u00e6rum, Ready, Asker, Heming, Union Carl Berner.<\/p>\n<p><b>Avdeling 2:<\/b><\/p>\n<p>Melhus, Rosenborg 2, Nardo, By\u00e5sen, Ranheim 2, Kvik, Strindheim, NTNUI, Orkla, Volda, Spjelkavik, Aalesund, 2, Herd, Molde 2.<\/p>\n<p><b>Avdeling 3:<\/b><\/p>\n<p>Fana, Os, Fyllingdalen, Gneist, Ask\u00f8y, \u00c5sane 2, Djerv 1919, Brann 2, Varegg, Austevoll, F\u00f8rde, Sogndal 2, Vard Haugesund, Stord.<\/p>\n<p><b>Avdeling 4:<\/b><\/p>\n<p>Haugesund 2, Viking 2, Madla, Brodd, Hinna, Staal J\u00f8rpeland, Stab\u00e6k 2, Odd 2, Varhaug, \u00c5kra, Vindbjart, V\u00e5g, Fl\u00f8y-Flekker\u00f8y, Mandalskameratene.<\/p>\n<p><b>Avdeling 5:<\/b><\/p>\n<p>Fauske\/Sprint, Alta, Bossekop, Troms\u00f8 2, Fl\u00f8ya, Ulfstind, Skjerv\u00f8y, Finnsnes, Harstad, Str\u00f8msgodset 2, Skjetten, Skedsmo, Kongsvinger 2, Lillestr\u00f8m 2.<\/p>\n<p>  <a href=\"https:\/\/www.moss-avis.no\/5-67-2264437\" class=\"related-teaser has-image default-story-teaser article--c-eRUmMG article--c-eRUmMG-jKCPdD-design-default\" rel=\"nofollow noopener\" target=\"_blank\"><\/p>\n<p>    <img decoding=\"async\" loading=\"lazy\"  src=\"https:\/\/www.europesays.com\/no\/wp-content\/uploads\/2025\/12\/Bilde+pressemelding+%281%29.jpg\" alt=\"\" class=\"brick-c-cFOWSL\" style=\"\"\/><\/p>\n<p>\n            Les ogs\u00e5<\/p>\n<p>              F\u00e5r to millioner til nytt kunstgress\n        <\/p>\n<p>  <\/a><\/p>\n<p>  <a href=\"https:\/\/www.moss-avis.no\/5-67-2251913\" class=\"related-teaser has-image default-story-teaser article--c-eRUmMG article--c-eRUmMG-jKCPdD-design-default\" rel=\"nofollow noopener\" target=\"_blank\"><\/p>\n<p>    <img decoding=\"async\" loading=\"lazy\"  src=\"https:\/\/www.europesays.com\/no\/wp-content\/uploads\/2025\/12\/578267129_1505504721215546_8199349442010153957_n.jpg\" alt=\"\" class=\"brick-c-cFOWSL\" style=\"\"\/><\/p>\n<p>\n            Les ogs\u00e5<\/p>\n<p>              R\u00e5de med imponerende opprykk etter maktdemonstrasjon\n        <\/p>\n<p>  <\/a><\/p>\n","protected":false},"excerpt":{"rendered":"I 3. divisjon er de 64 lagene som vanlig delt inn i seks avdelinger. R\u00e5de har havnet i&hellip;\n","protected":false},"author":2,"featured_media":105528,"comment_status":"","ping_status":"","sticky":false,"template":"","format":"standard","meta":{"footnotes":""},"categories":[59],"tags":[36,92,30,28,29,14,13215,83,82,1510],"class_list":{"0":"post-105527","1":"post","2":"type-post","3":"status-publish","4":"format-standard","5":"has-post-thumbnail","7":"category-sport","8":"tag-art","9":"tag-fotball","10":"tag-no","11":"tag-norge","12":"tag-norway","13":"tag-nyheter","14":"tag-rade-il","15":"tag-sport","16":"tag-sports","17":"tag-story"},"share_on_mastodon":{"url":"https:\/\/pubeurope.com\/@no\/115671069240217308","error":""},"_links":{"self":[{"href":"https:\/\/www.europesays.com\/no\/wp-json\/wp\/v2\/posts\/105527","targetHints":{"allow":["GET"]}}],"collection":[{"href":"https:\/\/www.europesays.com\/no\/wp-json\/wp\/v2\/posts"}],"about":[{"href":"https:\/\/www.europesays.com\/no\/wp-json\/wp\/v2\/types\/post"}],"author":[{"embeddable":true,"href":"https:\/\/www.europesays.com\/no\/wp-json\/wp\/v2\/users\/2"}],"replies":[{"embeddable":true,"href":"https:\/\/www.europesays.com\/no\/wp-json\/wp\/v2\/comments?post=105527"}],"version-history":[{"count":0,"href":"https:\/\/www.europesays.com\/no\/wp-json\/wp\/v2\/posts\/105527\/revisions"}],"wp:featuredmedia":[{"embeddable":true,"href":"https:\/\/www.europesays.com\/no\/wp-json\/wp\/v2\/media\/105528"}],"wp:attachment":[{"href":"https:\/\/www.europesays.com\/no\/wp-json\/wp\/v2\/media?parent=105527"}],"wp:term":[{"taxonomy":"category","embeddable":true,"href":"https:\/\/www.europesays.com\/no\/wp-json\/wp\/v2\/categories?post=105527"},{"taxonomy":"post_tag","embeddable":true,"href":"https:\/\/www.europesays.com\/no\/wp-json\/wp\/v2\/tags?post=105527"}],"curies":[{"name":"wp","href":"https:\/\/api.w.org\/{rel}","templated":true}]}}