{"id":10553,"date":"2025-08-17T14:48:11","date_gmt":"2025-08-17T14:48:11","guid":{"rendered":"https:\/\/www.europesays.com\/no\/10553\/"},"modified":"2025-08-17T14:48:11","modified_gmt":"2025-08-17T14:48:11","slug":"sport-friidrett-tok-solv-etter-dramatisk-oppladning-jeg-tok-sjansen","status":"publish","type":"post","link":"https:\/\/www.europesays.com\/no\/10553\/","title":{"rendered":"Sport, Friidrett | Tok s\u00f8lv etter dramatisk oppladning: \u2013 Jeg tok sjansen"},"content":{"rendered":"\n<p><b>HINDERL\u00d8P:<\/b> L\u00f8rdag ble norgesmesterskapet i hinderl\u00f8p, med navnet Romerikets R\u00e5este, arrangert p\u00e5 Nannestad.<\/p>\n<p>Der tok Luke Cambridge fra Haugesund IL 2. plassen i eliteklassen. Han l\u00f8p inn p\u00e5 tiden 41.22 i den \u00e5tte km lange l\u00f8ypa og kom i m\u00e5l 51 sekunder bak vinner Kristoffer Berazo Gertz. 3. plassen gikk til Kristoffer Adolfsen. B\u00e5de Gertz og Adolfsen er p\u00e5 landslaget sammen med Cambridge.<\/p>\n<p>Han er forn\u00f8yd med s\u00f8lvet.<\/p>\n<p><b>\u2013 Dette var det tredje NM-et noensinne. Jeg kom p\u00e5 7. og 5. plass de to siste \u00e5rene og pallen var realistisk i \u00e5r, sier han.<\/b><\/p>\n<p>   <img decoding=\"async\" width=\"1536\" height=\"2048\" fetchpriority=\"low\"  loading=\"lazy\"  src=\"https:\/\/www.europesays.com\/no\/wp-content\/uploads\/2025\/08\/316282508_3328856697431731_8149778529194081368_n_1.jpg\" alt=\"\" class=\"brick-c-cFOWSL\" style=\"--brick-image-ratio: 1536 \/ 2048;\"\/><\/p>\n<p>    SNART KLAR FOR HINDERL\u00d8P P\u00c5 HJEMMEBANE: 30. august skal Luke Cambridge, her avbildet etter Karm\u00f8y Maraton, v\u00e6re med arrangere Ragnarok OCR.<br \/>\n    Foto: Privat\n  <\/p>\n<p>  Visste ikke hvor preget kroppen var<\/p>\n<p>Men det var p\u00e5 ingen m\u00e5te gitt at det skulle g\u00e5 s\u00e5 bra. Oppladningen var nemlig ikke uten dramatikk.<\/p>\n<p><b>\u2013 Jeg fikk influensasymptomer p\u00e5 torsdag, bare to dager f\u00f8r l\u00f8pet. Jeg klarte akkurat \u00e5 sove det av meg. S\u00e5 jeg tok sjansen og stilte til start, uten helt \u00e5 vite hvor preget kroppen var, forklarer s\u00f8lvvinneren og fortsetter:<\/b><\/p>\n<p><b>\u2013 Hinderl\u00f8p (OCR) krever mye av hele kroppen og NM-l\u00f8ypa i Nannestad er av de mest tekniske i Norge, b\u00e5de terreng- og hindermessig, sier Cambridge som ogs\u00e5 leder HILs tirsdagsintervaller p\u00e5 Haraldsvang.<\/b><\/p>\n<p>Han vant The Beast i Skudeneshavn i 2019. Og etter et par \u00e5r uten hinderl\u00f8p p\u00e5 grunn av pandemien har han konkurrert internasjonalt med det norske landslaget, etter at hinderl\u00f8p offisielt ble en sport i 2022.<\/p>\n<p>N\u00e5 er Cambridge medarrang\u00f8r for The Beast-oppf\u00f8lgeren Ragnarok OCR, som arrangeres p\u00e5 Bygnes 30. august. Cambridge h\u00e5per p\u00e5 god deltakelse der.<\/p>\n<p>Ble norgesmester<\/p>\n<p>I tillegg til Luke Cambridge deltok ogs\u00e5 Endre Sn\u00f8rteland og Martin Sundve i Romerikets R\u00e5este. Begge representerer HIUL.<\/p>\n<p>Sn\u00f8rteland gikk til topps i klassen 25\u201334 og kan smykke seg med tittelen norgesmester. Det ga ogs\u00e5 12. plass i eliteklassen.<\/p>\n<p>Sundve ble nummer to i samme klasse og kom i m\u00e5l 2.28 bak Sn\u00f8rteland. Det holdt til 15. plass i eliteklassen.<\/p>\n<p>Les mer om: artikkelemnene<\/p>\n","protected":false},"excerpt":{"rendered":"HINDERL\u00d8P: L\u00f8rdag ble norgesmesterskapet i hinderl\u00f8p, med navnet Romerikets R\u00e5este, arrangert p\u00e5 Nannestad. Der tok Luke Cambridge fra&hellip;\n","protected":false},"author":2,"featured_media":10554,"comment_status":"","ping_status":"","sticky":false,"template":"","format":"standard","meta":{"footnotes":""},"categories":[59],"tags":[36,423,1337,30,28,29,83,82,1510],"class_list":{"0":"post-10553","1":"post","2":"type-post","3":"status-publish","4":"format-standard","5":"has-post-thumbnail","7":"category-sport","8":"tag-art","9":"tag-friidrett","10":"tag-haugesund","11":"tag-no","12":"tag-norge","13":"tag-norway","14":"tag-sport","15":"tag-sports","16":"tag-story"},"share_on_mastodon":{"url":"","error":""},"_links":{"self":[{"href":"https:\/\/www.europesays.com\/no\/wp-json\/wp\/v2\/posts\/10553","targetHints":{"allow":["GET"]}}],"collection":[{"href":"https:\/\/www.europesays.com\/no\/wp-json\/wp\/v2\/posts"}],"about":[{"href":"https:\/\/www.europesays.com\/no\/wp-json\/wp\/v2\/types\/post"}],"author":[{"embeddable":true,"href":"https:\/\/www.europesays.com\/no\/wp-json\/wp\/v2\/users\/2"}],"replies":[{"embeddable":true,"href":"https:\/\/www.europesays.com\/no\/wp-json\/wp\/v2\/comments?post=10553"}],"version-history":[{"count":0,"href":"https:\/\/www.europesays.com\/no\/wp-json\/wp\/v2\/posts\/10553\/revisions"}],"wp:featuredmedia":[{"embeddable":true,"href":"https:\/\/www.europesays.com\/no\/wp-json\/wp\/v2\/media\/10554"}],"wp:attachment":[{"href":"https:\/\/www.europesays.com\/no\/wp-json\/wp\/v2\/media?parent=10553"}],"wp:term":[{"taxonomy":"category","embeddable":true,"href":"https:\/\/www.europesays.com\/no\/wp-json\/wp\/v2\/categories?post=10553"},{"taxonomy":"post_tag","embeddable":true,"href":"https:\/\/www.europesays.com\/no\/wp-json\/wp\/v2\/tags?post=10553"}],"curies":[{"name":"wp","href":"https:\/\/api.w.org\/{rel}","templated":true}]}}