{"id":105531,"date":"2025-12-06T05:57:20","date_gmt":"2025-12-06T05:57:20","guid":{"rendered":"https:\/\/www.europesays.com\/no\/105531\/"},"modified":"2025-12-06T05:57:20","modified_gmt":"2025-12-06T05:57:20","slug":"kritisk-darlig-bemanning-i-flere-barnehager-far-kun-smabelop-ekstra-fra-staten-for-a-lose-situasjonen-smaalenenes-avis","status":"publish","type":"post","link":"https:\/\/www.europesays.com\/no\/105531\/","title":{"rendered":"Kritisk d\u00e5rlig bemanning i flere barnehager \u2013 f\u00e5r kun sm\u00e5bel\u00f8p ekstra fra staten for \u00e5 l\u00f8se situasjonen &#8211; Smaalenenes Avis"},"content":{"rendered":"<ol>\n<li><a href=\"https:\/\/news.google.com\/rss\/articles\/CBMi2gFBVV95cUxOZHRGOVNocDJKSTVmZXpneGxVRjhjTFhrd0tjRlBPNTByblJKZTEwekFheTlRLVlwWTBjSVVKYklJZ2ZrZDFjcDMyU3Z3Z1ZUcnRhSTlCa1BHY2dJaW95Q2g5YXZ1ajl4ZGFnTEc5a1gySVJSUUlrNlZET294LXpJUkhOenMxZjRJWWRpdWhEaFM2d0hQdy05M215WGxfbkpGcFptLVRUWjZpZ3ppcWRUSjRfRUFwdW5HcklWU3ZtYVpBaTc2MjdSX0JpMWxZT0UtSkdGX194S3hFQQ?oc=5\" target=\"_blank\" rel=\"nofollow noopener\">Kritisk d\u00e5rlig bemanning i flere barnehager \u2013 f\u00e5r kun sm\u00e5bel\u00f8p ekstra fra staten for \u00e5 l\u00f8se situasjonen<\/a>&nbsp;&nbsp;Smaalenenes Avis<\/li>\n<li><a href=\"https:\/\/news.google.com\/rss\/articles\/CBMiqwFBVV95cUxNTjJCS0JITzgzNENEQnVtNHBuZHBzbzlhaWJCaGd3QWJaOEhKYXpQMHd1Mm0tbVpqTzl3eldfTGxtRGt2enlhREx2UG1PV3Y1dWpHalU5SW1fSXpTakZQREo2dm1vVTFHcW5VMkJ1My11TkNNelg2RWtCTmtVOVd1d056NFBNdWtkWmp6c3V0WnBDSTlSNFNzREpGUl90aGxDVWxYWnFTcXlncVU?oc=5\" target=\"_blank\" rel=\"nofollow noopener\">Protesterte mot kutt: \u2013 Det handlar om barna si framtid<\/a>&nbsp;&nbsp;hallingdolen.no<\/li>\n<li><a href=\"https:\/\/news.google.com\/rss\/articles\/CBMicEFVX3lxTFBVOVRzNkZzd0dBZkRoN21TbERtOW0ydEVFb1BQbkxSdHBJMC1HZ193eHBHYVc3NDhaX3NuSWZTQnJDQ0h0R2VGTnA5VE5VWlFxUzFsdVhqZEZ5MU5sdmFENkkxQm1WRFJ1QS1iLXNiYXo?oc=5\" target=\"_blank\" rel=\"nofollow noopener\">\u2013 Regnestykket er vel enkelt?<\/a>&nbsp;&nbsp;gat.no<\/li>\n<li><a href=\"https:\/\/news.google.com\/rss\/articles\/CBMihAFBVV95cUxQOE04N2FsUkF6OFBmXzFORENGeDg3R1lhamJ2Z3I4R2JpZndybHp4OXRuQ2wta0RQSURMMkZjVUtaWmpOOWZVV2FvSzVxVUVESUY5NkhNc1d5YXoyRlhMRVhFcURBYkxGazVHS2lnTGtMU3lndzRhbnAwc240X2N2X3hjYS0?oc=5\" target=\"_blank\" rel=\"nofollow noopener\">\u00abKan ikkje budsjettera med pengar me ikkje veit at kjem\u00bb<\/a>&nbsp;&nbsp;sunnhordland.no<\/li>\n<li><a href=\"https:\/\/news.google.com\/rss\/articles\/CBMi5wFBVV95cUxPSHN4NEkwSGpsOWsxTGZET0xrbl9JbG9wUUNxLVkxNmhTeWczZkxJS05McUk4WGV6c21fNDJEcC11eWlsVDJTbkc0OGxaOXpQRVd4VWROcmtKbEZZSjFqc1FMZk1jRVc2SnBWcEZXZzBxUXZNU3VYV2R2NUptTWZBRnBHMTlJZ2dQWlZZRVFfY3BtNVNkY203aEdBOW9JTy15M283NWtxUjZpVFg3Ym05OE9GWWJSZXNWVDVGZ3A3NmNfUUM4ZnQ0WDZqSkVjRXNzcTZFQjlrVHNiRHJXQ2QzaGxGNHQ1Z0E?oc=5\" target=\"_blank\" rel=\"nofollow noopener\">Milliardkutt i Oslo: Foresl\u00e5r f\u00e6rre ansatte og kutt i \u00e5pningstidene i barnehagene<\/a>&nbsp;&nbsp;Utdanningsnytt<\/li>\n<\/ol>\n","protected":false},"excerpt":{"rendered":"Kritisk d\u00e5rlig bemanning i flere barnehager \u2013 f\u00e5r kun sm\u00e5bel\u00f8p ekstra fra staten for \u00e5 l\u00f8se situasjonen&nbsp;&nbsp;Smaalenenes Avis&hellip;\n","protected":false},"author":2,"featured_media":105532,"comment_status":"","ping_status":"","sticky":false,"template":"","format":"standard","meta":{"footnotes":""},"categories":[10],"tags":[20,21,24,25,15,22,23,13,30,28,29,14,16,26,27],"class_list":{"0":"post-105531","1":"post","2":"type-post","3":"status-publish","4":"format-standard","5":"has-post-thumbnail","7":"category-norge","8":"tag-breaking-news","9":"tag-breakingnews","10":"tag-featured-news","11":"tag-featurednews","12":"tag-headlines","13":"tag-latest-news","14":"tag-latestnews","15":"tag-news","16":"tag-no","17":"tag-norge","18":"tag-norway","19":"tag-nyheter","20":"tag-overskrifter","21":"tag-top-stories","22":"tag-topstories"},"share_on_mastodon":{"url":"https:\/\/pubeurope.com\/@no\/115671088682344220","error":""},"_links":{"self":[{"href":"https:\/\/www.europesays.com\/no\/wp-json\/wp\/v2\/posts\/105531","targetHints":{"allow":["GET"]}}],"collection":[{"href":"https:\/\/www.europesays.com\/no\/wp-json\/wp\/v2\/posts"}],"about":[{"href":"https:\/\/www.europesays.com\/no\/wp-json\/wp\/v2\/types\/post"}],"author":[{"embeddable":true,"href":"https:\/\/www.europesays.com\/no\/wp-json\/wp\/v2\/users\/2"}],"replies":[{"embeddable":true,"href":"https:\/\/www.europesays.com\/no\/wp-json\/wp\/v2\/comments?post=105531"}],"version-history":[{"count":0,"href":"https:\/\/www.europesays.com\/no\/wp-json\/wp\/v2\/posts\/105531\/revisions"}],"wp:featuredmedia":[{"embeddable":true,"href":"https:\/\/www.europesays.com\/no\/wp-json\/wp\/v2\/media\/105532"}],"wp:attachment":[{"href":"https:\/\/www.europesays.com\/no\/wp-json\/wp\/v2\/media?parent=105531"}],"wp:term":[{"taxonomy":"category","embeddable":true,"href":"https:\/\/www.europesays.com\/no\/wp-json\/wp\/v2\/categories?post=105531"},{"taxonomy":"post_tag","embeddable":true,"href":"https:\/\/www.europesays.com\/no\/wp-json\/wp\/v2\/tags?post=105531"}],"curies":[{"name":"wp","href":"https:\/\/api.w.org\/{rel}","templated":true}]}}