{"id":105539,"date":"2025-12-06T06:39:23","date_gmt":"2025-12-06T06:39:23","guid":{"rendered":"https:\/\/www.europesays.com\/no\/105539\/"},"modified":"2025-12-06T06:39:23","modified_gmt":"2025-12-06T06:39:23","slug":"erlend-gjelsvik-ny-direktor-for-proff-monter-i-optimera","status":"publish","type":"post","link":"https:\/\/www.europesays.com\/no\/105539\/","title":{"rendered":"Erlend Gjelsvik ny direkt\u00f8r for Proff &#038; Mont\u00e9r i Optimera"},"content":{"rendered":"<p>\n        Ny direkt\u00f8r for Optimera Proff &amp; Mont\u00e9r, Erlend Gjelsvik.<br \/>\n        Foto: Optimera\n    <\/p>\n<p>    Erlend Gjelsvik begynte i trainee i Optimera i 2001, har g\u00e5tt gradene og er n\u00e5 ansatt som ny direkt\u00f8r for Proff &amp; Mont\u00e9r. Han g\u00e5r samtidig inn i toppledergruppen.<\/p>\n<p>             Mange bedrifter har tegnet bedriftsavtale hos oss.<br \/>\n<br \/>\nDen l\u00f8sningen gir alle med e-post inneholdende bedriftens maildomene tilgang.<br \/>\n<br \/>\nLurer du p\u00e5 om din bedrift har en bedriftsl\u00f8sning?<br \/>\n<br \/>\nSend oss en mail, s\u00e5 sjekker vi det ut for deg.<\/p>\n<p>Andre sp\u00f8rsm\u00e5l? <a href=\"https:\/\/www.bygg.no\/byggevarer-optimera-personalnytt\/ny-direktor-for-proff-monter-i-optimera\/mailto:digital@bygg.no\" rel=\"nofollow noopener\" target=\"_blank\">Kontakt oss<\/a><\/p>\n","protected":false},"excerpt":{"rendered":"Ny direkt\u00f8r for Optimera Proff &amp; Mont\u00e9r, Erlend Gjelsvik. Foto: Optimera Erlend Gjelsvik begynte i trainee i Optimera&hellip;\n","protected":false},"author":2,"featured_media":105540,"comment_status":"","ping_status":"","sticky":false,"template":"","format":"standard","meta":{"footnotes":""},"categories":[10],"tags":[20,21,24,25,15,22,23,13,30,28,29,14,16,26,27],"class_list":{"0":"post-105539","1":"post","2":"type-post","3":"status-publish","4":"format-standard","5":"has-post-thumbnail","7":"category-norge","8":"tag-breaking-news","9":"tag-breakingnews","10":"tag-featured-news","11":"tag-featurednews","12":"tag-headlines","13":"tag-latest-news","14":"tag-latestnews","15":"tag-news","16":"tag-no","17":"tag-norge","18":"tag-norway","19":"tag-nyheter","20":"tag-overskrifter","21":"tag-top-stories","22":"tag-topstories"},"share_on_mastodon":{"url":"https:\/\/pubeurope.com\/@no\/115671253863849804","error":""},"_links":{"self":[{"href":"https:\/\/www.europesays.com\/no\/wp-json\/wp\/v2\/posts\/105539","targetHints":{"allow":["GET"]}}],"collection":[{"href":"https:\/\/www.europesays.com\/no\/wp-json\/wp\/v2\/posts"}],"about":[{"href":"https:\/\/www.europesays.com\/no\/wp-json\/wp\/v2\/types\/post"}],"author":[{"embeddable":true,"href":"https:\/\/www.europesays.com\/no\/wp-json\/wp\/v2\/users\/2"}],"replies":[{"embeddable":true,"href":"https:\/\/www.europesays.com\/no\/wp-json\/wp\/v2\/comments?post=105539"}],"version-history":[{"count":0,"href":"https:\/\/www.europesays.com\/no\/wp-json\/wp\/v2\/posts\/105539\/revisions"}],"wp:featuredmedia":[{"embeddable":true,"href":"https:\/\/www.europesays.com\/no\/wp-json\/wp\/v2\/media\/105540"}],"wp:attachment":[{"href":"https:\/\/www.europesays.com\/no\/wp-json\/wp\/v2\/media?parent=105539"}],"wp:term":[{"taxonomy":"category","embeddable":true,"href":"https:\/\/www.europesays.com\/no\/wp-json\/wp\/v2\/categories?post=105539"},{"taxonomy":"post_tag","embeddable":true,"href":"https:\/\/www.europesays.com\/no\/wp-json\/wp\/v2\/tags?post=105539"}],"curies":[{"name":"wp","href":"https:\/\/api.w.org\/{rel}","templated":true}]}}