{"id":105562,"date":"2025-12-06T07:50:12","date_gmt":"2025-12-06T07:50:12","guid":{"rendered":"https:\/\/www.europesays.com\/no\/105562\/"},"modified":"2025-12-06T07:50:12","modified_gmt":"2025-12-06T07:50:12","slug":"hendelse-voldshendelse-voldshendelse-med-kniv-i-skien-to-tenaringer-til-sykehus","status":"publish","type":"post","link":"https:\/\/www.europesays.com\/no\/105562\/","title":{"rendered":"Hendelse, Voldshendelse | Voldshendelse med kniv i Skien: to ten\u00e5ringer til sykehus"},"content":{"rendered":"\n<p><b>Natt til l\u00f8rdag rykket politiet ut til Valeb\u00f8vegen i Skien eter melding om en voldshendelse utend\u00f8rs. Beskjeden de fikk var at kniv var involvert.<\/b><\/p>\n<p>\u2013 To menn i slutten av ten\u00e5rene er kj\u00f8rt til sykehus med kuttskader i henholdsvis h\u00e5nd og bein, opplyser operasjonsleder Marius Daffinrud Fosvold tidlig l\u00f8rdag morgen klokka 05:26.<\/p>\n<p><b>Politiet har p\u00e5grepet en mann i slutten av ten\u00e5rene som anmeldes for voldshandling.<\/b><\/p>\n<p>\u2013 Politiet har gjort en rekke etterforskningsskritt i saken og vil etterforske hendelsen utover dagen, informerer operasjonslederen.<\/p>\n<p>Voldshendelsen skal ha skjedd rundt 02:25 natt til l\u00f8rdag.<\/p>\n","protected":false},"excerpt":{"rendered":"Natt til l\u00f8rdag rykket politiet ut til Valeb\u00f8vegen i Skien eter melding om en voldshendelse utend\u00f8rs. Beskjeden de&hellip;\n","protected":false},"author":2,"featured_media":1273,"comment_status":"","ping_status":"","sticky":false,"template":"","format":"standard","meta":{"footnotes":""},"categories":[10],"tags":[36,20,21,24,25,15,1576,22,23,13,30,28,29,14,16,254,393,1510,26,27,1062],"class_list":{"0":"post-105562","1":"post","2":"type-post","3":"status-publish","4":"format-standard","5":"has-post-thumbnail","7":"category-norge","8":"tag-art","9":"tag-breaking-news","10":"tag-breakingnews","11":"tag-featured-news","12":"tag-featurednews","13":"tag-headlines","14":"tag-hendelse","15":"tag-latest-news","16":"tag-latestnews","17":"tag-news","18":"tag-no","19":"tag-norge","20":"tag-norway","21":"tag-nyheter","22":"tag-overskrifter","23":"tag-politi","24":"tag-skien","25":"tag-story","26":"tag-top-stories","27":"tag-topstories","28":"tag-voldshendelse"},"share_on_mastodon":{"url":"https:\/\/pubeurope.com\/@no\/115671533418555404","error":""},"_links":{"self":[{"href":"https:\/\/www.europesays.com\/no\/wp-json\/wp\/v2\/posts\/105562","targetHints":{"allow":["GET"]}}],"collection":[{"href":"https:\/\/www.europesays.com\/no\/wp-json\/wp\/v2\/posts"}],"about":[{"href":"https:\/\/www.europesays.com\/no\/wp-json\/wp\/v2\/types\/post"}],"author":[{"embeddable":true,"href":"https:\/\/www.europesays.com\/no\/wp-json\/wp\/v2\/users\/2"}],"replies":[{"embeddable":true,"href":"https:\/\/www.europesays.com\/no\/wp-json\/wp\/v2\/comments?post=105562"}],"version-history":[{"count":0,"href":"https:\/\/www.europesays.com\/no\/wp-json\/wp\/v2\/posts\/105562\/revisions"}],"wp:featuredmedia":[{"embeddable":true,"href":"https:\/\/www.europesays.com\/no\/wp-json\/wp\/v2\/media\/1273"}],"wp:attachment":[{"href":"https:\/\/www.europesays.com\/no\/wp-json\/wp\/v2\/media?parent=105562"}],"wp:term":[{"taxonomy":"category","embeddable":true,"href":"https:\/\/www.europesays.com\/no\/wp-json\/wp\/v2\/categories?post=105562"},{"taxonomy":"post_tag","embeddable":true,"href":"https:\/\/www.europesays.com\/no\/wp-json\/wp\/v2\/tags?post=105562"}],"curies":[{"name":"wp","href":"https:\/\/api.w.org\/{rel}","templated":true}]}}