{"id":105577,"date":"2025-12-06T08:05:23","date_gmt":"2025-12-06T08:05:23","guid":{"rendered":"https:\/\/www.europesays.com\/no\/105577\/"},"modified":"2025-12-06T08:05:23","modified_gmt":"2025-12-06T08:05:23","slug":"disse-skal-delta-i-vokteren","status":"publish","type":"post","link":"https:\/\/www.europesays.com\/no\/105577\/","title":{"rendered":"Disse skal delta i \u00abVokteren\u00bb"},"content":{"rendered":"<p>I fjor gjorde TV 2-programmet \u00abVokteren\u00bb braksuksess p\u00e5 kanalen.\u00a0<\/p>\n<p><a href=\"https:\/\/www.tv2.no\/underholdning\/her-skal-vokteren-spilles-inn\/17794143\/\" target=\"_blank\" rel=\"nofollow noopener\">Over 700.000 seere fulgte med<\/a> n\u00e5r 14 kjendiser skulle ta seg til Steintinden, 1392 meter over havet (moh.) i Narvik kommune.<\/p>\n<p><a href=\"https:\/\/www.tv2.no\/underholdning\/vant-vokteren-har-rorende-plan-for-pengepremien\/17197361\/\" target=\"_blank\" rel=\"nofollow noopener\">Tre av kjendisene kapret den delte f\u00f8rsteplassen<\/a>. Det var influenser Sebastian Solberg (34) og programlederne Anders Hoff (49) og Desta Marie Beeder (37) som reiste hjem med hver sin pengesum.<\/p>\n<p class=\"bold m-bold\" data-lab-font_weight=\"bold\">P\u00e5 ny\u00e5ret er den popul\u00e6re realityserien \u00abVokteren\u00bb tilbake \u2013 i en enda t\u00f8ffere og mer intens utgave.\u00a0<\/p>\n<p>M\u00e5let er \u00e5 bestige \u00abkongen av Sunnm\u00f8rsalpene\u00bb, ogs\u00e5 kjent som Kol\u00e5stinden (1432 moh.), der \u00e9n million kroner venter p\u00e5 toppen.\u00a0<\/p>\n<p class=\"bold m-bold\" data-lab-font_weight=\"bold\">Disse skal v\u00e6re med i \u00e5rets sesong:<\/p>\n<p>Snorre Klanderud<\/p>\n<p data-lab-font_weight=\"\">Alder: 30<\/p>\n<p>Yrke: Influenser\u00a0<\/p>\n<p>Klanderud er for mange kjent som \u00abSnorrepus\u00bb, og har de siste \u00e5rene gjort seg bemerket gjennom den kontroversielle YouTube-kanalen \u00abGutta\u00bb.<\/p>\n<p>        <img class=\"image__img lazyload\" itemprop=\"image\" title=\"Foto: Odd Arne Hartvigsen\/TV 2\" alt=\"SOSIALE MEDIER: Snorre Klanderud har blitt kjent for spesielt den yngre garden her til lands. Foto: Odd Arne Hartvigsen\/TV 2\" width=\"675\" height=\"453\" bad-src=\"https:\/\/www.europesays.com\/no\/wp-content\/uploads\/2025\/12\/18297730.webp\" fetchpriority=\"auto\" \/><\/p>\n<p>      SOSIALE MEDIER: Snorre Klanderud har blitt kjent for spesielt den yngre garden her til lands.<br \/>\n         Foto: Odd Arne Hartvigsen\/TV 2<\/p>\n<p>Influenseren er klar for \u00abVokteren\u00bb og forteller at han er veldig nasjonalromantisk av seg.<\/p>\n<p>\u2013 Jeg er veldig glad i norske fjell, og en ekspedisjon som dette har jeg hatt lyst til \u00e5 gj\u00f8re i all tid.\u00a0<\/p>\n<p>Mona Grudt<\/p>\n<p>Alder: 54<\/p>\n<p>Yrke: Journalist og modell\u00a0<\/p>\n<p>        <img class=\"image__img lazyload\" itemprop=\"image\" title=\"Foto: Odd Arne Hartvigsen\/TV 2\" alt=\"TILBAKE P\u00c5 SKJERMEN: Mona Grudt har deltatt i \u00abSkal vi danse\u00bb tidligere. Foto: Odd Arne Hartvigsen\/TV 2\" width=\"675\" height=\"453\" bad-src=\"https:\/\/www.europesays.com\/no\/wp-content\/uploads\/2025\/12\/18297802.webp\" fetchpriority=\"auto\" \/><\/p>\n<p>      TILBAKE P\u00c5 SKJERMEN: Mona Grudt har deltatt i \u00abSkal vi danse\u00bb tidligere.<br \/>\n         Foto: Odd Arne Hartvigsen\/TV 2<\/p>\n<p>Mona Grudt ble for alvor kjent da hun vant \u00abMiss Universe\u00bb i 1990. Hun forteller\u00a0at hun likte forrige sesong av \u00abVokteren\u00bb sv\u00e6rt godt, dermed kunne hun ikke la denne muligheten g\u00e5 fra henne.\u00a0<\/p>\n<p>\u2013 Det passet siden ungene begynner \u00e5 bli ten\u00e5ringer, og s\u00e5 liker jeg fysiske utfordringer, sier Grudt til TV 2.<\/p>\n<p>Mariann Thomassen\u00a0<\/p>\n<p>Alder: 46<\/p>\n<p>Yrke: Artist og DJ<\/p>\n<p>\u2013 Jeg elsker \u00e5 ha natur rundt meg!<\/p>\n<p>        <img class=\"image__img lazyload\" itemprop=\"image\" title=\"Foto: Odd Arne Hartvigsen \/ TV 2\" alt=\"GLAD: Mariann Thomassen er klar for \u00e5 tilbringe tiden i naturen. Foto: Odd Arne Hartvigsen \/ TV 2\" width=\"675\" height=\"453\" bad-src=\"https:\/\/www.europesays.com\/no\/wp-content\/uploads\/2025\/12\/18297878.webp\" fetchpriority=\"auto\" \/><\/p>\n<p>      GLAD: Mariann Thomassen er klar for \u00e5 tilbringe tiden i naturen.<br \/>\n         Foto: Odd Arne Hartvigsen \/ TV 2<\/p>\n<p>Det sier sunnm\u00f8ringen til TV 2, og legger til at hun er spent p\u00e5 b\u00e5de det fysiske og psykiske aspektet ved \u00abVokteren\u00bb. Tidligere har hun deltatt i \u00ab71 grader nord \u2013 Norges t\u00f8ffeste kjendis\u00bb.<\/p>\n<p>Om det er en fordel, er hun imidlertid ikke sikker p\u00e5.<\/p>\n<p>\u2013 N\u00e5 er jeg ti \u00e5r eldre, og jeg er p\u00e5 en helt annen plass i livet. Men jeg kan ikke sammenligne de to, sl\u00e5r Thomassen fast.\u00a0<\/p>\n<p>Isak Dreyer<\/p>\n<p>Alder: 31<\/p>\n<p>Yrke: Programleder og fisker<\/p>\n<p>        <img class=\"image__img lazyload\" itemprop=\"image\" title=\"Foto: Odd Arne Hartvigsen \/ TV 2\" alt=\"NORDLENDING: Isak Dreyer fra Tverlandet har v\u00e6rt med i en rekke TV-produksjoner. Foto: Odd Arne Hartvigsen \/ TV 2\" width=\"675\" height=\"453\" bad-src=\"https:\/\/www.europesays.com\/no\/wp-content\/uploads\/2025\/12\/18297896.webp\" fetchpriority=\"auto\" \/><\/p>\n<p>      NORDLENDING: Isak Dreyer fra Tverlandet har v\u00e6rt med i en rekke TV-produksjoner.<br \/>\n         Foto: Odd Arne Hartvigsen \/ TV 2<\/p>\n<p>Dreyer ble for alvor kjent da han vant NRK-programmet \u00abNorges t\u00f8ffeste\u00bb og har siden den gang medvirket i flere TV-programmer.\u00a0<\/p>\n<p class=\"bold m-bold\" data-lab-font_weight=\"bold\">Han forteller at han vil delta i \u00abVokteren\u00bb p\u00e5 grunn av \u00f8konomi:<\/p>\n<p>\u2013 Fordi det kan faktureres etterp\u00e5. Jeg har ingen andre forventninger enn at jeg f\u00e5r betalt for \u00e5 v\u00e6re med.<\/p>\n<p>Louise Angelica Riise\u00a0<\/p>\n<p>Alder: 35<\/p>\n<p>Yrke: Influenser\u00a0<\/p>\n<p>Riise er klar for \u00e5 utfordre seg selv, og programmets f\u00f8rste sesong s\u00e5 hun sammen med s\u00f8nnen, Colin (5). Han vet imidlertid ikke at mammaen skal delta i det innspillingen er i gang.<\/p>\n<p>\u2013 Jeg er redd for at han skal forsnakke seg i barnehagen, sier Riise med et glis om munnen.<\/p>\n<p>        <img class=\"image__img lazyload\" itemprop=\"image\" title=\"Foto: Odd Arne Hartvigsen \/ TV 2\" alt=\"HEMMELIG: Louise Angelica Riise venter med \u00e5 fortelle s\u00f8nnen, som hun har med eksmannen John Arne Riise (45), at hun skal delta i \u00abVokteren\u00bb. Foto: Odd Arne Hartvigsen \/ TV 2\" width=\"675\" height=\"453\" bad-src=\"https:\/\/www.europesays.com\/no\/wp-content\/uploads\/2025\/12\/18297970.webp\" fetchpriority=\"auto\" \/><\/p>\n<p>      HEMMELIG: Louise Angelica Riise venter med \u00e5 fortelle s\u00f8nnen, som hun har med eksmannen John Arne Riise (45), at hun skal delta i \u00abVokteren\u00bb.<br \/>\n         Foto: Odd Arne Hartvigsen \/ TV 2<\/p>\n<p>35-\u00e5ringen f\u00f8ler seg mentalt forberedt p\u00e5 oppholdet, men hun gruer seg til \u00e5 spille, og eventuelt m\u00e5tte dolke noen i ryggen.<\/p>\n<p>V\u00e5r Staude\u00a0<\/p>\n<p>Alder: 59<\/p>\n<p>Yrke: Programleder og journalist\u00a0<\/p>\n<p>\u00abHele\u00bb Norges V\u00e5r Staude er klar for \u00e5 innta \u00abVokteren\u00bb, og i fjor stakk hennes \u00abGod morgen Norge\u00bb-kollega Desta Marie Beeder (37) av med seieren.\u00a0<\/p>\n<p>        <img class=\"image__img lazyload\" itemprop=\"image\" title=\"Foto: Odd Arne Hartvigsen \/ TV 2\" alt=\"TV-VANT: V\u00e5r Staude har jobbet i TV 2 siden kanalens oppstart i 1992. I 2005 startet hun som programleder i \u00abGod morgen Norge\u00bb. Foto: Odd Arne Hartvigsen \/ TV 2\" width=\"675\" height=\"453\" bad-src=\"https:\/\/www.europesays.com\/no\/wp-content\/uploads\/2025\/12\/18298022.webp\" fetchpriority=\"auto\" \/><\/p>\n<p>      TV-VANT: V\u00e5r Staude har jobbet i TV 2 siden kanalens oppstart i 1992. I 2005 startet hun som programleder i \u00abGod morgen Norge\u00bb.<br \/>\n         Foto: Odd Arne Hartvigsen \/ TV 2<\/p>\n<p>Staude har tatt en god prat med Beeder i forberedelsene.<\/p>\n<p class=\"bold m-bold\" data-lab-font_weight=\"bold\">\u2013 Desta var en r\u00e5 spiller. Dette er som \u00e5 hoppe etter Wirkola, hun var jo legendarisk.\u00a0<\/p>\n<p data-lab-font_weight=\"\">If\u00f8lge Staude har kollegaen oppfordret henne til \u00e5 spille hardt. Samt \u00e5 finne spillere som kan hjelpe henne med \u00e5 komme langt.<\/p>\n<p> Alex Ros\u00e9n <\/p>\n<p>Alder: 57<\/p>\n<p>Yrke: Programleder og komiker\u00a0<\/p>\n<p>\u2013 Jeg elsker eventyr. Hver gang det skjer noe uforutsigbart, hvor man ikke helt vet hva som skjer, passer meg veldig godt, sier 57-\u00e5ringen til TV 2.<\/p>\n<p>        <img class=\"image__img lazyload\" itemprop=\"image\" title=\"Foto: Odd Arne Hartvigsen \/ TV 2\" alt=\"LIVLIG KAR: Alex Ros\u00e9n har v\u00e6rt en sentral skikkelse i norsk offentlighet i en \u00e5rrekke. Foto: Odd Arne Hartvigsen \/ TV 2\" width=\"675\" height=\"453\" bad-src=\"https:\/\/www.europesays.com\/no\/wp-content\/uploads\/2025\/12\/18298373.webp\" fetchpriority=\"auto\" \/><\/p>\n<p>      LIVLIG KAR: Alex Ros\u00e9n har v\u00e6rt en sentral skikkelse i norsk offentlighet i en \u00e5rrekke.<br \/>\n         Foto: Odd Arne Hartvigsen \/ TV 2<\/p>\n<p>Ros\u00e9n er for mange kjent for \u00e5 v\u00e6re en sprudlende type med smittende hum\u00f8r. Av \u00abVokteren\u00bb forventer den positive programlederen imidlertid kriser p\u00e5 rekke og rad.\u00a0<\/p>\n<p>Han understreker at han er et f\u00f8lelsesmenneske, og plutselig kan bli grinete uten at han selv skj\u00f8nner hvorfor.\u00a0<\/p>\n<p>Christopher Robin Omdahl<\/p>\n<p>Alder: 34<\/p>\n<p>Yrke: Programleder og youtuber\u00a0<\/p>\n<p>        <img class=\"image__img lazyload\" itemprop=\"image\" title=\"Foto: Odd Arne Hartvigsen\/TV 2\" alt=\"YOUTUBER: Christopher Robin Omdahl har brukt s\u00f8nnen i forberedelsene. Foto: Odd Arne Hartvigsen\/TV 2\" width=\"675\" height=\"453\" bad-src=\"https:\/\/www.europesays.com\/no\/wp-content\/uploads\/2025\/12\/18298392.webp\" fetchpriority=\"auto\" \/><\/p>\n<p>      YOUTUBER: Christopher Robin Omdahl har brukt s\u00f8nnen i forberedelsene.<br \/>\n         Foto: Odd Arne Hartvigsen\/TV 2<\/p>\n<p>Omdahl er kjent for mange gjennom gaming, og n\u00e5 er han klar for \u00e5 komme seg ut av spillbula si. Hjemme har han en s\u00f8nn p\u00e5 fire \u00e5r og kone, og for \u00e5 forberede seg til \u00abVokteren\u00bb har s\u00f8nnen blitt flittig brukt.<\/p>\n<p>\u2013 Han veier cirka like mye som sekken, s\u00e5 jeg har g\u00e5tt med han p\u00e5 skuldrene, sier Omdahl med et smil.<\/p>\n<p>Yasmin Mehmood<\/p>\n<p>Alder: 28<\/p>\n<p>Yrke: Radiovert\u00a0<\/p>\n<p>Mehmood jobber som programleder p\u00e5 P5 Hits, og hun legger ikke skjul p\u00e5 at naturen ikke er hennes bestevenn.<\/p>\n<p>\u2013 Jeg har aldri v\u00e6rt i naturen f\u00f8r, jeg har aldri teltet, sovet i hengek\u00f8ye eller g\u00e5tt topptur. Jeg har null erfaring med det vi skal gj\u00f8re.<\/p>\n<p>        <img class=\"image__img lazyload\" itemprop=\"image\" title=\"Foto: Odd Arne Hartvigsen \/ TV 2\" alt=\"ALDRI TELTET: Det blir mange nye utfordringer for Yasmin Mehmood i \u00abVokteren\u00bb. Foto: Odd Arne Hartvigsen \/ TV 2\" width=\"675\" height=\"453\" bad-src=\"https:\/\/www.europesays.com\/no\/wp-content\/uploads\/2025\/12\/18298439.webp\" fetchpriority=\"auto\" \/><\/p>\n<p>      ALDRI TELTET: Det blir mange nye utfordringer for Yasmin Mehmood i \u00abVokteren\u00bb.<br \/>\n         Foto: Odd Arne Hartvigsen \/ TV 2<\/p>\n<p>Dette er 28-\u00e5ringen sikker p\u00e5 at kommer til \u00e5 bli hennes st\u00f8rste svakhet i \u00abVokteren\u00bb, men hun er \u00e5pen for \u00e5 l\u00e6re. Dessuten h\u00e5per Mehmood at hun blir en del av et spill som kan gi henne nye vennskap.<\/p>\n<p>Cengiz Al<\/p>\n<p>Alder: 28<\/p>\n<p>Yrke: Skuespiller og danser\u00a0<\/p>\n<p>Denne h\u00f8sten er Al \u00e5 se som dommer i \u00abSkal vi danse\u00bb p\u00e5 TV 2. Han ble kjent i 2017 for sin rolle i folkefavoritten \u00abSkam\u00bb p\u00e5 NRK, og n\u00e5 er han klar for \u00e5 kjenne p\u00e5 adrenalin gjennom turen han skal legge ut p\u00e5.<\/p>\n<p>        <img class=\"image__img lazyload\" itemprop=\"image\" title=\"Foto: Odd Arne Hartvigsen \/ TV 2\" alt=\"DANSER: Cengiz Al bytter parketten med utmark i \u00abVokteren\u00bb. Foto: Odd Arne Hartvigsen \/ TV 2\" width=\"675\" height=\"453\" bad-src=\"https:\/\/www.europesays.com\/no\/wp-content\/uploads\/2025\/12\/18298494.webp\" fetchpriority=\"auto\" \/><\/p>\n<p>      DANSER: Cengiz Al bytter parketten med utmark i \u00abVokteren\u00bb.<br \/>\n         Foto: Odd Arne Hartvigsen \/ TV 2<\/p>\n<p>Selv beskriver han seg selv som en tilpasningsdyktig person, noe han \u00f8nsker \u00e5 bruke til sin fordel.<\/p>\n<p>\u2013 Man kan komme langt med det, tror Al.\u00a0<\/p>\n<p>Malene Elfrid Ingebrigtsen<\/p>\n<p>Alder: 23<\/p>\n<p>Yrke: Influenser\u00a0<\/p>\n<p>        <img class=\"image__img lazyload\" itemprop=\"image\" title=\"Foto: Odd Arne Hartvigsen \/ TV 2\" alt=\"REALITYJOMFRU: Dette blir Malene Elfrid Ingebrigtsens f\u00f8rste realitydeltakelse. Foto: Odd Arne Hartvigsen \/ TV 2\" width=\"675\" height=\"453\" bad-src=\"https:\/\/www.europesays.com\/no\/wp-content\/uploads\/2025\/12\/18298517.webp\" fetchpriority=\"auto\" \/><\/p>\n<p>      REALITYJOMFRU: Dette blir Malene Elfrid Ingebrigtsens f\u00f8rste realitydeltakelse.<br \/>\n         Foto: Odd Arne Hartvigsen \/ TV 2<\/p>\n<p>Programmets yngste deltaker er 23-\u00e5ringen fra Stokmarknes. Ingebrigtsen er kjent for \u00e5 legge ut humoristiske videosnutter, og dette er hennes f\u00f8rste realitydeltakelse.<\/p>\n<p>\u2013 Jeg har pr\u00f8vd \u00e5 forberede meg, men jeg vet ikke helt hva jeg skal forberede meg p\u00e5, innr\u00f8mmer Ingebrigtsen.<\/p>\n<p>Henrik Farley<\/p>\n<p>Alder: 33<\/p>\n<p>Yrke: Programleder og komiker\u00a0<\/p>\n<p>\u2013 Jeg f\u00f8ler at jeg har blitt en veldig by-person. Jeg var mye p\u00e5 telttur da jeg var yngre, s\u00e5 n\u00e5 tenkte jeg dette var en gyllen mulighet til \u00e5 komme tilbake til naturen.\u00a0<\/p>\n<p>Farley forteller at han ogs\u00e5 gleder seg til den psykologiske delen av spillet.<\/p>\n<p>        <img class=\"image__img lazyload\" itemprop=\"image\" title=\"Foto: Odd Arne Hartvigsen \/ TV 2\" alt=\"BY-PERSON: Henrik Farley skal bryne seg p\u00e5 naturen. Foto: Odd Arne Hartvigsen \/ TV 2\" width=\"675\" height=\"453\" bad-src=\"https:\/\/www.europesays.com\/no\/wp-content\/uploads\/2025\/12\/18298547.webp\" fetchpriority=\"auto\" \/><\/p>\n<p>      BY-PERSON: Henrik Farley skal bryne seg p\u00e5 naturen.<br \/>\n         Foto: Odd Arne Hartvigsen \/ TV 2<\/p>\n<p>Kristine Thybo-Hansen<\/p>\n<p>Alder: 34<\/p>\n<p>Yrke: TV-profil og jeger\u00a0<\/p>\n<p>Thybo-Hansen utgj\u00f8r halvparten av duoen \u00abJegertvillingene\u00bb sammen med sin tvillings\u00f8ster Johanne.<\/p>\n<p>Hun er vant med \u00e5 v\u00e6re i naturen, men hun tror ikke n\u00f8dvendigvis kan v\u00e6re en fordel.<\/p>\n<p>\u2013 Det er et sosialt spill som jeg tror jeg egentlig er j\u00e6vlig d\u00e5rlig p\u00e5, sier hun til TV 2 med en latter.\u00a0<\/p>\n<p>        <img class=\"image__img lazyload\" itemprop=\"image\" title=\"Foto: Odd Arne Hartvigsen \/ TV 2\" alt=\"D\u00c5RLIG: Kristine Thybo-Hansen er vant med natur, men med det sosiale spillet er det verre. Foto: Odd Arne Hartvigsen \/ TV 2\" width=\"675\" height=\"453\" bad-src=\"https:\/\/www.europesays.com\/no\/wp-content\/uploads\/2025\/12\/18298537.webp\" fetchpriority=\"auto\" \/><\/p>\n<p>      D\u00c5RLIG: Kristine Thybo-Hansen er vant med natur, men med det sosiale spillet er det verre.<br \/>\n         Foto: Odd Arne Hartvigsen \/ TV 2<\/p>\n<p>Thybo-Hansen elsker imidlertid \u00e5 spille spill, men p\u00e5peker at hun er en d\u00e5rlig taper.<\/p>\n<p>Simen Agdestein<\/p>\n<p>Alder: 58<\/p>\n<p>Yrke: Sjakkspiller og tidligere fotballspiller<\/p>\n<p>Agdestein har en lang karriere bak seg. I sine fotballdager spilte han p\u00e5 landslaget og Lyn, og sjakk-karrieren hans begynte for alvor p\u00e5 80-tallet.<\/p>\n<p>        <img class=\"image__img lazyload\" itemprop=\"image\" title=\"Foto: Odd Arne Hartvigsen \/ TV 2\" alt=\"SJAKK: Simen Agdestein er en av Norges fremste sjakkspillere. Foto: Odd Arne Hartvigsen \/ TV 2\" width=\"675\" height=\"453\" bad-src=\"https:\/\/www.europesays.com\/no\/wp-content\/uploads\/2025\/12\/18298541.webp\" fetchpriority=\"auto\" \/><\/p>\n<p>      SJAKK: Simen Agdestein er en av Norges fremste sjakkspillere.<br \/>\n         Foto: Odd Arne Hartvigsen \/ TV 2<\/p>\n<p>N\u00e5 h\u00e5per Agdestein \u00e5 f\u00e5 en kickstart p\u00e5 \u00e5 komme i gang med turer i fjellet \u2013 noe han gjorde mer av tidligere i livet.\u00a0<\/p>\n<p>\u2013 Jeg er litt nerv\u00f8s for fysiske skavanker som kan dukke opp, sier han til TV 2.<\/p>\n<p> \u00abVokteren\u00bb sesong 2 kommer p\u00e5 TV 2 Play og TV 2 Direkte torsdag 1. januar. <\/p>\n","protected":false},"excerpt":{"rendered":"I fjor gjorde TV 2-programmet \u00abVokteren\u00bb braksuksess p\u00e5 kanalen.\u00a0 Over 700.000 seere fulgte med n\u00e5r 14 kjendiser skulle&hellip;\n","protected":false},"author":2,"featured_media":105578,"comment_status":"","ping_status":"","sticky":false,"template":"","format":"standard","meta":{"footnotes":""},"categories":[5],"tags":[20,21,24,25,15,19,22,23,17,18,13,30,28,29,14,16,26,27],"class_list":{"0":"post-105577","1":"post","2":"type-post","3":"status-publish","4":"format-standard","5":"has-post-thumbnail","7":"category-overskrifter","8":"tag-breaking-news","9":"tag-breakingnews","10":"tag-featured-news","11":"tag-featurednews","12":"tag-headlines","13":"tag-hovedoppslag","14":"tag-latest-news","15":"tag-latestnews","16":"tag-main-news","17":"tag-mainnews","18":"tag-news","19":"tag-no","20":"tag-norge","21":"tag-norway","22":"tag-nyheter","23":"tag-overskrifter","24":"tag-top-stories","25":"tag-topstories"},"share_on_mastodon":{"url":"https:\/\/pubeurope.com\/@no\/115671592058330280","error":""},"_links":{"self":[{"href":"https:\/\/www.europesays.com\/no\/wp-json\/wp\/v2\/posts\/105577","targetHints":{"allow":["GET"]}}],"collection":[{"href":"https:\/\/www.europesays.com\/no\/wp-json\/wp\/v2\/posts"}],"about":[{"href":"https:\/\/www.europesays.com\/no\/wp-json\/wp\/v2\/types\/post"}],"author":[{"embeddable":true,"href":"https:\/\/www.europesays.com\/no\/wp-json\/wp\/v2\/users\/2"}],"replies":[{"embeddable":true,"href":"https:\/\/www.europesays.com\/no\/wp-json\/wp\/v2\/comments?post=105577"}],"version-history":[{"count":0,"href":"https:\/\/www.europesays.com\/no\/wp-json\/wp\/v2\/posts\/105577\/revisions"}],"wp:featuredmedia":[{"embeddable":true,"href":"https:\/\/www.europesays.com\/no\/wp-json\/wp\/v2\/media\/105578"}],"wp:attachment":[{"href":"https:\/\/www.europesays.com\/no\/wp-json\/wp\/v2\/media?parent=105577"}],"wp:term":[{"taxonomy":"category","embeddable":true,"href":"https:\/\/www.europesays.com\/no\/wp-json\/wp\/v2\/categories?post=105577"},{"taxonomy":"post_tag","embeddable":true,"href":"https:\/\/www.europesays.com\/no\/wp-json\/wp\/v2\/tags?post=105577"}],"curies":[{"name":"wp","href":"https:\/\/api.w.org\/{rel}","templated":true}]}}