{"id":105581,"date":"2025-12-06T08:07:07","date_gmt":"2025-12-06T08:07:07","guid":{"rendered":"https:\/\/www.europesays.com\/no\/105581\/"},"modified":"2025-12-06T08:07:07","modified_gmt":"2025-12-06T08:07:07","slug":"tre-duetter-i-maskorama-semifinalen-nrk-kultur-og-underholdning","status":"publish","type":"post","link":"https:\/\/www.europesays.com\/no\/105581\/","title":{"rendered":"Tre duetter i Maskorama semi\u00adfinalen \u2013 NRK Kultur og underholdning"},"content":{"rendered":"<p>Tre masker gjenst\u00e5r.<\/p>\n<p>Seks l\u00e5ter skal framf\u00f8res.<\/p>\n<p>Og p\u00e5 slutten av kvelden vil \u00e9n ryke ut av Maskorama.<\/p>\n<p>Denne l\u00f8rdagen skal maskene synge to l\u00e5ter hver, der den ene er duett med en kjent norsk artist!<\/p>\n<p>Dette er duettpartnerne <\/p>\n<p>Marionetten &#8211; Marcus &amp; Martinus<br \/>Hundevalpen &#8211; Lars Vaular<br \/>Brokkolien &#8211; Nora Jabri<\/p>\n<p><img decoding=\"async\"   src=\"data:image\/gif;base64,R0lGODlhAQABAIAAAAAAAP\/\/\/yH5BAEAAAAALAAAAAABAAEAAAIBRAA7\" loading=\"eager\" alt=\"Maskorama Brokkolien Hundevalpen Marionetten\" title=\"Foto: Espen Solli \/ Monster\/NRK\"\/><\/p>\n<p class=\"\">Hvem g\u00e5r videre av \u00abHundevalpen\u00bb, \u00abMarionetten\u00bb og \u00abBrokkolien\u00bb? <\/p>\n<p>Foto: Espen Solli \/ Monster\/NRK<\/p>\n<p>Tidligere vinnere<\/p>\n<p><a href=\"https:\/\/www.nrk.no\/norge\/marcus-og-martinus-vant-svenske-_maskorama_-1.15974952\" ec-id=\"pp:article:1.15974952\" ec-name=\"Marcus og Martinus vant svenske \u00abMaskorama\u00bb i 2022\" rel=\"nofollow noopener\" target=\"_blank\">Marcus og Martinus vant svenske \u00abMaskorama\u00bb i 2022<\/a>, og de har \u00e5penbart ikke f\u00e5tt nok av den maskerte konkurransen. N\u00e5 skal de synge med \u00abMarionetten\u00bb.<\/p>\n<p><strong>\u2013 Det kommer til \u00e5 bli unforgettable, forteller 23-\u00e5ringene.<\/strong><\/p>\n<p>Og det er nettopp den sangen de skal synge med \u00abMarionetten\u00bb \u2013 \u00abUnforgettable\u00bb av Marcus &amp; Martinus.<\/p>\n<p>\u2013 Vi m\u00e5 pr\u00f8ve \u00e5 inkludere Marionetten. S\u00e5 vi f\u00e5r se litt hvordan hun beveger seg ogs\u00e5, s\u00e5nn at vi blir en bra trio!<\/p>\n<p>\u2013 Det er noe annet \u00e5 synge under den maska \u2013 da m\u00e5 du ha mye st\u00f8rre bevegelse for \u00e5 formidle hva du synger om, forteller de tidligere vinnerne av svenske Maskorama.<\/p>\n<p><img decoding=\"async\"   src=\"data:image\/gif;base64,R0lGODlhAQABAIAAAAAAAP\/\/\/yH5BAEAAAAALAAAAAABAAEAAAIBRAA7\" loading=\"eager\" alt=\"Marcus og Martinus\" title=\"Foto: TT NYHETSBYR\u00c5N\"\/><\/p>\n<p class=\"\">Marcus &amp; Martinus fra da de vant svenske Maskorama. <\/p>\n<p>Foto: TT NYHETSBYR\u00c5N<\/p>\n<p>Rett opp og ned<\/p>\n<p>Hvis du er fan eller kommer fra Bergen, s\u00e5 kjenner du godt til han som v\u00e6re duettpartneren til \u00abHundevalpen\u00bb.<\/p>\n<p><strong>Lars Vaular er nemlig p\u00e5 menyen, og skal framf\u00f8re den elektriske rap\/techno sangen sin \u00abRett opp og ned\u00bb.<\/strong><\/p>\n<p>\u2013 Hvordan blir det \u00e5 synge l\u00e5ten din med en hund?<\/p>\n<p>\u2013 Det er nytt for meg \u00e5 spille den med noen andre i det hele tatt, s\u00e5 at den f\u00f8rste er en hund, det er ikke det verste. \u00abHundevalpen\u00bb har lagd en veldig kul versjon som jeg er stolt over \u00e5 f\u00e5 v\u00e6re med p\u00e5.<\/p>\n<p>\u2013 Hva kan vi forvente av deg og \u00abHundevalpen\u00bb?<\/p>\n<p>\u2013 Det blir jo fullt tr\u00f8kk, det. Vi har f\u00e5tt en god \u00f8ving n\u00e5, s\u00e5 jeg gleder meg veldig til \u00e5 spille. Hun kapret hjertet mitt, forteller bergenseren.<\/p>\n<p><img decoding=\"async\"   src=\"data:image\/gif;base64,R0lGODlhAQABAIAAAAAAAP\/\/\/yH5BAEAAAAALAAAAAABAAEAAAIBRAA7\" loading=\"eager\" alt=\"Lars Vaular sammen med \u00abhundehvalpen\u00bb\" title=\"\"\/><\/p>\n<p class=\"no-credit\">Lars Vaular har kommet godt overens med \u00abHundevalpen\u00bb. <\/p>\n<p>Backup fra MGP<\/p>\n<p>I 2014 vant hun \u00abStjernekamp\u00bb, i \u00e5r var hun med i Melodi Grand Prix 2025.<\/p>\n<p>\u00abBrokkolien\u00bb skal synge duetten sin sammen med Nora Jabri!<\/p>\n<p>Dette blir den eneste opptreden som ikke bruker en sang som duettpartneren har laget selv. \u00abBrokkolien\u00bb og Nora Jabri skal nemlig framf\u00f8re \u00abGolden\u00bb av Huntr\/X fra den ferske og utrolig popul\u00e6re filmen <a href=\"https:\/\/www.nrk.no\/filmpolitiet\/anmeldelse_-_kpop_-demonjegerne_-1.17549734\" ec-id=\"pp:article:1.17549734\" ec-name=\"Kpop: Demonjegerne!\" rel=\"nofollow noopener\" target=\"_blank\">Kpop: Demonjegerne!<\/a><\/p>\n<p>\u2013 Jeg gleder meg veldig. Dette er et univers jeg ikke har sett eller opplevd f\u00f8r. Det er merkelig fra du g\u00e5r inn i det og til du kommer ut av det. Et univers som ikke eksisterer noen andre steder enn akkurat her, og det er veldig g\u00f8y, forklarer 29-\u00e5ringen.<\/p>\n<p><img decoding=\"async\"   src=\"data:image\/gif;base64,R0lGODlhAQABAIAAAAAAAP\/\/\/yH5BAEAAAAALAAAAAABAAEAAAIBRAA7\" loading=\"eager\" alt=\"Brokkolien og Nora Jabri tar en selfie p\u00e5 \u00abMaskorama\u00bb.\" title=\"Foto: NRK\"\/><\/p>\n<p class=\"\">Nora Jabri lover full pakke med \u00abBrokkolien\u00bb i kveld. <\/p>\n<p>Foto: NRK<\/p>\n<p>\u2013 \u00abBrokkolien\u00bb har et utrolig s\u00e6rpreg i stemmen sin. Og det er veldig tydelig at dette er et teknisk menneske som kan \u00e5 pushe seg opp til dit han vil v\u00e6re. I kveld blir det show, action og masse h\u00f8ye toner!<\/p>\n<p>Hun forteller videre at det var litt rart \u00e5 treffe \u00abBrokkolien\u00bb.<\/p>\n<p>\u2013 Vi har hatt dialog via kroppsspr\u00e5k som vi begge er veldig gode p\u00e5. Det f\u00f8les som det er en veldig naturlig person bak maska, avslutter Jabri.<\/p>\n<p>En deltaker mindre<\/p>\n<p>Det som ellers ville v\u00e6rt en semifinale med fire deltakere, er n\u00e5 kuttet ned til tre.<\/p>\n<p>Grunnen til det er fordi <a href=\"http:\/\/www.nrk.no\/anmeldelser\/anmeldelse_-maskorama-2025-_-episode-3-1.17660798\" ec-id=\"pp:article:1.17660798\" ec-name=\"Sophie Elise\/ \u00abOrken\u00bb trakk seg fra programmet\" rel=\"nofollow noopener\" target=\"_blank\">Sophie Elise\/ \u00abOrken\u00bb trakk seg fra programmet<\/a> for to uker siden, p\u00e5 grunn av sykdom.<\/p>\n<p>Hvem g\u00e5r videre til finalen? Blir det \u00abBrokkolien\u00bb, \u00abHundevalpen\u00bb eller \u00abMarionetten\u00bb som m\u00e5 AV MED MASKA f\u00f8r siste forestilling?<\/p>\n<p>F\u00f8lg med i <a href=\"https:\/\/tv.nrk.no\/serie\/maskorama\" ec-id=\"tv:series:maskorama\" ec-name=\"NRK TV\" rel=\"nofollow noopener\" target=\"_blank\">NRK TV<\/a> fra kl. 19.45!<\/p>\n<p><img decoding=\"async\"   src=\"data:image\/gif;base64,R0lGODlhAQABAIAAAAAAAP\/\/\/yH5BAEAAAAALAAAAAABAAEAAAIBRAA7\" loading=\"eager\" alt=\"Sophie Elise i et orkekostyme uten maske p\u00e5 i Maskorama\" title=\"Foto: Espen Solli \/ Monster \/ NRK\"\/><\/p>\n<p class=\"\">\u00abOrken\u00bb trakk seg fra programmet, og avsl\u00f8rte Sofie \u00abSophie Elise\u00bb Steen Isachsen.<\/p>\n<p>Foto: Espen Solli \/ Monster \/ NRK<\/p>\n<p>Dette synger de sammen<\/p>\n<ul>\n<li><strong>Marionetten og Marcus &amp; Martinus:<\/strong> Unforgettable &#8211; Marcus &amp; Martinus<\/li>\n<li><strong>Hundevalpen og Lars Vaular:<\/strong> Rett opp og ned &#8211; Lars Vaular<\/li>\n<li><strong>Brokkolien og Nora Jabri:<\/strong> Golden &#8211; Huntr\/X<\/li>\n<\/ul>\n<p>Publisert<\/p>\n<p>06.12.2025, kl. 08.00<\/p>\n<p>Oppdatert<\/p>\n<p>06.12.2025, kl. 08.35<\/p>\n","protected":false},"excerpt":{"rendered":"Tre masker gjenst\u00e5r. Seks l\u00e5ter skal framf\u00f8res. Og p\u00e5 slutten av kvelden vil \u00e9n ryke ut av Maskorama.&hellip;\n","protected":false},"author":2,"featured_media":105582,"comment_status":"","ping_status":"","sticky":false,"template":"","format":"standard","meta":{"footnotes":""},"categories":[58],"tags":[71,30,28,29,72],"class_list":{"0":"post-105581","1":"post","2":"type-post","3":"status-publish","4":"format-standard","5":"has-post-thumbnail","7":"category-underholdning","8":"tag-entertainment","9":"tag-no","10":"tag-norge","11":"tag-norway","12":"tag-underholdning"},"share_on_mastodon":{"url":"https:\/\/pubeurope.com\/@no\/115671599904106879","error":""},"_links":{"self":[{"href":"https:\/\/www.europesays.com\/no\/wp-json\/wp\/v2\/posts\/105581","targetHints":{"allow":["GET"]}}],"collection":[{"href":"https:\/\/www.europesays.com\/no\/wp-json\/wp\/v2\/posts"}],"about":[{"href":"https:\/\/www.europesays.com\/no\/wp-json\/wp\/v2\/types\/post"}],"author":[{"embeddable":true,"href":"https:\/\/www.europesays.com\/no\/wp-json\/wp\/v2\/users\/2"}],"replies":[{"embeddable":true,"href":"https:\/\/www.europesays.com\/no\/wp-json\/wp\/v2\/comments?post=105581"}],"version-history":[{"count":0,"href":"https:\/\/www.europesays.com\/no\/wp-json\/wp\/v2\/posts\/105581\/revisions"}],"wp:featuredmedia":[{"embeddable":true,"href":"https:\/\/www.europesays.com\/no\/wp-json\/wp\/v2\/media\/105582"}],"wp:attachment":[{"href":"https:\/\/www.europesays.com\/no\/wp-json\/wp\/v2\/media?parent=105581"}],"wp:term":[{"taxonomy":"category","embeddable":true,"href":"https:\/\/www.europesays.com\/no\/wp-json\/wp\/v2\/categories?post=105581"},{"taxonomy":"post_tag","embeddable":true,"href":"https:\/\/www.europesays.com\/no\/wp-json\/wp\/v2\/tags?post=105581"}],"curies":[{"name":"wp","href":"https:\/\/api.w.org\/{rel}","templated":true}]}}