{"id":105586,"date":"2025-12-06T08:15:18","date_gmt":"2025-12-06T08:15:18","guid":{"rendered":"https:\/\/www.europesays.com\/no\/105586\/"},"modified":"2025-12-06T08:15:18","modified_gmt":"2025-12-06T08:15:18","slug":"vokteren-mona-grudt-enda-toffere-og-intenst-dette-er-vokteren-deltakerne","status":"publish","type":"post","link":"https:\/\/www.europesays.com\/no\/105586\/","title":{"rendered":"Vokteren, Mona Grudt | \u00abEnda t\u00f8ffere og intenst\u00bb: Dette er \u00abVokteren\u00bb-deltakerne"},"content":{"rendered":"\n<p>Allerede 1. januar er TV 2-programmet \u00abVokteren\u00bb tilbake p\u00e5 TV-skjermen. Denne gang blir konkurransen enda t\u00f8ffere og mer intens, r\u00f8per TV 2.<\/p>\n<p>I \u00e5rets sesong sendes 14 nye kjendiser ut p\u00e5 et r\u00e5tt eventyr i den norske villmarken. P\u00e5 vei mot Kol\u00e5stinden (1432 moh.) m\u00e5 deltakerne man\u00f8vrere gjennom krevende terreng og uforutsigbart v\u00e6r. Samtidig f\u00e5r de b\u00e5de mot, styrke og moral satt p\u00e5 harde pr\u00f8ver.<\/p>\n<p>   <img decoding=\"async\" width=\"4384\" height=\"3042\" fetchpriority=\"low\"  loading=\"lazy\"  src=\"https:\/\/www.europesays.com\/no\/wp-content\/uploads\/2025\/12\/Vokterens2.jpg\" alt=\"\" class=\"brick-c-cFOWSL\" style=\"--brick-image-ratio: 4384 \/ 3042;\"\/><\/p>\n<p>      SESONG TO: I den andre sesongen av \u00abVokteren\u00bb m\u00f8ter vi et bredt spekter av kjendiser.<br \/>\n      Foto: Haakon Lundkvist\n    <\/p>\n<p><b>Les ogs\u00e5: <a href=\"https:\/\/www.nettavisen.no\/kjendis\/israel-far-lov-til-a-delta-i-eurovision-er-dette-begynnelsen-pa-slutten\/s\/5-95-2763801\" rel=\"Follow nofollow noopener\" target=\"_blank\">Sterke reaksjoner: \u2013 G\u00e5r ned i historien som noe veldig stygt<\/a><\/b><\/p>\n<p>Presset \u00f8ker for hver etappe \u2013 og bare et f\u00e5tall klarer \u00e5 holde hodet kaldt lenge nok til \u00e5 n\u00e5 toppen, hvor \u00e9n million kroner venter.<\/p>\n<p>    Vil du se neste video?<\/p>\n<p>    <a href=\"https:\/\/www.nettavisen.no\/nyheter\/dronefabrikk-i-kyiv-ble-truffet-av-russisk-droneangrep-midt-pa-natta\/v\/5-95-2741746\" class=\"recommend-poster\" data-adp-clicklabel=\"video-recommend\" data-adp-clickvalue=\"poster\" rel=\"nofollow noopener\" target=\"_blank\"><br \/>\n      <img decoding=\"async\" width=\"200\" height=\"200\" loading=\"lazy\" src=\"https:\/\/www.europesays.com\/no\/wp-content\/uploads\/2025\/12\/25-11-04+SkyAssist+Igor.jpg\" alt=\"\" class=\"brick-c-cFOWSL\" style=\"--brick-image-ratio: 200 \/ 200;\"\/><\/p>\n<p>P\u00e5f\u00f8rt Putin enorme tap: Millioner p\u00e5 millioner1:59<\/p>\n<p>    <\/a><\/p>\n<p>Produksjonen skrur ogs\u00e5 opp temperaturen gruppen. Spillet mellom deltakerne blir t\u00f8ffere, og valgene de tar underveis kan f\u00e5 store konsekvenser. Over det hele ruver den mystiske Vokteren, som er mer aktiv enn tidligere og stadig dukker opp med nye twister, utfordringer og mentalt krevende oppdrag.<\/p>\n<p>Dette er \u00e5rets deltakere:<\/p>\n<p><b>Mona Grudt (54), modell og TV-profil <\/b><\/p>\n<p>   <img decoding=\"async\" width=\"8192\" height=\"5464\" fetchpriority=\"low\"  loading=\"lazy\"  src=\"https:\/\/www.europesays.com\/no\/wp-content\/uploads\/2025\/12\/Mona+vokter.jpg\" alt=\"\" class=\"brick-c-cFOWSL\" style=\"--brick-image-ratio: 8192 \/ 5464;\"\/><\/p>\n<p>      Foto: Haakon Lundkvist (TV 2)\n    <\/p>\n<p><b>Alex Ros\u00e9n (57), TV-profil <\/b><\/p>\n<p>   <img decoding=\"async\" width=\"8192\" height=\"5464\" fetchpriority=\"low\"  loading=\"lazy\"  src=\"https:\/\/www.europesays.com\/no\/wp-content\/uploads\/2025\/12\/Alexvokter.jpg\" alt=\"\" class=\"brick-c-cFOWSL\" style=\"--brick-image-ratio: 8192 \/ 5464;\"\/><\/p>\n<p>      Foto: Haakon Lundkvist (TV 2)\n    <\/p>\n<p><b>Louise Angelica Riise (35), influenser <\/b><\/p>\n<p>   <img decoding=\"async\" width=\"8192\" height=\"5464\" fetchpriority=\"low\"  loading=\"lazy\"  src=\"https:\/\/www.europesays.com\/no\/wp-content\/uploads\/2025\/12\/Louisevokter.jpg\" alt=\"\" class=\"brick-c-cFOWSL\" style=\"--brick-image-ratio: 8192 \/ 5464;\"\/><\/p>\n<p>      Foto: Haakon Lundkvist (TV 2)\n    <\/p>\n<p><b>Cengiz Al (28), skuespiller og TV-profil <\/b><\/p>\n<p>   <img decoding=\"async\" width=\"8192\" height=\"5464\" fetchpriority=\"low\"  loading=\"lazy\"  src=\"https:\/\/www.europesays.com\/no\/wp-content\/uploads\/2025\/12\/Cengizvokter.jpg\" alt=\"\" class=\"brick-c-cFOWSL\" style=\"--brick-image-ratio: 8192 \/ 5464;\"\/><\/p>\n<p><b>V\u00e5r Staude (59), programleder <\/b><\/p>\n<p>   <img decoding=\"async\" width=\"8192\" height=\"5464\" fetchpriority=\"low\"  loading=\"lazy\"  src=\"https:\/\/www.europesays.com\/no\/wp-content\/uploads\/2025\/12\/V%C3%A5r+vokteren.jpg\" alt=\"\" class=\"brick-c-cFOWSL\" style=\"--brick-image-ratio: 8192 \/ 5464;\"\/><\/p>\n<p><b>Isak Dreyer (31), TV-profil <\/b><\/p>\n<p>   <img decoding=\"async\" width=\"8192\" height=\"5464\" fetchpriority=\"low\"  loading=\"lazy\"  src=\"https:\/\/www.europesays.com\/no\/wp-content\/uploads\/2025\/12\/Isakvokter.jpg\" alt=\"\" class=\"brick-c-cFOWSL\" style=\"--brick-image-ratio: 8192 \/ 5464;\"\/><\/p>\n<p><b>Mariann Thomassen (46), artist <\/b><\/p>\n<p>   <img decoding=\"async\" width=\"8192\" height=\"5464\" fetchpriority=\"low\"  loading=\"lazy\"  src=\"https:\/\/www.europesays.com\/no\/wp-content\/uploads\/2025\/12\/Mariannvokter.jpg\" alt=\"\" class=\"brick-c-cFOWSL\" style=\"--brick-image-ratio: 8192 \/ 5464;\"\/><\/p>\n<p><b>Christopher Robin Omdahl (34), programleder og Youtuber <\/b><\/p>\n<p>   <img decoding=\"async\" width=\"8192\" height=\"5464\" fetchpriority=\"low\"  loading=\"lazy\"  src=\"https:\/\/www.europesays.com\/no\/wp-content\/uploads\/2025\/12\/Chrisvokter.jpg\" alt=\"\" class=\"brick-c-cFOWSL\" style=\"--brick-image-ratio: 8192 \/ 5464;\"\/><\/p>\n<p><b>Kristine Thybo-Hansen (34), TV-profil <\/b><\/p>\n<p>   <img decoding=\"async\" width=\"8192\" height=\"5464\" fetchpriority=\"low\"  loading=\"lazy\"  src=\"https:\/\/www.europesays.com\/no\/wp-content\/uploads\/2025\/12\/Kristinevokter.jpg\" alt=\"\" class=\"brick-c-cFOWSL\" style=\"--brick-image-ratio: 8192 \/ 5464;\"\/><\/p>\n<p><b>Snorre Klanderud (30), influenser <\/b><\/p>\n<p>   <img decoding=\"async\" width=\"8192\" height=\"5464\" fetchpriority=\"low\"  loading=\"lazy\"  src=\"https:\/\/www.europesays.com\/no\/wp-content\/uploads\/2025\/12\/Snorrevokter.jpg\" alt=\"\" class=\"brick-c-cFOWSL\" style=\"--brick-image-ratio: 8192 \/ 5464;\"\/><\/p>\n<p><b>Yasmin Mehmood (28), programleder <\/b><\/p>\n<p>   <img decoding=\"async\" width=\"8192\" height=\"5464\" fetchpriority=\"low\"  loading=\"lazy\"  src=\"https:\/\/www.europesays.com\/no\/wp-content\/uploads\/2025\/12\/Yasvokter.jpg\" alt=\"\" class=\"brick-c-cFOWSL\" style=\"--brick-image-ratio: 8192 \/ 5464;\"\/><\/p>\n<p><b>Henrik Farley (33), komiker <\/b><\/p>\n<p>   <img decoding=\"async\" width=\"8192\" height=\"5464\" fetchpriority=\"low\"  loading=\"lazy\"  src=\"https:\/\/www.europesays.com\/no\/wp-content\/uploads\/2025\/12\/Henrikvokter.jpg\" alt=\"\" class=\"brick-c-cFOWSL\" style=\"--brick-image-ratio: 8192 \/ 5464;\"\/><\/p>\n<p><b>Malene Elfrid Ingebrigtsen (23), influenser<\/b><\/p>\n<p>   <img decoding=\"async\" width=\"8192\" height=\"5464\" fetchpriority=\"low\"  loading=\"lazy\"  src=\"https:\/\/www.europesays.com\/no\/wp-content\/uploads\/2025\/12\/Malenevokter.jpg\" alt=\"\" class=\"brick-c-cFOWSL\" style=\"--brick-image-ratio: 8192 \/ 5464;\"\/><\/p>\n<p><b>Simen Agdestein (58), sjakktrener<\/b><\/p>\n<p>   <img decoding=\"async\" width=\"8192\" height=\"5464\" fetchpriority=\"low\"  loading=\"lazy\"  src=\"https:\/\/www.europesays.com\/no\/wp-content\/uploads\/2025\/12\/Simenvokter.jpg\" alt=\"\" class=\"brick-c-cFOWSL\" style=\"--brick-image-ratio: 8192 \/ 5464;\"\/><\/p>\n<p>  \u2013 Tar konseptet til nye h\u00f8yder \u2013 bokstavelig talt<\/p>\n<p>I pressemeldingen skriver TV 2 at de har lyttet til seernes tilbakemeldinger etter fjor\u00e5rets sesong.<\/p>\n<p>\u2013 Vi er stolte av \u00e5 presentere en ny sesong av \u00abVokteren\u00bb som tar konseptet til nye h\u00f8yder \u2013 bokstavelig talt. Med en optimal blanding av deltakere som vi tror vil appellere til et bredt publikum og storsl\u00e5tte naturkulisser p\u00e5 Vestlandet, kan vi love en sesong med engasjerende innhold.<\/p>\n<p>Det sier programdirekt\u00f8r i TV 2, Trygve R\u00f8nningen.<\/p>\n<p>\u2013 Vi h\u00e5per og tror at b\u00e5de det sosiale spillet og de fysiske og mentale utfordringene vil fenge seerne fra start til slutt, sier R\u00f8nningen.<\/p>\n<p><b>Sesong to av \u00abVokteren\u00bb har premiere p\u00e5 TV 2, 1. januar 2026. <\/b><\/p>\n","protected":false},"excerpt":{"rendered":"Allerede 1. januar er TV 2-programmet \u00abVokteren\u00bb tilbake p\u00e5 TV-skjermen. Denne gang blir konkurransen enda t\u00f8ffere og mer&hellip;\n","protected":false},"author":2,"featured_media":105587,"comment_status":"","ping_status":"","sticky":false,"template":"","format":"standard","meta":{"footnotes":""},"categories":[58],"tags":[71,30,28,29,72],"class_list":{"0":"post-105586","1":"post","2":"type-post","3":"status-publish","4":"format-standard","5":"has-post-thumbnail","7":"category-underholdning","8":"tag-entertainment","9":"tag-no","10":"tag-norge","11":"tag-norway","12":"tag-underholdning"},"share_on_mastodon":{"url":"https:\/\/pubeurope.com\/@no\/115671631624641511","error":""},"_links":{"self":[{"href":"https:\/\/www.europesays.com\/no\/wp-json\/wp\/v2\/posts\/105586","targetHints":{"allow":["GET"]}}],"collection":[{"href":"https:\/\/www.europesays.com\/no\/wp-json\/wp\/v2\/posts"}],"about":[{"href":"https:\/\/www.europesays.com\/no\/wp-json\/wp\/v2\/types\/post"}],"author":[{"embeddable":true,"href":"https:\/\/www.europesays.com\/no\/wp-json\/wp\/v2\/users\/2"}],"replies":[{"embeddable":true,"href":"https:\/\/www.europesays.com\/no\/wp-json\/wp\/v2\/comments?post=105586"}],"version-history":[{"count":0,"href":"https:\/\/www.europesays.com\/no\/wp-json\/wp\/v2\/posts\/105586\/revisions"}],"wp:featuredmedia":[{"embeddable":true,"href":"https:\/\/www.europesays.com\/no\/wp-json\/wp\/v2\/media\/105587"}],"wp:attachment":[{"href":"https:\/\/www.europesays.com\/no\/wp-json\/wp\/v2\/media?parent=105586"}],"wp:term":[{"taxonomy":"category","embeddable":true,"href":"https:\/\/www.europesays.com\/no\/wp-json\/wp\/v2\/categories?post=105586"},{"taxonomy":"post_tag","embeddable":true,"href":"https:\/\/www.europesays.com\/no\/wp-json\/wp\/v2\/tags?post=105586"}],"curies":[{"name":"wp","href":"https:\/\/api.w.org\/{rel}","templated":true}]}}